{"id":30645,"date":"2023-01-19T06:35:55","date_gmt":"2023-01-19T09:35:55","guid":{"rendered":"https:\/\/www.ilheusnoticias.net.br\/v1\/?p=30645"},"modified":"2023-01-19T06:35:55","modified_gmt":"2023-01-19T09:35:55","slug":"governo-bolsonaro-liberou-em-media-619-novas-armas-por-dia-para-cacs-47-dos-registros-foram-em-2022","status":"publish","type":"post","link":"https:\/\/www.ilheusnoticias.net.br\/v1\/2023\/01\/19\/governo-bolsonaro-liberou-em-media-619-novas-armas-por-dia-para-cacs-47-dos-registros-foram-em-2022\/","title":{"rendered":"Governo Bolsonaro liberou em m\u00e9dia 619 novas armas por dia para CACs; 47% dos registros foram em 2022"},"content":{"rendered":"<div class=\"row content-head non-featured \">\n<div class=\"title\" data-block-type=\"title\" data-block-id=\"0\">\n<h1 class=\"content-head__title\"><span style=\"font-size: 16px;\">Dados do Ex\u00e9rcito obtidos pelo g1 mostram que, nos quatro anos de mandato do ex-presidente, foram concedidos 904 mil novos registros de armas para ca\u00e7adores, atiradores e colecionadores.<\/span><\/h1>\n<\/div>\n<\/div>\n<div class=\"content__signa-share\">\n<div class=\"content__signature\">\n<div class=\"content-publication-data\">\n<div class=\"content-publication-data__text\">\n<p class=\"content-publication-data__from\" title=\"Arthur Stabile, g1\">Por Arthur Stabile, g1<\/p>\n<p class=\"content-publication-data__updated\">\n<\/div>\n<\/div>\n<\/div>\n<\/div>\n<div class=\"mc-article-body\">\n<article>\n<div id=\"chunk-s55j\">\n<div class=\"row medium-uncollapsed content-media content-photo\" data-block-type=\"backstage-photo\" data-block-id=\"1\">\n<div class=\"mc-column content-media__container\">\n<div class=\"content-media-container glb-skeleton-box\">\n<figure class=\"content-media-figure\"><img class=\"i-amphtml-fill-content i-amphtml-replaced-content\" src=\"https:\/\/s2.glbimg.com\/uK4WPYf33HTJYeF7AcVLeoMVdk0=\/0x0:1024x645\/984x0\/smart\/filters:strip_icc()\/i.s3.glbimg.com\/v1\/AUTH_59edd422c0c84a879bd37670ae4f538a\/internal_photos\/bs\/2021\/r\/1\/14OAG3Q7uz6jmNuM7NgA\/000-9me6nm.jpg\" sizes=\"(max-width: 1366px) 648px, 100vw\" srcset=\"https:\/\/s2.glbimg.com\/_NhwpYXFT10_jk5Q_IfQFoVqNh4=\/0x0:1024x645\/1000x0\/smart\/filters:strip_icc()\/i.s3.glbimg.com\/v1\/AUTH_59edd422c0c84a879bd37670ae4f538a\/internal_photos\/bs\/2021\/r\/1\/14OAG3Q7uz6jmNuM7NgA\/000-9me6nm.jpg 1000w, https:\/\/s2.glbimg.com\/uK4WPYf33HTJYeF7AcVLeoMVdk0=\/0x0:1024x645\/984x0\/smart\/filters:strip_icc()\/i.s3.glbimg.com\/v1\/AUTH_59edd422c0c84a879bd37670ae4f538a\/internal_photos\/bs\/2021\/r\/1\/14OAG3Q7uz6jmNuM7NgA\/000-9me6nm.jpg 984w, https:\/\/s2.glbimg.com\/ImAIx2ijkDS5vba8AS1i9wfVb8E=\/0x0:1024x645\/640x0\/smart\/filters:strip_icc()\/i.s3.glbimg.com\/v1\/AUTH_59edd422c0c84a879bd37670ae4f538a\/internal_photos\/bs\/2021\/r\/1\/14OAG3Q7uz6jmNuM7NgA\/000-9me6nm.jpg 640w, https:\/\/s2.glbimg.com\/ikhLrEXGpL9H6Vx0_vcQHPD0xJw=\/0x0:1024x645\/600x0\/smart\/filters:strip_icc()\/i.s3.glbimg.com\/v1\/AUTH_59edd422c0c84a879bd37670ae4f538a\/internal_photos\/bs\/2021\/r\/1\/14OAG3Q7uz6jmNuM7NgA\/000-9me6nm.jpg 600w\" alt=\"Bolsonaro durante protesto de 7 de Setembro na Avenida Paulista, em S\u00e3o Paulo \u2014 Foto: PAULO LOPES \/ AFP\" \/><\/figure>\n<\/div>\n<p class=\"content-media__description \">Bolsonaro durante protesto de 7 de Setembro na Avenida Paulista, em S\u00e3o Paulo \u2014 Foto: PAULO LOPES \/ AFP<\/p>\n<\/div>\n<\/div>\n<\/div>\n<div id=\"chunk-305rg\">\n<div class=\"mc-column content-text active-extra-styles \" data-block-type=\"unstyled\" data-block-weight=\"58\" data-block-id=\"3\">\n<p class=\"content-text__container \" data-track-category=\"Link no Texto\" data-track-links=\"\">O governo de Jair Bolsonaro (PL) concedeu em m\u00e9dia\u00a0<span class=\"highlight highlighted\">691 registros de novas armas por dia para CACs<\/span>\u00a0(grupo formado por ca\u00e7adores, atiradores e colecionadores) nos quatro anos de mandato do ex-presidente. Foram ao todo 904.858 registros para aquisi\u00e7\u00e3o de armas entre 2019 e 2022, indicam dados do Ex\u00e9rcito obtidos pelo\u00a0<strong>g1\u00a0<\/strong>via Lei de Acesso \u00e0 Informa\u00e7\u00e3o.<\/p>\n<\/div>\n<\/div>\n<div class=\"wall protected-content\">\n<div id=\"chunk-be4r4\">\n<div class=\"mc-column content-text active-extra-styles \" data-block-type=\"unstyled\" data-block-weight=\"45\" data-block-id=\"4\">\n<p class=\"content-text__container \" data-track-category=\"Link no Texto\" data-track-links=\"\">Esta \u00e9 a primeira vez em que \u00e9 divulgado o total de novas armas liberadas por Bolsonaro em todo o seu mandato, desde a posse, em 1\u00ba de janeiro de 2019, at\u00e9 dezembro de 2022. Bolsonaro tinha entre suas principais pautas o armamento da popula\u00e7\u00e3o.<\/p>\n<\/div>\n<\/div>\n<div id=\"chunk-8l844\">\n<div class=\"mc-column content-text active-extra-styles \" data-block-type=\"unstyled\" data-block-weight=\"27\" data-block-id=\"7\">\n<p class=\"content-text__container \" data-track-category=\"Link no Texto\" data-track-links=\"\">Os registros concedidos aos CACs ao longo do governo Bolsonaro representam a libera\u00e7\u00e3o de 26 novas armas por hora no pa\u00eds nos \u00faltimos quatro anos.<\/p>\n<\/div>\n<\/div>\n<div id=\"chunk-beocn\">\n<div class=\"mc-column content-text active-extra-styles \" data-block-type=\"unstyled\" data-block-weight=\"62\" data-block-id=\"8\">\n<p class=\"content-text__container \" data-track-category=\"Link no Texto\" data-track-links=\"\">O n\u00famero de pessoas com certificado de CAC deu um salto no governo Bolsonaro.\u00a0<a href=\"https:\/\/g1.globo.com\/sp\/sao-paulo\/noticia\/2022\/06\/28\/licencas-para-armas-crescem-quase-cinco-vezes-no-governo-bolsonaro-exercito-tem-674-mil-autorizacoes-ativas-mostra-anuario.ghtml\">Cresceu 474%, segundo dados do Anu\u00e1rio de Seguran\u00e7a P\u00fablica<\/a>, que considera licen\u00e7as para atividades de ca\u00e7ador, atirador desportivo e colecionador concedidas at\u00e9 1\u00ba de julho de 2022. O n\u00famero de pessoas com registro de CAC passou de 117,5 mil em 2018, antes de Bolsonaro assumir, para 673,8 mil.<\/p>\n<\/div>\n<\/div>\n<div class=\"mc-column content-text active-extra-styles\" data-block-type=\"raw\" data-block-weight=\"2\" data-block-id=\"9\">\n<p class=\"content-text__container\">\n<div class=\"content-intertitle\">\n<h2>Aumento constante<\/h2>\n<\/div>\n<p>&nbsp;<\/p>\n<\/div>\n<div id=\"chunk-2psmn\">\n<div class=\"mc-column content-text active-extra-styles \" data-block-type=\"unstyled\" data-block-weight=\"38\" data-block-id=\"10\">\n<p class=\"content-text__container \" data-track-category=\"Link no Texto\" data-track-links=\"\">O ano passado concentrou a maior quantidade de novas armas liberadas: 431.131, ou 47% do total. Houve crescimento constante desde 2019, quando ocorreram 78.335 libera\u00e7\u00f5es. Em 2020, foram 137.851, e em 2021, o n\u00famero passou para 257.541.<\/p>\n<\/div>\n<\/div>\n<div id=\"chunk-71dt9\">\n<div class=\"mc-column\"><iframe id=\"\" class=\"datawrapper-chart\" src=\"https:\/\/flo.uri.sh\/visualisation\/12483169\/embed\" frameborder=\"0\" data-mce-fragment=\"1\"><\/iframe><\/div>\n<\/div>\n<div id=\"chunk-6hs2o\">\n<div class=\"content-ads content-ads--reveal\" data-block-type=\"ads\" data-block-id=\"11\">\n<div id=\"banner_materia__663f4d82-02d0-4e28-8f42-a99d1bd3b0d8\" class=\"tag-manager-publicidade-container mc-has-reveal mc-has-ad-lazyload tag-manager-publicidade-banner_materia__663f4d82-02d0-4e28-8f42-a99d1bd3b0d8 tag-manager-publicidade-container--carregado tag-manager-publicidade-container--visivel\" data-id=\"banner_materia__663f4d82-02d0-4e28-8f42-a99d1bd3b0d8\" data-google-query-id=\"CICq94yq0_wCFTytlQIdaUkEGw\">\n<div id=\"google_ads_iframe_\/95377733\/tvg_G1\/Politica_6__container__\"><\/div>\n<\/div>\n<\/div>\n<\/div>\n<div id=\"chunk-4c74d\">\n<div class=\"mc-column content-text active-extra-styles \" data-block-type=\"unstyled\" data-block-weight=\"34\" data-block-id=\"12\">\n<p class=\"content-text__container \" data-track-category=\"Link no Texto\" data-track-links=\"\">O \u00faltimo ano do governo Bolsonaro representa crescimento de 625% quando comparado com 2018, \u00faltimo ano do governo de Michel Temer (MDB), seu antecessor, quando CACs receberam autoriza\u00e7\u00e3o para adquirir 59.439 novas armas.<\/p>\n<\/div>\n<\/div>\n<div id=\"chunk-app58\">\n<div class=\"mc-column content-text active-extra-styles \" data-block-type=\"unstyled\" data-block-weight=\"41\" data-block-id=\"13\">\n<p class=\"content-text__container \" data-track-category=\"Link no Texto\" data-track-links=\"\">Em seu mandato,<a href=\"https:\/\/g1.globo.com\/politica\/noticia\/2019\/01\/15\/bolsonaro-assina-decreto-que-facilita-posse-de-armas.ghtml\">\u00a0Bolsonaro editou decretos que facilitaram o acesso a armas<\/a>, inclusive as de grosso calibre e uso restrito, como fuzis, com crit\u00e9rios menos r\u00edgidos para posse e aquisi\u00e7\u00e3o, bem como maior limite de muni\u00e7\u00f5es dispon\u00edveis por ano para CACs.<\/p>\n<\/div>\n<\/div>\n<div id=\"chunk-fekv5\">\n<div class=\"mc-column content-text active-extra-styles \" data-block-type=\"unstyled\" data-block-weight=\"46\" data-block-id=\"14\">\n<p class=\"content-text__container \" data-track-category=\"Link no Texto\" data-track-links=\"\">Os\u00a0<a href=\"https:\/\/g1.globo.com\/politica\/noticia\/2022\/09\/20\/stf-tem-maioria-para-manter-limitacao-a-decretos-de-bolsonaro-sobre-compra-de-armas-e-municao.ghtml\">decretos foram parcialmente suspensos pelo STF<\/a>\u00a0(Supremo Tribunal Federal) em setembro de 2022. No dia 2 de janeiro, o presidente\u00a0<a href=\"https:\/\/g1.globo.com\/politica\/noticia\/2023\/01\/02\/decreto-de-lula-revoga-normas-que-facilitavam-acessos-a-armas-e-municao-veja-o-que-diz-o-texto.ghtml\">Lula (PT) revogou as normas sobre armas<\/a>\u00a0e definiu novas regras, dentre as quais a suspens\u00e3o de novas concess\u00f5es para CACs registrarem novas armas.<\/p>\n<\/div>\n<\/div>\n<div class=\"mc-column content-text active-extra-styles\" data-block-type=\"raw\" data-block-weight=\"3\" data-block-id=\"15\">\n<p class=\"content-text__container\">\n<div class=\"content-intertitle\">\n<h2>Aumento da procura<\/h2>\n<\/div>\n<p>&nbsp;<\/p>\n<\/div>\n<div id=\"chunk-50jso\">\n<div class=\"mc-column content-text active-extra-styles \" data-block-type=\"unstyled\" data-block-weight=\"57\" data-block-id=\"16\">\n<p class=\"content-text__container \" data-track-category=\"Link no Texto\" data-track-links=\"\">Um dos motivos para a alta procura por armas no governo Bolsonaro \u00e9 a facilita\u00e7\u00e3o do acesso e registro das armas. Diretor do Instituto Sou da Paz, especializado em seguran\u00e7a p\u00fablica, Bruno Langeani conta que o instituto acompanha a categoria de CACs desde os anos 1990 e que esse era um grupo &#8220;muito residual, de pouqu\u00edssimas pessoas&#8221;.<\/p>\n<\/div>\n<\/div>\n<div id=\"chunk-9bsel\">\n<div class=\"mc-column content-text active-extra-styles \" data-block-type=\"unstyled\" data-block-weight=\"37\" data-block-id=\"17\">\n<p class=\"content-text__container \" data-track-category=\"Link no Texto\" data-track-links=\"\">&#8220;Demoramos d\u00e9cadas para essa categoria ter 100 mil armas e, em um per\u00edodo muito curto, vimos esse n\u00famero explodir. Hoje j\u00e1 ultrapassou mais de um milh\u00e3o de armas na categoria, a maior parte nestes quatro anos&#8221;, afirma.<\/p>\n<\/div>\n<\/div>\n<div id=\"chunk-8ghrl\">\n<div class=\"content-ads content-ads--reveal\" data-block-type=\"ads\" data-block-id=\"18\">\n<div id=\"banner_materia__daa2ae29-4138-45e2-b536-1f062862a2b4\" class=\"tag-manager-publicidade-container mc-has-reveal mc-has-ad-lazyload tag-manager-publicidade-banner_materia__daa2ae29-4138-45e2-b536-1f062862a2b4 tag-manager-publicidade-container--carregado tag-manager-publicidade-container--visivel\" data-id=\"banner_materia__daa2ae29-4138-45e2-b536-1f062862a2b4\" data-google-query-id=\"CNSn94yq0_wCFd27lQIdHtgJfw\">\n<div id=\"google_ads_iframe_\/95377733\/tvg_G1\/Politica_5__container__\"><\/div>\n<\/div>\n<\/div>\n<\/div>\n<div id=\"chunk-39u5f\">\n<div class=\"bs-video-block mc-column  content-media content-video\" data-block-type=\"backstage-video\" data-block-id=\"19\">\n<div class=\"content-media__container\">\n<div class=\"content-video__bigger-player-description-fixer\">\n<article class=\"content-video\">\n<section class=\"content-video__video-container\">\n<div class=\"content-video__video\">\n<div class=\"content-video__placeholder\" data-video-id=\"10934337\" data-video-has-viewport-play=\"True\"><img class=\"content-video__placeholder__thumb\" title=\"Entenda o que \u00e9 o registro CAC\" src=\"https:\/\/s02.video.glbimg.com\/x240\/10934337.jpg\" alt=\"Entenda o que \u00e9 o registro CAC\" \/><\/div>\n<\/div>\n<\/section>\n<\/article>\n<\/div>\n<p class=\"content-media__description\">Entenda o que \u00e9 o registro CAC<\/p>\n<\/div>\n<\/div>\n<\/div>\n<div id=\"chunk-9am8c\">\n<div class=\"mc-column content-text active-extra-styles \" data-block-type=\"unstyled\" data-block-weight=\"68\" data-block-id=\"20\">\n<p class=\"content-text__container \" data-track-category=\"Link no Texto\" data-track-links=\"\">Segundo ele, n\u00e3o houve uma disparada no interesse pela pr\u00e1tica do tiro esportivo, mas sim a maior facilidade de solicita\u00e7\u00e3o por meios eletr\u00f4nicos. &#8220;O que explica esse aumento \u00e9 tanto uma facilita\u00e7\u00e3o desse acesso e registro no Ex\u00e9rcito quanto a libera\u00e7\u00e3o do porte de tr\u00e2nsito&#8221;, afirma, ao citar as regras menos r\u00edgidas para CACs andarem com suas armas nas ruas a caminho de clubes de tiro, por exemplo.<\/p>\n<\/div>\n<\/div>\n<div id=\"chunk-fcrn2\">\n<div class=\"mc-column content-text active-extra-styles \" data-block-type=\"unstyled\" data-block-weight=\"37\" data-block-id=\"21\">\n<p class=\"content-text__container \" data-track-category=\"Link no Texto\" data-track-links=\"\">Sobre o fato de 2022 ser o ano com maior quantidade de registros liberados, o diretor do Sou da Paz avalia que \u00e9 tanto reflexo da pandemia de coronav\u00edrus quanto um ajuste do mercado armamentista no Brasil.<\/p>\n<\/div>\n<\/div>\n<div id=\"chunk-8tba8\">\n<div class=\"mc-column content-text active-extra-styles \" data-block-type=\"unstyled\" data-block-weight=\"64\" data-block-id=\"23\">\n<p class=\"content-text__container \" data-track-category=\"Link no Texto\" data-track-links=\"\">&#8220;Muitas das estavam lojas fechadas, o que freou as vendas e, quando a pandemia melhora, cresce forte em 2021. Em 2022, nos parece puxado tanto pelo ex-presidente [Bolsonaro], mas tamb\u00e9m pela adapta\u00e7\u00e3o do mercado para trazer modelos e calibres novos, antes n\u00e3o liberados com pouca op\u00e7\u00e3o dispon\u00edvel. Isso foi adaptado, e mais e mais importadoras ficaram dispon\u00edveis para o mercado nacional&#8221;, diz o diretor.<\/p>\n<\/div>\n<\/div>\n<div id=\"chunk-9sicu\">\n<div class=\"mc-column content-text active-extra-styles \" data-block-type=\"unstyled\" data-block-weight=\"49\" data-block-id=\"25\">\n<p class=\"content-text__container \" data-track-category=\"Link no Texto\" data-track-links=\"\">Langeani alerta que o grande n\u00famero de armas que entraram em circula\u00e7\u00e3o recentemente representa risco num contexto de viol\u00eancia pol\u00edtica crescente, com a\u00e7\u00f5es de bolsonaristas cada vez mais radicalizados. Al\u00e9m disso, h\u00e1 esquemas fraudulentos envolvendo a emiss\u00e3o de licen\u00e7as para desviar armas compradas no mercado legal ao crime organizado.<\/p>\n<\/div>\n<\/div>\n<div id=\"chunk-1sjtj\">\n<div class=\"mc-column content-text active-extra-styles \" data-block-type=\"unstyled\" data-block-weight=\"50\" data-block-id=\"26\">\n<p class=\"content-text__container \" data-track-category=\"Link no Texto\" data-track-links=\"\">&#8220;Vemos a viol\u00eancia pol\u00edtica alimentada por armas registradas oficialmente no Ex\u00e9rcito. E houve explos\u00e3o no esquema criminoso de fornecimento de armas, ou para mil\u00edcias ou para grupos que atuam no estilo do novo canga\u00e7o [quadrilhas especializadas em roubos a banco], que compram armas mais baratas e com documento&#8221;, afirma.<\/p>\n<\/div>\n<\/div>\n<div id=\"chunk-ea3at\">\n<div class=\"mc-column content-text active-extra-styles \" data-block-type=\"unstyled\" data-block-weight=\"31\" data-block-id=\"27\">\n<p class=\"content-text__container \" data-track-category=\"Link no Texto\" data-track-links=\"\">Um levantamento do Instituto Sou da Paz divulgado pelo Fant\u00e1stico h\u00e1 quase ano mostrou que uma grande quantidade de armas compradas no mercado legal vai parar nas m\u00e3os de bandidos.<\/p>\n<\/div>\n<\/div>\n<div id=\"chunk-1j6ak\">\n<div class=\"mc-column content-text active-extra-styles \" data-block-type=\"unstyled\" data-block-weight=\"39\" data-block-id=\"29\">\n<p class=\"content-text__container \" data-track-category=\"Link no Texto\" data-track-links=\"\">Os pesquisadores analisaram quase 24 mil ocorr\u00eancias policiais entre os anos de 2011 e 2020 e descobriram uma rela\u00e7\u00e3o surpreendente entre os modelos mais roubados, furtados e extraviados e os tipos de armas encontrados com criminosos.<\/p>\n<\/div>\n<\/div>\n<\/div>\n<\/article>\n<\/div>\n","protected":false},"excerpt":{"rendered":"<p>Dados do Ex\u00e9rcito obtidos pelo g1 mostram que, nos quatro anos de mandato do ex-presidente, foram concedidos 904 mil novos registros de armas para ca\u00e7adores, atiradores e colecionadores. Por Arthur Stabile, g1 Bolsonaro durante protesto de 7 de Setembro na Avenida Paulista, em S\u00e3o Paulo \u2014 Foto: PAULO LOPES \/ AFP O governo de Jair [&hellip;]<\/p>\n","protected":false},"author":2,"featured_media":0,"comment_status":"open","ping_status":"open","sticky":false,"template":"","format":"standard","meta":{"_links_to":"","_links_to_target":""},"categories":[7,9,8,1],"tags":[],"_links":{"self":[{"href":"https:\/\/www.ilheusnoticias.net.br\/v1\/wp-json\/wp\/v2\/posts\/30645"}],"collection":[{"href":"https:\/\/www.ilheusnoticias.net.br\/v1\/wp-json\/wp\/v2\/posts"}],"about":[{"href":"https:\/\/www.ilheusnoticias.net.br\/v1\/wp-json\/wp\/v2\/types\/post"}],"author":[{"embeddable":true,"href":"https:\/\/www.ilheusnoticias.net.br\/v1\/wp-json\/wp\/v2\/users\/2"}],"replies":[{"embeddable":true,"href":"https:\/\/www.ilheusnoticias.net.br\/v1\/wp-json\/wp\/v2\/comments?post=30645"}],"version-history":[{"count":1,"href":"https:\/\/www.ilheusnoticias.net.br\/v1\/wp-json\/wp\/v2\/posts\/30645\/revisions"}],"predecessor-version":[{"id":30646,"href":"https:\/\/www.ilheusnoticias.net.br\/v1\/wp-json\/wp\/v2\/posts\/30645\/revisions\/30646"}],"wp:attachment":[{"href":"https:\/\/www.ilheusnoticias.net.br\/v1\/wp-json\/wp\/v2\/media?parent=30645"}],"wp:term":[{"taxonomy":"category","embeddable":true,"href":"https:\/\/www.ilheusnoticias.net.br\/v1\/wp-json\/wp\/v2\/categories?post=30645"},{"taxonomy":"post_tag","embeddable":true,"href":"https:\/\/www.ilheusnoticias.net.br\/v1\/wp-json\/wp\/v2\/tags?post=30645"}],"curies":[{"name":"wp","href":"https:\/\/api.w.org\/{rel}","templated":true}]}}