{"id":30641,"date":"2023-01-19T06:31:32","date_gmt":"2023-01-19T09:31:32","guid":{"rendered":"https:\/\/www.ilheusnoticias.net.br\/v1\/?p=30641"},"modified":"2023-01-19T06:31:32","modified_gmt":"2023-01-19T09:31:32","slug":"governo-determina-prioridade-nas-investigacoes-sobre-duplo-homicidio-de-jovens-indigenas-no-extremo-sul-da-bahia","status":"publish","type":"post","link":"https:\/\/www.ilheusnoticias.net.br\/v1\/2023\/01\/19\/governo-determina-prioridade-nas-investigacoes-sobre-duplo-homicidio-de-jovens-indigenas-no-extremo-sul-da-bahia\/","title":{"rendered":"Governo determina prioridade nas investiga\u00e7\u00f5es sobre duplo homic\u00eddio de jovens ind\u00edgenas no extremo sul da Bahia"},"content":{"rendered":"<div class=\"Post\">\n<div class=\"Post-body\">\n<div class=\"Post-inner article\"><\/div>\n<\/div>\n<\/div>\n<div class=\"Post\">\n<div class=\"Post-body\">\n<div class=\"Post-inner article\">\n<div class=\"PostHeaderIcons metadata-icons\"><img loading=\"lazy\" class=\"alignnone size-full wp-image-30419\" src=\"https:\/\/www.ilheusnoticias.net.br\/v1\/wp-content\/uploads\/2023\/01\/Jeronimo-Rodrigues.jpeg\" alt=\"\" width=\"600\" height=\"400\" srcset=\"https:\/\/www.ilheusnoticias.net.br\/v1\/wp-content\/uploads\/2023\/01\/Jeronimo-Rodrigues.jpeg 600w, https:\/\/www.ilheusnoticias.net.br\/v1\/wp-content\/uploads\/2023\/01\/Jeronimo-Rodrigues-300x200.jpeg 300w\" sizes=\"(max-width: 600px) 100vw, 600px\" \/><\/div>\n<div class=\"PostContent\">\n<p><strong>Pol\u00edcia Civil refor\u00e7a equipes na regi\u00e3o para elucidar crime e Pol\u00edcia Militar intensifica a seguran\u00e7a<\/strong><\/p>\n<p>O governador Jer\u00f4nimo Rodrigues convocou uma reuni\u00e3o com secret\u00e1rios e gestores, nesta quarta-feira (18), para alinhar as a\u00e7\u00f5es do Governo do Estado na investiga\u00e7\u00e3o dos homic\u00eddios de dois jovens ind\u00edgenas na cidade de Itabela, no extremo sul da Bahia e sobre as provid\u00eancias adotadas para o controle dos conflitos na regi\u00e3o. Participaram do encontro, o vice-governador, Geraldo J\u00fanior, e os secret\u00e1rios da Seguran\u00e7a P\u00fablica, Marcelo Werner, das Rela\u00e7\u00f5es Institucionais, Luiz Caetano, da Justi\u00e7a e Direitos Humanos, Felipe Freitas. Tamb\u00e9m estiveram presentes, a secret\u00e1ria de Promo\u00e7\u00e3o da Igualdade Racial, \u00c2ngela Guimar\u00e3es, a superintendente de Pol\u00edticas para os Povos Ind\u00edgenas, Patr\u00edcia Patax\u00f3, e o chefe de gabinete do governador, Adolpho Loyola.<\/p>\n<p>&nbsp;<\/p>\n<p>Conforme informa\u00e7\u00f5es da Pol\u00edcia Civil (PC), as v\u00edtimas Nawir Brito de Jesus, 17 anos, e Samuel Cristiano do Amor Divino, de 25, foram alvejadas, no final da tarde desta ter\u00e7a-feira (17), no distrito de S\u00e3o Jo\u00e3o do Monte, entre os munic\u00edpios de Itabela e Itamaraju.<\/p>\n<p>&nbsp;<\/p>\n<p>\u201cDentro dos fatos graves que aconteceram ontem, de imediato foi determinado a prioridade na investiga\u00e7\u00e3o, equipes da Pol\u00edcia Civil se deslocaram at\u00e9 o local para realizar dilig\u00eancias em busca dos autores do delito. O policiamento tamb\u00e9m foi refor\u00e7ado atrav\u00e9s da Pol\u00edcia Militar (PM) que j\u00e1 refor\u00e7ou as equipes da for\u00e7a-tarefa naquela regi\u00e3o a fim de evitar outros delitos dessa natureza\u201d, explicou o titular da SSP.<\/p>\n<\/div>\n<\/div>\n<\/div>\n<\/div>\n","protected":false},"excerpt":{"rendered":"<p>Pol\u00edcia Civil refor\u00e7a equipes na regi\u00e3o para elucidar crime e Pol\u00edcia Militar intensifica a seguran\u00e7a O governador Jer\u00f4nimo Rodrigues convocou uma reuni\u00e3o com secret\u00e1rios e gestores, nesta quarta-feira (18), para alinhar as a\u00e7\u00f5es do Governo do Estado na investiga\u00e7\u00e3o dos homic\u00eddios de dois jovens ind\u00edgenas na cidade de Itabela, no extremo sul da Bahia e [&hellip;]<\/p>\n","protected":false},"author":2,"featured_media":0,"comment_status":"open","ping_status":"open","sticky":false,"template":"","format":"standard","meta":{"_links_to":"","_links_to_target":""},"categories":[7,9,8,1],"tags":[],"_links":{"self":[{"href":"https:\/\/www.ilheusnoticias.net.br\/v1\/wp-json\/wp\/v2\/posts\/30641"}],"collection":[{"href":"https:\/\/www.ilheusnoticias.net.br\/v1\/wp-json\/wp\/v2\/posts"}],"about":[{"href":"https:\/\/www.ilheusnoticias.net.br\/v1\/wp-json\/wp\/v2\/types\/post"}],"author":[{"embeddable":true,"href":"https:\/\/www.ilheusnoticias.net.br\/v1\/wp-json\/wp\/v2\/users\/2"}],"replies":[{"embeddable":true,"href":"https:\/\/www.ilheusnoticias.net.br\/v1\/wp-json\/wp\/v2\/comments?post=30641"}],"version-history":[{"count":1,"href":"https:\/\/www.ilheusnoticias.net.br\/v1\/wp-json\/wp\/v2\/posts\/30641\/revisions"}],"predecessor-version":[{"id":30642,"href":"https:\/\/www.ilheusnoticias.net.br\/v1\/wp-json\/wp\/v2\/posts\/30641\/revisions\/30642"}],"wp:attachment":[{"href":"https:\/\/www.ilheusnoticias.net.br\/v1\/wp-json\/wp\/v2\/media?parent=30641"}],"wp:term":[{"taxonomy":"category","embeddable":true,"href":"https:\/\/www.ilheusnoticias.net.br\/v1\/wp-json\/wp\/v2\/categories?post=30641"},{"taxonomy":"post_tag","embeddable":true,"href":"https:\/\/www.ilheusnoticias.net.br\/v1\/wp-json\/wp\/v2\/tags?post=30641"}],"curies":[{"name":"wp","href":"https:\/\/api.w.org\/{rel}","templated":true}]}}