{"id":30637,"date":"2023-01-19T06:27:30","date_gmt":"2023-01-19T09:27:30","guid":{"rendered":"https:\/\/www.ilheusnoticias.net.br\/v1\/?p=30637"},"modified":"2023-01-19T06:27:30","modified_gmt":"2023-01-19T09:27:30","slug":"aqui-tem-saude-com-medicos-em-todas-as-unidades-ilheus-reforca-atendimento-na-atencao-basica","status":"publish","type":"post","link":"https:\/\/www.ilheusnoticias.net.br\/v1\/2023\/01\/19\/aqui-tem-saude-com-medicos-em-todas-as-unidades-ilheus-reforca-atendimento-na-atencao-basica\/","title":{"rendered":"Aqui tem Sa\u00fade | Com m\u00e9dicos em todas as unidades, Ilh\u00e9us refor\u00e7a atendimento na Aten\u00e7\u00e3o B\u00e1sica"},"content":{"rendered":"<p class=\"ds_chamada\">A gest\u00e3o prefeito M\u00e1rio Alexandre visa ampliar os servi\u00e7os da rede prim\u00e1ria e garantir assist\u00eancia m\u00e9dica em 36 postos de sa\u00fade da cidade<\/p>\n<div class=\"imagem thumbnail col-xs-12 col-sm-8 col-md-6 col-lg-6 imagem-materia\"><a class=\"fresco\" title=\"\" href=\"https:\/\/portalfacilarquivos.blob.core.windows.net\/uploads\/ILHEUS\/imgOrig\/%7BBDBCAD26-38A8-A0DA-AEC2-ADCD17BB4BAD%7D.jpg\" data-fresco-caption=\"\"><img loading=\"lazy\" title=\"\" src=\"https:\/\/portalfacilarquivos.blob.core.windows.net\/uploads\/ILHEUS\/img\/%7BBDBCAD26-38A8-A0DA-AEC2-ADCD17BB4BAD%7D\/%7BBDBCAD26-38A8-A0DA-AEC2-ADCD17BB4BAD%7D_650X450.jpg\" alt=\"atendimento; ubs; m\u00e9dico\" width=\"650\" height=\"450\" \/><\/a><\/p>\n<p class=\"bg-primary\">A Prefeitura de Ilh\u00e9us atendeu cerca de 150 mil pessoas na Aten\u00e7\u00e3o B\u00e1sica em 2022, conforme dados da Secretaria de Sa\u00fade (Sesau). Os n\u00fameros refletem o empenho e a determina\u00e7\u00e3o da gest\u00e3o do prefeito M\u00e1rio Alexandre para ampliar os servi\u00e7os da rede prim\u00e1ria e garantir assist\u00eancia m\u00e9dica em 36 postos de sa\u00fade da cidade.<\/p>\n<\/div>\n<p>Somente no ano passado, o Munic\u00edpio modernizou e entregou seis unidades, sendo quatro Estrat\u00e9gias Sa\u00fade da Fam\u00edlia (ESFs), localizadas na Barra de Ita\u00edpe, Conquista, Nelson Costa e Nossa Senhora da Vit\u00f3ria, e duas Unidades B\u00e1sicas de Sa\u00fade (UBSs), na Conquista e no Iguape. Al\u00e9m do atendimento fixo, a Sesau leva assist\u00eancia aos moradores da zona rural, por meio do programa Sa\u00fade na Comunidade.<\/p>\n<p>Entre os servi\u00e7os dispon\u00edveis est\u00e3o exames de rotina, sala de vacina\u00e7\u00e3o e procedimentos menos complexos. Os usu\u00e1rios tamb\u00e9m t\u00eam acesso a medicamentos, atendimento pr\u00e9-natal, acompanhamento de hipertensos, diab\u00e9ticos e de outras doen\u00e7as, mediante agendamento pr\u00e9vio.<\/p>\n<div class=\"imagem thumbnail col-xs-12 col-sm-8 col-md-6 col-lg-6 imagem-materia\"><a class=\"fresco\" title=\"\" href=\"https:\/\/portalfacilarquivos.blob.core.windows.net\/uploads\/ILHEUS\/imgOrig\/%7BD76BBAB7-EEDA-C1D4-8EEA-3A6AC7B4C514%7D.jpg\" data-fresco-caption=\"\"><img loading=\"lazy\" title=\"\" src=\"https:\/\/portalfacilarquivos.blob.core.windows.net\/uploads\/ILHEUS\/img\/%7BD76BBAB7-EEDA-C1D4-8EEA-3A6AC7B4C514%7D\/%7BD76BBAB7-EEDA-C1D4-8EEA-3A6AC7B4C514%7D_650X450.jpg\" alt=\"atendimento; ubs; m\u00e9dico\" width=\"650\" height=\"450\" \/><\/a><\/p>\n<p class=\"bg-primary\">\u201cTodos os postos de sa\u00fade contam com m\u00e9dicos atendendo diariamente. Por determina\u00e7\u00e3o do prefeito M\u00e1rio Alexandre, as equipes est\u00e3o focadas em prestar uma assist\u00eancia de qualidade \u00e0 popula\u00e7\u00e3o, a fim de atender as demandas da nossa rede e promover o bem-estar de cada cidad\u00e3o\u201d, explica Andr\u00e9 Cez\u00e1rio, titular da Sesau.<\/p>\n<\/div>\n<p>A rede prim\u00e1ria \u00e9 a porta de entrada do SUS. Nas unidades b\u00e1sicas de sa\u00fade as pessoas podem agendar consultas, aferir press\u00e3o arterial ou marcar consulta com cl\u00ednico geral, ginecologista, pediatra, dentista e nutricionista.<\/p>\n<p>Cerca de 80% dos problemas de sa\u00fade da popula\u00e7\u00e3o s\u00e3o tratados nas UBSs, sem a necessidade de encaminhamento para UPA, PA da Zona Sul ou hospitais. Os postos s\u00e3o respons\u00e1veis por absorver os atendimentos n\u00e3o urgentes, ou seja, quando os usu\u00e1rios podem aguardar, sem comprometer a sa\u00fade.<\/p>\n","protected":false},"excerpt":{"rendered":"<p>A gest\u00e3o prefeito M\u00e1rio Alexandre visa ampliar os servi\u00e7os da rede prim\u00e1ria e garantir assist\u00eancia m\u00e9dica em 36 postos de sa\u00fade da cidade A Prefeitura de Ilh\u00e9us atendeu cerca de 150 mil pessoas na Aten\u00e7\u00e3o B\u00e1sica em 2022, conforme dados da Secretaria de Sa\u00fade (Sesau). Os n\u00fameros refletem o empenho e a determina\u00e7\u00e3o da gest\u00e3o [&hellip;]<\/p>\n","protected":false},"author":2,"featured_media":0,"comment_status":"open","ping_status":"open","sticky":false,"template":"","format":"standard","meta":{"_links_to":"","_links_to_target":""},"categories":[7,9,8,1],"tags":[],"_links":{"self":[{"href":"https:\/\/www.ilheusnoticias.net.br\/v1\/wp-json\/wp\/v2\/posts\/30637"}],"collection":[{"href":"https:\/\/www.ilheusnoticias.net.br\/v1\/wp-json\/wp\/v2\/posts"}],"about":[{"href":"https:\/\/www.ilheusnoticias.net.br\/v1\/wp-json\/wp\/v2\/types\/post"}],"author":[{"embeddable":true,"href":"https:\/\/www.ilheusnoticias.net.br\/v1\/wp-json\/wp\/v2\/users\/2"}],"replies":[{"embeddable":true,"href":"https:\/\/www.ilheusnoticias.net.br\/v1\/wp-json\/wp\/v2\/comments?post=30637"}],"version-history":[{"count":1,"href":"https:\/\/www.ilheusnoticias.net.br\/v1\/wp-json\/wp\/v2\/posts\/30637\/revisions"}],"predecessor-version":[{"id":30638,"href":"https:\/\/www.ilheusnoticias.net.br\/v1\/wp-json\/wp\/v2\/posts\/30637\/revisions\/30638"}],"wp:attachment":[{"href":"https:\/\/www.ilheusnoticias.net.br\/v1\/wp-json\/wp\/v2\/media?parent=30637"}],"wp:term":[{"taxonomy":"category","embeddable":true,"href":"https:\/\/www.ilheusnoticias.net.br\/v1\/wp-json\/wp\/v2\/categories?post=30637"},{"taxonomy":"post_tag","embeddable":true,"href":"https:\/\/www.ilheusnoticias.net.br\/v1\/wp-json\/wp\/v2\/tags?post=30637"}],"curies":[{"name":"wp","href":"https:\/\/api.w.org\/{rel}","templated":true}]}}