{"id":30635,"date":"2023-01-18T09:20:32","date_gmt":"2023-01-18T12:20:32","guid":{"rendered":"https:\/\/www.ilheusnoticias.net.br\/v1\/?p=30635"},"modified":"2023-01-18T09:20:32","modified_gmt":"2023-01-18T12:20:32","slug":"emprestimo-bolsa-familia-entenda-como-funciona-e-como-solicitar","status":"publish","type":"post","link":"https:\/\/www.ilheusnoticias.net.br\/v1\/2023\/01\/18\/emprestimo-bolsa-familia-entenda-como-funciona-e-como-solicitar\/","title":{"rendered":"Empr\u00e9stimo Bolsa Fam\u00edlia: Entenda como funciona e como solicitar"},"content":{"rendered":"<div class=\"entry-header blog-entry-header has-meta\">\n<div class=\"entry-meta\"><\/div>\n<\/div>\n<div class=\"entry-content-wrap\">\n<div id=\"post-body\" class=\"post-body entry-content\">\n<div>\n<div class=\"separator\"><a href=\"https:\/\/blogger.googleusercontent.com\/img\/b\/R29vZ2xl\/AVvXsEh0wBbyhji-5wlfKDIWx8UotfUw7tWqAo3ZIG1j_H9q4PNxw9easNl-eF24TzHIMYehY5Jg2NJTRTrCp74-5ZRmWpSSR_lYUEDYLDPVXkJaMWexJgCPSFWG3qA9vPPJgwNNKVbtWzv_GceCSnIThJ9gRTq6h88sfEjlNloVkKcNv-X4xhzSn0e-QR-p3Q\/s1200\/bolsa-familia.webp\"><img loading=\"lazy\" src=\"https:\/\/blogger.googleusercontent.com\/img\/b\/R29vZ2xl\/AVvXsEh0wBbyhji-5wlfKDIWx8UotfUw7tWqAo3ZIG1j_H9q4PNxw9easNl-eF24TzHIMYehY5Jg2NJTRTrCp74-5ZRmWpSSR_lYUEDYLDPVXkJaMWexJgCPSFWG3qA9vPPJgwNNKVbtWzv_GceCSnIThJ9gRTq6h88sfEjlNloVkKcNv-X4xhzSn0e-QR-p3Q\/w640-h360\/bolsa-familia.webp\" width=\"640\" height=\"360\" border=\"0\" data-original-height=\"675\" data-original-width=\"1200\" \/><\/a><\/p>\n<div>\n<div>\n<div id=\"denakop-auto-inimage-5e6965a2-f66d-48ae-ac27-71bd7c4d1ae7\" data-google-query-id=\"CMnc2P2M0fwCFSeMlQIdPrwKRQ\">\n<div id=\"google_ads_iframe_\/21715141650,22337042367\/desktop_inimage_0__container__\"><\/div>\n<\/div>\n<div class=\"denakop-close-btn-inimage\"><\/div>\n<\/div>\n<\/div>\n<\/div>\n<div class=\"separator\">Imagem: Reprodu\u00e7\u00e3o\/Google<\/div>\n<div class=\"separator\"><\/div>\n<div class=\"separator\">Voc\u00ea conhece o empr\u00e9stimo Bolsa Fam\u00edlia? Criado em 2003 pelo Governo Federal, o programa ajuda fam\u00edlias que vivem na pobreza ou extrema pobreza. De acordo com o Minist\u00e9rio do Desenvolvimento Social e Erradica\u00e7\u00e3o da Fome, o benef\u00edcio atende mais de 13 milh\u00f5es de fam\u00edlias em todo o pa\u00eds.<\/div>\n<\/div>\n<p><ins class=\"adsbygoogle\" data-ad-client=\"ca-pub-3030505460910074\" data-ad-format=\"auto\" data-ad-slot=\"7980017080\" data-full-width-responsive=\"true\" data-adsbygoogle-status=\"done\" data-ad-status=\"filled\"><\/p>\n<div id=\"aswift_2_host\" tabindex=\"0\" title=\"Advertisement\" aria-label=\"Advertisement\"><\/div>\n<p><\/ins><\/p>\n<div>Muita gente, n\u00e9?<\/div>\n<p>Al\u00e9m da assist\u00eancia \u00e0 renda, as fam\u00edlias que recebem o Bolsa Fam\u00edlia agora t\u00eam uma linha de cr\u00e9dito chamada microcr\u00e9dito. A ideia do programa de progresso \u00e9 aumentar sua renda ao:Desenvolvimento de pequenas empresas: por exemplo, abrir uma loja na regi\u00e3o ou criar um esquema de venda de lanches.<\/p>\n<ul>\n<li>Ou at\u00e9 mesmo melhorar as condi\u00e7\u00f5es de vida e educa\u00e7\u00e3o de sua fam\u00edlia.<\/li>\n<\/ul>\n<p><b>Quem tem o direito de participar no microcr\u00e9dito?<\/b><\/p>\n<p>&nbsp;<\/p>\n<ul>\n<li>Fam\u00edlias com renda mensal inferior a R$ 170.<\/li>\n<\/ul>\n<ul>\n<li>Todas as crian\u00e7as e jovens entre as idades de 6 e 17 anos devem estar matriculados na escola.<\/li>\n<\/ul>\n<ul>\n<li>Participar das a\u00e7\u00f5es do Minist\u00e9rio do Desenvolvimento Social para a Sa\u00fade da Mulher e o Combate \u00e0 Fome (MDS).<ins class=\"adsbygoogle\" data-ad-client=\"ca-pub-3030505460910074\" data-ad-format=\"auto\" data-ad-slot=\"5445939814\" data-full-width-responsive=\"true\" data-adsbygoogle-status=\"done\" data-ad-status=\"filled\">\n<div id=\"aswift_3_host\" tabindex=\"0\" title=\"Advertisement\" aria-label=\"Advertisement\"><\/div>\n<p><\/ins><\/li>\n<\/ul>\n<p><b>Como fa\u00e7o para acessar o &#8220;Empr\u00e9stimo de Bolsa Fam\u00edlia&#8221;?<\/b><\/p>\n<p><b>Voc\u00ea precisa:<\/b><\/p>\n<p>&nbsp;<\/p>\n<ul>\n<li>Al\u00e9m do programa, tenha sua pr\u00f3pria renda verificada com carteira assinada e comprovante de renda.<\/li>\n<\/ul>\n<ul>\n<li>Existe um fiador.<\/li>\n<\/ul>\n<ul>\n<li>Permita visitas \u00e0 sua casa do Inspetor de Programa.<\/li>\n<\/ul>\n<p><b>Como fazer um empr\u00e9stimo?<\/b><\/p>\n<p>Verifique se voc\u00ea \u00e9 eleg\u00edvel. \u00c9 necess\u00e1rio ir at\u00e9 a ag\u00eancia da\u00a0 Caixa Econ\u00f4mica Federal e realizar uma consulta.<\/p>\n<ol>\n<li>Agende uma visita de um agente da Caixa na sua casa, junto com seu fiador;<\/li>\n<li>Aguarde 8 dias ap\u00f3s a visita do agente Caixa, que \u00e9 o tempo de an\u00e1lise do empr\u00e9stimo que voc\u00ea deseja fazer;<\/li>\n<li>Caso seja aprovado, espere a libera\u00e7\u00e3o do valor solicitado. Voc\u00ea receber\u00e1 o dinheiro pela Caixa Econ\u00f4mica;<\/li>\n<li>Assim que liberado o dinheiro, ele j\u00e1 estar\u00e1 dispon\u00edvel para saque.<ins class=\"adsbygoogle\" data-ad-client=\"ca-pub-3030505460910074\" data-ad-format=\"fluid\" data-ad-layout=\"in-article\" data-ad-slot=\"8796285634\" data-adsbygoogle-status=\"done\" data-ad-status=\"filled\">\n<div id=\"aswift_4_host\" tabindex=\"0\" title=\"Advertisement\" aria-label=\"Advertisement\"><\/div>\n<p><\/ins><\/li>\n<\/ol>\n<div><\/div>\n<p><b>E as taxas de juros?<\/b><\/p>\n<p>As taxas de juro s\u00e3o fixadas com base em v\u00e1rios crit\u00e9rios, alguns dos quais s\u00e3o:<\/p>\n<ul>\n<li>Valor que voc\u00ea deseja pegar emprestado;<\/li>\n<\/ul>\n<ul>\n<li>Quantidade de parcelas;<\/li>\n<\/ul>\n<ul>\n<li>Sua situa\u00e7\u00e3o de renda.<\/li>\n<\/ul>\n<div><\/div>\n<p><b>Quanto posso pedir emprestado?<\/b><\/p>\n<p>Em 2018, o limite para cada empr\u00e9stimo era de R$ 15 mil. Em m\u00e9dia, as pessoas levaram R$ 4 mil. Portanto, ao solicitar cr\u00e9dito, saiba que existem restri\u00e7\u00f5es e isso tamb\u00e9m pode variar dependendo da sua renda e condi\u00e7\u00f5es de pagamento.<\/p>\n<p><b>Precau\u00e7\u00f5es ao solicitar um empr\u00e9stimo<\/b><\/p>\n<p><b>Avalie sua renda<\/b><\/p>\n<p>Como diz o ditado: &#8220;N\u00e3o d\u00ea um passo maior do que suas pernas&#8221;. \u00c9 importante saber quanto dinheiro \u00e9 inserido em sua conta a cada m\u00eas e quanto voc\u00ea gasta. Os empr\u00e9stimos s\u00e3o mais um compromisso. Voc\u00ea tamb\u00e9m n\u00e3o pode comprometer contas importantes, como \u00e1gua, luz, aluguel e comida.<\/p>\n<p><b>Meu Empr\u00e9stimo, Minha Responsabilidade<\/b><\/p>\n<p>Pode ser tedioso repetir isso, mas \u00e9 muito importante esclarecer que, ao obter cr\u00e9dito, voc\u00ea deve ter muito cuidado para que seus pagamentos n\u00e3o vacilem. Porque pode manchar o seu nome.<\/p>\n<p><b>Estou desempregado e realmente preciso desse dinheiro<\/b><\/p>\n<p>Existem op\u00e7\u00f5es de empr\u00e9stimo para os desempregados. Mas \u00e9 importante saber que nessa situa\u00e7\u00e3o as taxas de juros s\u00e3o altas, por isso comprometer-se \u00e9 ainda mais importante.<\/p>\n<\/div>\n<\/div>\n","protected":false},"excerpt":{"rendered":"<p>Imagem: Reprodu\u00e7\u00e3o\/Google Voc\u00ea conhece o empr\u00e9stimo Bolsa Fam\u00edlia? Criado em 2003 pelo Governo Federal, o programa ajuda fam\u00edlias que vivem na pobreza ou extrema pobreza. De acordo com o Minist\u00e9rio do Desenvolvimento Social e Erradica\u00e7\u00e3o da Fome, o benef\u00edcio atende mais de 13 milh\u00f5es de fam\u00edlias em todo o pa\u00eds. Muita gente, n\u00e9? Al\u00e9m da [&hellip;]<\/p>\n","protected":false},"author":2,"featured_media":0,"comment_status":"open","ping_status":"open","sticky":false,"template":"","format":"standard","meta":{"_links_to":"","_links_to_target":""},"categories":[7,9,8,1],"tags":[],"_links":{"self":[{"href":"https:\/\/www.ilheusnoticias.net.br\/v1\/wp-json\/wp\/v2\/posts\/30635"}],"collection":[{"href":"https:\/\/www.ilheusnoticias.net.br\/v1\/wp-json\/wp\/v2\/posts"}],"about":[{"href":"https:\/\/www.ilheusnoticias.net.br\/v1\/wp-json\/wp\/v2\/types\/post"}],"author":[{"embeddable":true,"href":"https:\/\/www.ilheusnoticias.net.br\/v1\/wp-json\/wp\/v2\/users\/2"}],"replies":[{"embeddable":true,"href":"https:\/\/www.ilheusnoticias.net.br\/v1\/wp-json\/wp\/v2\/comments?post=30635"}],"version-history":[{"count":1,"href":"https:\/\/www.ilheusnoticias.net.br\/v1\/wp-json\/wp\/v2\/posts\/30635\/revisions"}],"predecessor-version":[{"id":30636,"href":"https:\/\/www.ilheusnoticias.net.br\/v1\/wp-json\/wp\/v2\/posts\/30635\/revisions\/30636"}],"wp:attachment":[{"href":"https:\/\/www.ilheusnoticias.net.br\/v1\/wp-json\/wp\/v2\/media?parent=30635"}],"wp:term":[{"taxonomy":"category","embeddable":true,"href":"https:\/\/www.ilheusnoticias.net.br\/v1\/wp-json\/wp\/v2\/categories?post=30635"},{"taxonomy":"post_tag","embeddable":true,"href":"https:\/\/www.ilheusnoticias.net.br\/v1\/wp-json\/wp\/v2\/tags?post=30635"}],"curies":[{"name":"wp","href":"https:\/\/api.w.org\/{rel}","templated":true}]}}