{"id":30629,"date":"2023-01-18T07:54:31","date_gmt":"2023-01-18T10:54:31","guid":{"rendered":"https:\/\/www.ilheusnoticias.net.br\/v1\/?p=30629"},"modified":"2023-01-18T09:16:04","modified_gmt":"2023-01-18T12:16:04","slug":"casal-e-eletrocutado-homem-subiu-em-telhado-para-instalar-antena-de-tv-e-mulher-tentou-salva-lo","status":"publish","type":"post","link":"https:\/\/www.ilheusnoticias.net.br\/v1\/2023\/01\/18\/casal-e-eletrocutado-homem-subiu-em-telhado-para-instalar-antena-de-tv-e-mulher-tentou-salva-lo\/","title":{"rendered":"Casal \u00e9 eletrocutado; homem subiu em telhado para instalar antena de TV e mulher tentou salv\u00e1-lo"},"content":{"rendered":"<div class=\"row content-head non-featured \">\n<div class=\"title\" data-block-type=\"title\" data-block-id=\"0\">\n<h1 class=\"content-head__title\"><span style=\"font-size: 16px;\">Um casal foi eletrocutado na ter\u00e7a-feira (17), na cidade de <\/span><a style=\"font-size: 16px;\" href=\"https:\/\/g1.globo.com\/ba\/bahia\/cidade\/cruz-das-almas\/\">Cruz das Almas<\/a><span style=\"font-size: 16px;\">, no rec\u00f4ncavo da Bahia. Segundo a Pol\u00edcia Militar, Jo\u00e3o Paulo Marques dos Santos, de 33 anos, subiu no telhado da casa para instalar uma antena externa de televis\u00e3o, quando a barra de ferro tocou na rede el\u00e9trica.<\/span><\/h1>\n<\/div>\n<\/div>\n<div class=\"mc-article-body\">\n<article>\n<div class=\"wall protected-content\">\n<div id=\"chunk-b3v8h\">\n<div class=\"mc-column content-text active-extra-styles \" data-block-type=\"unstyled\" data-block-weight=\"22\" data-block-id=\"4\">\n<p class=\"content-text__container \" data-track-category=\"Link no Texto\" data-track-links=\"\">A esposa dele, identificada como Josenilda Tosta Sena, de 37 anos, tentou salvar o marido e tamb\u00e9m sofreu a descarga el\u00e9trica.<\/p>\n<\/div>\n<\/div>\n<div id=\"chunk-5midi\">\n<div class=\"mc-column content-text active-extra-styles \" data-block-type=\"unstyled\" data-block-weight=\"18\" data-block-id=\"5\">\n<p class=\"content-text__container \" data-track-category=\"Link no Texto\" data-track-links=\"\">A PM informou que os corpos das v\u00edtimas foram levados para o Instituto M\u00e9dico Legal (IML) da cidade.<\/p>\n<\/div>\n<\/div>\n<div id=\"chunk-2r2ic\">\n<div class=\"row medium-uncollapsed content-media content-photo\" data-block-type=\"backstage-photo\" data-block-id=\"6\">\n<div class=\"mc-column content-media__container\">\n<div class=\"content-media-container glb-skeleton-box\">\n<figure class=\"content-media-figure\"><img class=\"i-amphtml-fill-content i-amphtml-replaced-content\" src=\"https:\/\/s2.glbimg.com\/tvfqUJZC67jmjpwz-2infTGQaz8=\/0x0:1175x654\/984x0\/smart\/filters:strip_icc()\/i.s3.glbimg.com\/v1\/AUTH_59edd422c0c84a879bd37670ae4f538a\/internal_photos\/bs\/2023\/l\/Y\/BB0NYrRu6fxpSdg1O7Wg\/whatsapp-image-2023-01-18-at-06.49.18.jpeg\" sizes=\"(max-width: 1366px) 648px, 100vw\" srcset=\"https:\/\/s2.glbimg.com\/sy5uVFwbHdvgoSLMNlUxsbTbomk=\/0x0:1175x654\/1000x0\/smart\/filters:strip_icc()\/i.s3.glbimg.com\/v1\/AUTH_59edd422c0c84a879bd37670ae4f538a\/internal_photos\/bs\/2023\/l\/Y\/BB0NYrRu6fxpSdg1O7Wg\/whatsapp-image-2023-01-18-at-06.49.18.jpeg 1000w, https:\/\/s2.glbimg.com\/tvfqUJZC67jmjpwz-2infTGQaz8=\/0x0:1175x654\/984x0\/smart\/filters:strip_icc()\/i.s3.glbimg.com\/v1\/AUTH_59edd422c0c84a879bd37670ae4f538a\/internal_photos\/bs\/2023\/l\/Y\/BB0NYrRu6fxpSdg1O7Wg\/whatsapp-image-2023-01-18-at-06.49.18.jpeg 984w, https:\/\/s2.glbimg.com\/9317dtXRCUE2ZlBiyvprGyqOPr4=\/0x0:1175x654\/640x0\/smart\/filters:strip_icc()\/i.s3.glbimg.com\/v1\/AUTH_59edd422c0c84a879bd37670ae4f538a\/internal_photos\/bs\/2023\/l\/Y\/BB0NYrRu6fxpSdg1O7Wg\/whatsapp-image-2023-01-18-at-06.49.18.jpeg 640w, https:\/\/s2.glbimg.com\/FB2lF6u9DcXvahFkuatyUwwnxYg=\/0x0:1175x654\/600x0\/smart\/filters:strip_icc()\/i.s3.glbimg.com\/v1\/AUTH_59edd422c0c84a879bd37670ae4f538a\/internal_photos\/bs\/2023\/l\/Y\/BB0NYrRu6fxpSdg1O7Wg\/whatsapp-image-2023-01-18-at-06.49.18.jpeg 600w\" alt=\"Casal \u00e9 eletrocutado no rec\u00f4ncavo da Bahia \u2014 Foto: Reprodu\u00e7\u00e3o\/TV Bahia\" \/><\/figure>\n<\/div>\n<p class=\"content-media__description \">Casal \u00e9 eletrocutado no rec\u00f4ncavo da Bahia \u2014 Foto: Reprodu\u00e7\u00e3o\/TV Bahia<img class=\"i-amphtml-fill-content i-amphtml-replaced-content\" style=\"font-family: inherit; font-size: inherit; font-style: inherit; font-variant-ligatures: inherit; font-variant-caps: inherit; font-weight: inherit; text-align: center;\" src=\"https:\/\/s2.glbimg.com\/c9HaUO7gSi7Mi-oJO-fLl7L9gYs=\/0x0:1700x1065\/984x0\/smart\/filters:strip_icc()\/i.s3.glbimg.com\/v1\/AUTH_59edd422c0c84a879bd37670ae4f538a\/internal_photos\/bs\/2021\/X\/V\/653Ir2TXuIkcIyTrialQ\/a1.jpg\" sizes=\"(max-width: 1366px) 648px, 100vw\" srcset=\"https:\/\/s2.glbimg.com\/qUvc3MfWkHek8ZsB4RqOJLDlUr0=\/0x0:1700x1065\/1000x0\/smart\/filters:strip_icc()\/i.s3.glbimg.com\/v1\/AUTH_59edd422c0c84a879bd37670ae4f538a\/internal_photos\/bs\/2021\/X\/V\/653Ir2TXuIkcIyTrialQ\/a1.jpg 1000w, https:\/\/s2.glbimg.com\/c9HaUO7gSi7Mi-oJO-fLl7L9gYs=\/0x0:1700x1065\/984x0\/smart\/filters:strip_icc()\/i.s3.glbimg.com\/v1\/AUTH_59edd422c0c84a879bd37670ae4f538a\/internal_photos\/bs\/2021\/X\/V\/653Ir2TXuIkcIyTrialQ\/a1.jpg 984w, https:\/\/s2.glbimg.com\/c9oxTjjaO84C82nSLfC3sX1RQhg=\/0x0:1700x1065\/640x0\/smart\/filters:strip_icc()\/i.s3.glbimg.com\/v1\/AUTH_59edd422c0c84a879bd37670ae4f538a\/internal_photos\/bs\/2021\/X\/V\/653Ir2TXuIkcIyTrialQ\/a1.jpg 640w, https:\/\/s2.glbimg.com\/VZwxvPNsSlwLy5m-It_lHkVAGjM=\/0x0:1700x1065\/600x0\/smart\/filters:strip_icc()\/i.s3.glbimg.com\/v1\/AUTH_59edd422c0c84a879bd37670ae4f538a\/internal_photos\/bs\/2021\/X\/V\/653Ir2TXuIkcIyTrialQ\/a1.jpg 600w\" alt=\"Caso aconteceu em Cruz das Almas, na Bahia \u2014 Foto: Divulga\u00e7\u00e3o\/Prefeitura de Cruz das Almas\" \/><\/p>\n<\/div>\n<\/div>\n<\/div>\n<div id=\"chunk-7on7r\">\n<div class=\"row medium-uncollapsed content-media content-photo\" data-block-type=\"backstage-photo\" data-block-id=\"8\">\n<div class=\"mc-column content-media__container\">\n<p class=\"content-media__description \">Caso aconteceu em Cruz das Almas, na Bahia \u2014 Foto: Divulga\u00e7\u00e3o\/Prefeitura de Cruz das Almas<\/p>\n<\/div>\n<\/div>\n<\/div>\n<div id=\"chunk-8b7j0\">\n<div class=\"mc-column content-text active-extra-styles \" data-block-type=\"unstyled\" data-block-weight=\"8\" data-block-id=\"9\">\n<p class=\"content-text__container \" data-track-category=\"Link no Texto\" data-track-links=\"\">\n<\/div>\n<\/div>\n<\/div>\n<\/article>\n<\/div>\n","protected":false},"excerpt":{"rendered":"<p>Um casal foi eletrocutado na ter\u00e7a-feira (17), na cidade de Cruz das Almas, no rec\u00f4ncavo da Bahia. Segundo a Pol\u00edcia Militar, Jo\u00e3o Paulo Marques dos Santos, de 33 anos, subiu no telhado da casa para instalar uma antena externa de televis\u00e3o, quando a barra de ferro tocou na rede el\u00e9trica. A esposa dele, identificada como [&hellip;]<\/p>\n","protected":false},"author":2,"featured_media":0,"comment_status":"open","ping_status":"open","sticky":false,"template":"","format":"standard","meta":{"_links_to":"","_links_to_target":""},"categories":[7,9,8,1],"tags":[],"_links":{"self":[{"href":"https:\/\/www.ilheusnoticias.net.br\/v1\/wp-json\/wp\/v2\/posts\/30629"}],"collection":[{"href":"https:\/\/www.ilheusnoticias.net.br\/v1\/wp-json\/wp\/v2\/posts"}],"about":[{"href":"https:\/\/www.ilheusnoticias.net.br\/v1\/wp-json\/wp\/v2\/types\/post"}],"author":[{"embeddable":true,"href":"https:\/\/www.ilheusnoticias.net.br\/v1\/wp-json\/wp\/v2\/users\/2"}],"replies":[{"embeddable":true,"href":"https:\/\/www.ilheusnoticias.net.br\/v1\/wp-json\/wp\/v2\/comments?post=30629"}],"version-history":[{"count":2,"href":"https:\/\/www.ilheusnoticias.net.br\/v1\/wp-json\/wp\/v2\/posts\/30629\/revisions"}],"predecessor-version":[{"id":30634,"href":"https:\/\/www.ilheusnoticias.net.br\/v1\/wp-json\/wp\/v2\/posts\/30629\/revisions\/30634"}],"wp:attachment":[{"href":"https:\/\/www.ilheusnoticias.net.br\/v1\/wp-json\/wp\/v2\/media?parent=30629"}],"wp:term":[{"taxonomy":"category","embeddable":true,"href":"https:\/\/www.ilheusnoticias.net.br\/v1\/wp-json\/wp\/v2\/categories?post=30629"},{"taxonomy":"post_tag","embeddable":true,"href":"https:\/\/www.ilheusnoticias.net.br\/v1\/wp-json\/wp\/v2\/tags?post=30629"}],"curies":[{"name":"wp","href":"https:\/\/api.w.org\/{rel}","templated":true}]}}