{"id":30627,"date":"2023-01-18T07:49:14","date_gmt":"2023-01-18T10:49:14","guid":{"rendered":"https:\/\/www.ilheusnoticias.net.br\/v1\/?p=30627"},"modified":"2023-01-18T07:49:14","modified_gmt":"2023-01-18T10:49:14","slug":"marido-e-sogro-de-cabeleireira-encomendaram-morte-de-6-pessoas-da-familia-no-df-diz-policia","status":"publish","type":"post","link":"https:\/\/www.ilheusnoticias.net.br\/v1\/2023\/01\/18\/marido-e-sogro-de-cabeleireira-encomendaram-morte-de-6-pessoas-da-familia-no-df-diz-policia\/","title":{"rendered":"Marido e sogro de cabeleireira encomendaram morte de 6 pessoas da fam\u00edlia no DF, diz pol\u00edcia"},"content":{"rendered":"<div class=\"row content-head non-featured \">\n<div class=\"title\" data-block-type=\"title\" data-block-id=\"0\">\n<h1 class=\"content-head__title\"><span style=\"font-size: 16px;\">Segundo Pol\u00edcia Civil do DF, suspeito preso nesta ter\u00e7a-feira (17) confessou que recebeu dinheiro para cometer crimes. Ao todo, 8 pessoas haviam desaparecido, incluindo os dois supostos mandantes; 6 corpos foram encontrados.<\/span><\/h1>\n<\/div>\n<\/div>\n<div class=\"content__signa-share\">\n<div class=\"content__signature\">\n<div class=\"content-publication-data\">\n<div class=\"content-publication-data__text\">\n<p class=\"content-publication-data__from\" title=\"Walder Galv\u00e3o e Caroline Cintra, g1 DF \">Por Walder Galv\u00e3o e Caroline Cintra, g1 DF<\/p>\n<p class=\"content-publication-data__updated\"><img class=\"content-video__placeholder__thumb\" title=\"Pol\u00edcia prende segundo suspeito pelo desaparecimento de 8 pessoas da mesma fam\u00edlia no DF\" src=\"https:\/\/s03.video.glbimg.com\/x240\/11287538.jpg\" alt=\"Pol\u00edcia prende segundo suspeito pelo desaparecimento de 8 pessoas da mesma fam\u00edlia no DF\" \/><\/p>\n<\/div>\n<\/div>\n<\/div>\n<\/div>\n<div class=\"mc-article-body\">\n<article>\n<div id=\"chunk-2vlre\">\n<div class=\"bs-video-block mc-column  content-media content-video\" data-block-type=\"backstage-video\" data-block-id=\"1\">\n<div class=\"content-media__container\">\n<div class=\"content-video__bigger-player-description-fixer\">\n<article class=\"content-video\">\n<section class=\"content-video__video-container\">\n<div class=\"content-video__video\">\n<div id=\"wp3-player-1\" class=\"clappr-player\" tabindex=\"9999\" data-player=\"\">\n<div class=\"dfp-ad-overlay dfp-ad-overlay--poster-mode\">\n<div><\/div>\n<\/div>\n<div class=\"media-control media-control-hide h720 w960\">\n<div class=\"media-control-panel\">\n<div class=\"media-control-panel__lower\" data-controls=\"\">\n<div class=\"opposites-container\">\n<div class=\"media-control-position__right\">Pol\u00edcia prende segundo suspeito pelo desaparecimento de 8 pessoas da mesma fam\u00edlia no DF<\/div>\n<\/div>\n<\/div>\n<\/div>\n<\/div>\n<\/div>\n<\/div>\n<\/section>\n<\/article>\n<\/div>\n<\/div>\n<\/div>\n<\/div>\n<div id=\"chunk-d9e71\">\n<div class=\"mc-column content-text active-extra-styles \" data-block-type=\"unstyled\" data-block-weight=\"55\" data-block-id=\"3\">\n<p class=\"content-text__container \" data-track-category=\"Link no Texto\" data-track-links=\"\">Um dos presos suspeitos pelo\u00a0<a href=\"https:\/\/g1.globo.com\/df\/distrito-federal\/noticia\/2023\/01\/16\/policia-investiga-desaparecimento-de-8-pessoas-da-mesma-familia-no-df-6-corpos-foram-encontrados-em-carros-de-envolvidos.ghtml\">desaparecimento de oito pessoas da mesma fam\u00edlia<\/a>\u00a0no Distrito Federal confessou que\u00a0<strong>Thiago Gabriel Belchior de Oliveira<\/strong>,\u00a0<span class=\"highlight highlighted\">marido da cabeleireira Elizamar Silva<\/span>, e\u00a0<strong>Marcos Ant\u00f4nio Lopes de Oliveira<\/strong>,\u00a0<span class=\"highlight highlighted\">sogro de Elizamar<\/span>,\u00a0<strong>encomendaram a morte da fam\u00edlia<\/strong>. A informa\u00e7\u00e3o foi dada pela Pol\u00edcia Civil do DF na noite desta ter\u00e7a-feira (17).<\/p>\n<\/div>\n<\/div>\n<div class=\"wall protected-content\">\n<div class=\"mc-column content-text active-extra-styles\" data-block-type=\"raw\" data-block-weight=\"6\" data-block-id=\"4\">\n<p>&nbsp;<\/p>\n<p>Segundo o delegado Ricardo Viana, da 6\u00aa Delegacia de Pol\u00edcia do <a href=\"https:\/\/g1.globo.com\/df\/distrito-federal\/cidade\/paranoa\/\">Parano\u00e1<\/a>, um dos homens presos por envolvimento no crime,\u00a0<strong>Hor\u00e1cio Carlos Ferreira Barbosa<\/strong>, de 49 anos, contou que ele e\u00a0<strong>Gideon Batista de Menezes<\/strong>, de 55 anos, receberam\u00a0<strong>R$ 100 mil<\/strong>\u00a0para matar a cabeleireira, os tr\u00eas filhos \u2014 Gabriel, de 7 anos, e os g\u00eameos Rafael e Rafaela, de 6 anos \u2014, a sogra e a cunhada da mulher.<\/p>\n<\/div>\n<div id=\"chunk-d32lt\">\n<div class=\"content-ads content-ads--reveal\" data-block-type=\"ads\" data-block-id=\"6\">\n<div id=\"banner_materia2\" class=\"tag-manager-publicidade-container mc-has-reveal mc-has-ad-lazyload tag-manager-publicidade-banner_materia2 tag-manager-publicidade-container--carregado tag-manager-publicidade-container--visivel\" data-id=\"banner_materia2\" data-google-query-id=\"CPmo3Zj30PwCFbOSlQIdTeMB9A\">\n<div id=\"google_ads_iframe_\/95377733\/tvg_G1\/Sua_Regiao&gt;Centro_Oeste&gt;Distrito_Federal_3__container__\" style=\"box-sizing: inherit; margin: auto; padding: 0px; border: 0pt none; font: inherit; vertical-align: initial; max-width: 100%; text-align: center; width: 970px; height: 250px;\"><span class=\"highlight highlighted\">As crian\u00e7as tamb\u00e9m eram filhas de Thiago e netas de Marcos Ant\u00f4nio. As outras duas v\u00edtimas s\u00e3o a m\u00e3e e a irm\u00e3 de Thiago, esposa e filha de Marcos Ant\u00f4nio<\/span>.Thiago Gabriel Belchior de Oliveira, de 30 anos, e Marcos Ant\u00f4nio Lopes de Oliveira, de 54 anos, apontados como mandantes do crime, <strong>est\u00e3o desaparecidos.<\/strong><img class=\"i-amphtml-fill-content i-amphtml-replaced-content\" src=\"https:\/\/s2.glbimg.com\/O8D0x_TP-8SBaDaP7fq11-q710I=\/0x0:984x553\/984x0\/smart\/filters:strip_icc()\/i.s3.glbimg.com\/v1\/AUTH_59edd422c0c84a879bd37670ae4f538a\/internal_photos\/bs\/2023\/T\/U\/yiS9CtQ8WU0rSKey6Otg\/marido-sogro.jpg\" sizes=\"(max-width: 1366px) 648px, 100vw\" srcset=\"https:\/\/s2.glbimg.com\/MZw2sC3u9_SzidApPyLMvHKuMAU=\/0x0:984x553\/1000x0\/smart\/filters:strip_icc()\/i.s3.glbimg.com\/v1\/AUTH_59edd422c0c84a879bd37670ae4f538a\/internal_photos\/bs\/2023\/T\/U\/yiS9CtQ8WU0rSKey6Otg\/marido-sogro.jpg 1000w, https:\/\/s2.glbimg.com\/O8D0x_TP-8SBaDaP7fq11-q710I=\/0x0:984x553\/984x0\/smart\/filters:strip_icc()\/i.s3.glbimg.com\/v1\/AUTH_59edd422c0c84a879bd37670ae4f538a\/internal_photos\/bs\/2023\/T\/U\/yiS9CtQ8WU0rSKey6Otg\/marido-sogro.jpg 984w, https:\/\/s2.glbimg.com\/-SYk5TiXsJJcXk0a8w0GNtg1gw0=\/0x0:984x553\/640x0\/smart\/filters:strip_icc()\/i.s3.glbimg.com\/v1\/AUTH_59edd422c0c84a879bd37670ae4f538a\/internal_photos\/bs\/2023\/T\/U\/yiS9CtQ8WU0rSKey6Otg\/marido-sogro.jpg 640w, https:\/\/s2.glbimg.com\/0r70LPRBfwXVCf_QQ6hkpvVSsFk=\/0x0:984x553\/600x0\/smart\/filters:strip_icc()\/i.s3.glbimg.com\/v1\/AUTH_59edd422c0c84a879bd37670ae4f538a\/internal_photos\/bs\/2023\/T\/U\/yiS9CtQ8WU0rSKey6Otg\/marido-sogro.jpg 600w\" alt=\"Thiago Gabriel Belchior de Oliveira, marido de Elizamar, e Marcos Ant\u00f4nio Lopes de Oliveira, sogro de Elizamar \u2014 Foto: Reprodu\u00e7\u00e3o\" \/><\/div>\n<\/div>\n<\/div>\n<\/div>\n<div id=\"chunk-2dbpa\">\n<div class=\"row medium-uncollapsed content-media content-photo\" data-block-type=\"backstage-photo\" data-block-id=\"9\">\n<div class=\"mc-column content-media__container\">\n<p>&nbsp;<\/p>\n<p>&nbsp;<\/p>\n<p>&nbsp;<\/p>\n<p>&nbsp;<\/p>\n<p>&nbsp;<\/p>\n<p class=\"content-media__description \">Thiago Gabriel Belchior de Oliveira, marido de Elizamar, e Marcos Ant\u00f4nio Lopes de Oliveira, sogro de Elizamar \u2014 Foto: Reprodu\u00e7\u00e3o<\/p>\n<\/div>\n<\/div>\n<\/div>\n<div id=\"chunk-91h36\">\n<div class=\"mc-column content-text active-extra-styles \" data-block-type=\"unstyled\" data-block-weight=\"33\" data-block-id=\"10\">\n<p class=\"content-text__container \" data-track-category=\"Link no Texto\" data-track-links=\"\">Al\u00e9m disso, a pol\u00edcia afirmou que, em depoimento, Hor\u00e1cio contou que outras duas pessoas participaram do crime: uma amante de Marcos e a filha dessa mulher. As duas tamb\u00e9m s\u00e3o consideradas desaparecidas.<\/p>\n<\/div>\n<\/div>\n<div id=\"chunk-fojtn\">\n<div class=\"mc-column content-text active-extra-styles \" data-block-type=\"unstyled\" data-block-weight=\"15\" data-block-id=\"11\">\n<p class=\"content-text__container \" data-track-category=\"Link no Texto\" data-track-links=\"\"><a href=\"https:\/\/g1.globo.com\/df\/distrito-federal\/noticia\/2023\/01\/17\/policia-do-df-prende-suspeito-de-envolvimento-no-desaparecimento-de-8-pessoas-da-mesma-familia-no-df.ghtml\">Gideon, que foi preso na manh\u00e3 desta ter\u00e7a<\/a>, ficou em sil\u00eancio, segundo o delegado.<span style=\"font-family: inherit; font-size: inherit; font-style: inherit; font-variant-ligatures: inherit; font-variant-caps: inherit; font-weight: inherit; text-align: center;\">Um<\/span><a style=\"font-family: inherit; font-size: inherit; font-style: inherit; font-variant-ligatures: inherit; font-variant-caps: inherit; font-weight: inherit; text-align: center;\" href=\"https:\/\/g1.globo.com\/df\/distrito-federal\/noticia\/2023\/01\/18\/policia-prende-terceiro-suspeito-de-envolvimento-na-morte-de-6-pessoas-da-mesma-familia-no-df-diz-policia.ghtml\">\u00a0terceiro suspeito tamb\u00e9m foi detido<\/a><span style=\"font-family: inherit; font-size: inherit; font-style: inherit; font-variant-ligatures: inherit; font-variant-caps: inherit; font-weight: inherit; text-align: center;\">. O homem foi identificado como Fabr\u00edcio Silva Canhedo, de 34 anos, e, segundo a investiga\u00e7\u00e3o, ele foi respons\u00e1vel por vigiar parte das v\u00edtimas, que foram mantidas em um cativeiro.<\/span><\/p>\n<\/div>\n<\/div>\n<div class=\"mc-column content-text active-extra-styles\" data-block-type=\"raw\" data-block-weight=\"2\" data-block-id=\"14\">\n<p class=\"content-text__container\">\n<div class=\"content-intertitle\">\n<h2>O crime<\/h2>\n<\/div>\n<p>&nbsp;<\/p>\n<\/div>\n<div id=\"chunk-bdpdf\">\n<div class=\"row medium-uncollapsed content-media content-photo\" data-block-type=\"backstage-photo\" data-block-id=\"15\">\n<div class=\"mc-column content-media__container\">\n<div class=\"content-media-container glb-skeleton-box\">\n<figure class=\"content-media-figure\"><img class=\"i-amphtml-fill-content i-amphtml-replaced-content\" src=\"https:\/\/s2.glbimg.com\/mN1oNq5OPbiSdWicdEcu7Yk70g4=\/0x0:1920x1080\/984x0\/smart\/filters:strip_icc()\/i.s3.glbimg.com\/v1\/AUTH_59edd422c0c84a879bd37670ae4f538a\/internal_photos\/bs\/2023\/A\/D\/2zZFL7QxKJxuTZtF6mdQ\/a1145-df1-limpo-16012023-frame-149085.jpeg\" sizes=\"(max-width: 1366px) 648px, 100vw\" srcset=\"https:\/\/s2.glbimg.com\/9fuoNm1xPb1o7UUltvNkvtxahkI=\/0x0:1920x1080\/1000x0\/smart\/filters:strip_icc()\/i.s3.glbimg.com\/v1\/AUTH_59edd422c0c84a879bd37670ae4f538a\/internal_photos\/bs\/2023\/A\/D\/2zZFL7QxKJxuTZtF6mdQ\/a1145-df1-limpo-16012023-frame-149085.jpeg 1000w, https:\/\/s2.glbimg.com\/mN1oNq5OPbiSdWicdEcu7Yk70g4=\/0x0:1920x1080\/984x0\/smart\/filters:strip_icc()\/i.s3.glbimg.com\/v1\/AUTH_59edd422c0c84a879bd37670ae4f538a\/internal_photos\/bs\/2023\/A\/D\/2zZFL7QxKJxuTZtF6mdQ\/a1145-df1-limpo-16012023-frame-149085.jpeg 984w, https:\/\/s2.glbimg.com\/1xOisXNpqlDgwCwMmXlKuY4EEHM=\/0x0:1920x1080\/640x0\/smart\/filters:strip_icc()\/i.s3.glbimg.com\/v1\/AUTH_59edd422c0c84a879bd37670ae4f538a\/internal_photos\/bs\/2023\/A\/D\/2zZFL7QxKJxuTZtF6mdQ\/a1145-df1-limpo-16012023-frame-149085.jpeg 640w, https:\/\/s2.glbimg.com\/RMvFCjpPNlFIyxtT66H1Kh5al7E=\/0x0:1920x1080\/600x0\/smart\/filters:strip_icc()\/i.s3.glbimg.com\/v1\/AUTH_59edd422c0c84a879bd37670ae4f538a\/internal_photos\/bs\/2023\/A\/D\/2zZFL7QxKJxuTZtF6mdQ\/a1145-df1-limpo-16012023-frame-149085.jpeg 600w\" alt=\"Carro de cabeleireira foi encontrado carbonizado com quatro corpos dentro que seriam dela e dos tr\u00eas filhos pequenos \u2014 Foto: TV Globo\/Reprodu\u00e7\u00e3o\" \/><\/figure>\n<\/div>\n<p class=\"content-media__description \">Carro de cabeleireira foi encontrado carbonizado com quatro corpos dentro que seriam dela e dos tr\u00eas filhos pequenos \u2014 Foto: TV Globo\/Reprodu\u00e7\u00e3o<\/p>\n<\/div>\n<\/div>\n<\/div>\n<div id=\"chunk-80ri0\">\n<div class=\"mc-column content-text active-extra-styles \" data-block-type=\"unstyled\" data-block-weight=\"47\" data-block-id=\"16\">\n<p class=\"content-text__container \" data-track-category=\"Link no Texto\" data-track-links=\"\">A Pol\u00edcia Civil disse que Hor\u00e1cio contou que a ideia era atrair Elizamar ao Parano\u00e1 para que o crime fosse cometido. No entanto, Thiago, o marido da cabeleireira \u2013 que pediu para a mulher busc\u00e1-lo na regi\u00e3o \u2013 n\u00e3o sabia que ela estava com as crian\u00e7as.<\/p>\n<\/div>\n<\/div>\n<div class=\"mc-column content-text active-extra-styles\" data-block-type=\"raw\" data-block-weight=\"33\" data-block-id=\"17\">\n<p class=\"content-text__container\">\n<blockquote class=\"content-blockquote theme-border-color-primary-before\"><p>&#8220;Por conta disso, a din\u00e2mica do crime mudou&#8221;, disse o delegado. Segundo ele, o objetivo era subtrair uma quantia em dinheiro que a mulher guardava em uma conta banc\u00e1ria e mat\u00e1-la, em seguida.<\/p><\/blockquote>\n<blockquote class=\"content-blockquote theme-border-color-primary-before\"><p><span style=\"font-family: inherit; font-size: inherit; font-style: inherit; font-variant-ligatures: inherit; font-variant-caps: inherit; font-weight: inherit; text-align: center;\">Como as crian\u00e7as estavam no carro, Marcos Ant\u00f4nio (av\u00f4 das crian\u00e7as), Thiago (pai das crian\u00e7as), Gideon e Hor\u00e1cio (os homens contratados para cometer o crime) levaram as v\u00edtimas para <\/span><a style=\"font-family: inherit; font-size: inherit; font-style: inherit; font-variant-ligatures: inherit; font-variant-caps: inherit; font-weight: inherit; text-align: center;\" href=\"https:\/\/g1.globo.com\/go\/goias\/cidade\/cristalina\/\">Cristalina (GO)<\/a><span style=\"font-family: inherit; font-size: inherit; font-style: inherit; font-variant-ligatures: inherit; font-variant-caps: inherit; font-weight: inherit; text-align: center;\">. No local, todos foram sufocados, e os criminosos atearam fogo no ve\u00edculo, segundo o depoimento do suspeito.<\/span><\/p><\/blockquote>\n<\/div>\n<div id=\"chunk-2ekck\">\n<div class=\"mc-column content-text active-extra-styles \" data-block-type=\"unstyled\" data-block-weight=\"33\" data-block-id=\"20\">\n<p class=\"content-text__container \" data-track-category=\"Link no Texto\" data-track-links=\"\">De acordo com o delegado, Hor\u00e1cio afirmou que Elizamar tentou resistir, mas foi enforcada. Segundo o suspeito,\u00a0<span class=\"highlight highlighted\">Thiago teria matado um dos pr\u00f3prios filhos antes de atear fogo no carro da fam\u00edlia<\/span>.<\/p>\n<\/div>\n<\/div>\n<div id=\"chunk-35j3f\">\n<div class=\"mc-column content-text active-extra-styles \" data-block-type=\"unstyled\" data-block-weight=\"2\" data-block-id=\"21\"><\/div>\n<\/div>\n<div class=\"mc-column content-text active-extra-styles\" data-block-type=\"raw\" data-block-weight=\"24\" data-block-id=\"22\">\n<p>Sequestro e assassinato<\/p>\n<\/div>\n<div class=\"mc-column content-text active-extra-styles\" data-block-type=\"raw\" data-block-weight=\"3\" data-block-id=\"23\">\n<p>&nbsp;<\/p>\n<\/div>\n<div id=\"chunk-8j5gc\">\n<div class=\"row medium-uncollapsed content-media content-photo\" data-block-type=\"backstage-photo\" data-block-id=\"24\">\n<div class=\"mc-column content-media__container\">\n<div class=\"content-media-container glb-skeleton-box\">\n<figure class=\"content-media-figure\"><img class=\"i-amphtml-fill-content i-amphtml-replaced-content\" src=\"https:\/\/s2.glbimg.com\/IngmSjLeO9xALU7ymXDzjFRzOXM=\/0x0:1280x858\/984x0\/smart\/filters:strip_icc()\/i.s3.glbimg.com\/v1\/AUTH_59edd422c0c84a879bd37670ae4f538a\/internal_photos\/bs\/2023\/4\/c\/Rab0tjTZSSX495nleR9Q\/whatsapp-image-2023-01-17-at-20.39.57.jpeg\" sizes=\"(max-width: 1366px) 648px, 100vw\" srcset=\"https:\/\/s2.glbimg.com\/nP563pnmu0Rj02qeERqOkCkSgG4=\/0x0:1280x858\/1000x0\/smart\/filters:strip_icc()\/i.s3.glbimg.com\/v1\/AUTH_59edd422c0c84a879bd37670ae4f538a\/internal_photos\/bs\/2023\/4\/c\/Rab0tjTZSSX495nleR9Q\/whatsapp-image-2023-01-17-at-20.39.57.jpeg 1000w, https:\/\/s2.glbimg.com\/IngmSjLeO9xALU7ymXDzjFRzOXM=\/0x0:1280x858\/984x0\/smart\/filters:strip_icc()\/i.s3.glbimg.com\/v1\/AUTH_59edd422c0c84a879bd37670ae4f538a\/internal_photos\/bs\/2023\/4\/c\/Rab0tjTZSSX495nleR9Q\/whatsapp-image-2023-01-17-at-20.39.57.jpeg 984w, https:\/\/s2.glbimg.com\/bVO40RNfllfrzzbADbMJpon3euc=\/0x0:1280x858\/640x0\/smart\/filters:strip_icc()\/i.s3.glbimg.com\/v1\/AUTH_59edd422c0c84a879bd37670ae4f538a\/internal_photos\/bs\/2023\/4\/c\/Rab0tjTZSSX495nleR9Q\/whatsapp-image-2023-01-17-at-20.39.57.jpeg 640w, https:\/\/s2.glbimg.com\/gYRL_bVFkKAcQAAkF5bqyC8dCXA=\/0x0:1280x858\/600x0\/smart\/filters:strip_icc()\/i.s3.glbimg.com\/v1\/AUTH_59edd422c0c84a879bd37670ae4f538a\/internal_photos\/bs\/2023\/4\/c\/Rab0tjTZSSX495nleR9Q\/whatsapp-image-2023-01-17-at-20.39.57.jpeg 600w\" alt=\"Suspeito de queimar corpos de fam\u00edlia que desapareceu no DF comprou gasolina para cometer o crime, diz pol\u00edcia \u2014 Foto: Reprodu\u00e7\u00e3o\" \/><\/figure>\n<\/div>\n<p class=\"content-media__description \">Suspeito de queimar corpos de fam\u00edlia que desapareceu no DF comprou gasolina para cometer o crime, diz pol\u00edcia \u2014 Foto: Reprodu\u00e7\u00e3o<\/p>\n<\/div>\n<\/div>\n<\/div>\n<div id=\"chunk-359n3\">\n<div class=\"mc-column content-text active-extra-styles \" data-block-type=\"unstyled\" data-block-weight=\"36\" data-block-id=\"26\">\n<p class=\"content-text__container \" data-track-category=\"Link no Texto\" data-track-links=\"\">As outras supostas v\u00edtimas assassinadas nesse caso s\u00e3o\u00a0<span class=\"highlight highlighted\">Renata Juliene Belchior, de 52 anos, m\u00e3e de Thiago e sogra de Elizamar, e Gabriela Belchior Oliveira, de 25 anos, cunhada da cabelereira e irm\u00e3 de Thiago<\/span>.<\/p>\n<\/div>\n<\/div>\n<div id=\"chunk-12mim\">\n<div class=\"mc-column content-text active-extra-styles \" data-block-type=\"unstyled\" data-block-weight=\"38\" data-block-id=\"27\">\n<p class=\"content-text__container \" data-track-category=\"Link no Texto\" data-track-links=\"\">De acordo com o depoimento de Hor\u00e1cio, ele, Gideon, Marcos Ant\u00f4nio e o pr\u00f3prio Thiago sequestraram as mulheres, as mantiveram por cinco dias em um cativeiro e as assassinaram da mesma forma que Elizamar e os filhos.<\/p>\n<\/div>\n<\/div>\n<div id=\"chunk-8tj0s\">\n<div class=\"mc-column content-text active-extra-styles \" data-block-type=\"unstyled\" data-block-weight=\"46\" data-block-id=\"28\">\n<p class=\"content-text__container \" data-track-category=\"Link no Texto\" data-track-links=\"\">Marcos Ant\u00f4nio era marido de Renata Juliene e pai de Gabriela. Segundo a investiga\u00e7\u00e3o, Renata tinha vendido uma casa na regi\u00e3o de\u00a0<a href=\"https:\/\/g1.globo.com\/df\/distrito-federal\/cidade\/santa-maria-df\/\">Santa Maria<\/a>\u00a0por R$ 400 mil, e a ideia de Marcos era mat\u00e1-la para ficar com o dinheiro e fugir com a amante.<\/p>\n<\/div>\n<\/div>\n<div id=\"chunk-3f9fq\">\n<div class=\"mc-column content-text active-extra-styles \" data-block-type=\"unstyled\" data-block-weight=\"39\" data-block-id=\"29\">\n<p class=\"content-text__container \" data-track-category=\"Link no Texto\" data-track-links=\"\">De acordo com o delegado, ap\u00f3s mant\u00ea-las em c\u00e1rcere privado, os suspeitos n\u00e3o conseguiram o dinheiro e as levaram de carro para\u00a0<a href=\"https:\/\/g1.globo.com\/mg\/grande-minas\/cidade\/unai\/\">Una\u00ed (MG)<\/a>, onde asfixiaram e mataram as v\u00edtimas que eram m\u00e3e, esposa e irm\u00e3 dos mandantes.<\/p>\n<\/div>\n<\/div>\n<div id=\"chunk-5ee5s\">\n<div class=\"mc-column content-text active-extra-styles \" data-block-type=\"unstyled\" data-block-weight=\"50\" data-block-id=\"30\">\n<p class=\"content-text__container \" data-track-category=\"Link no Texto\" data-track-links=\"\">De acordo com o investigador, o depoimento de Hor\u00e1cio foi &#8220;robusto&#8221;, mas todas as informa\u00e7\u00f5es ainda v\u00e3o ser confirmadas pelos policiais.\u00a0<span class=\"highlight highlighted\">Como uma das provas, o delegado afirma que h\u00e1 imagens que mostram Gideon comprando gasolina em Cristalina (GO) para atear fogo no carro de Elizamar<\/span>\u00a0(<strong>veja imagem acima<\/strong>).<\/p>\n<\/div>\n<\/div>\n<div class=\"mc-column content-text active-extra-styles\" data-block-type=\"raw\" data-block-weight=\"5\" data-block-id=\"32\">\n<div class=\"content-intertitle\">\n<h2>Corpos ainda n\u00e3o foram identificados<\/h2>\n<\/div>\n<p>&nbsp;<\/p>\n<\/div>\n<div id=\"chunk-641v6\">\n<div class=\"mc-column content-text active-extra-styles \" data-block-type=\"unstyled\" data-block-weight=\"37\" data-block-id=\"33\">\n<p class=\"content-text__container \" data-track-category=\"Link no Texto\" data-track-links=\"\">O delegado Ricardo Viana afirmou que os corpos das v\u00edtimas ainda n\u00e3o foram identificados pelo Instituto M\u00e9dico Legal (IML), mas que &#8220;tudo leva a crer&#8221; que s\u00e3o de Elizamar, das tr\u00eas crian\u00e7as, de Renata e de Gabriela.<\/p>\n<\/div>\n<\/div>\n<div id=\"chunk-43fpn\">\n<div class=\"mc-column content-text active-extra-styles \" data-block-type=\"unstyled\" data-block-weight=\"44\" data-block-id=\"34\">\n<p class=\"content-text__container \" data-track-category=\"Link no Texto\" data-track-links=\"\">Viana disse que vai aguardar o resultado dos exames e que os policiais continuam procurando Thiago e Marcos Ant\u00f4nio. Segundo a pol\u00edcia, quem tiver informa\u00e7\u00f5es sobre os suspeitos pode entrar em contato pelo<strong>\u00a0telefone 197<\/strong>.\u00a0<span class=\"highlight highlighted\">As den\u00fancias podem ser feitas de forma an\u00f4nima<\/span>.<\/p>\n<\/div>\n<\/div>\n<div class=\"mc-column content-text active-extra-styles\" data-block-type=\"raw\" data-block-weight=\"3\" data-block-id=\"35\">\n<p class=\"content-text__container\">\n<div class=\"content-intertitle\">\n<h2>Entenda o caso<\/h2>\n<\/div>\n<p>&nbsp;<\/p>\n<\/div>\n<div id=\"chunk-1bp52\">\n<div class=\"row medium-uncollapsed content-media content-photo\" data-block-type=\"backstage-photo\" data-block-id=\"36\">\n<div class=\"mc-column content-media__container\">\n<div class=\"content-media-container glb-skeleton-box\">\n<figure class=\"content-media-figure\"><img class=\"i-amphtml-fill-content i-amphtml-replaced-content\" src=\"https:\/\/s2.glbimg.com\/ZcJZAdgSeFpGhOPmJI9WbNgmLfA=\/0x0:1060x710\/984x0\/smart\/filters:strip_icc()\/i.s3.glbimg.com\/v1\/AUTH_59edd422c0c84a879bd37670ae4f538a\/internal_photos\/bs\/2023\/3\/a\/E1SiFBTza84dLOYeUbmQ\/1673899985925389.jpg\" sizes=\"(max-width: 1366px) 648px, 100vw\" srcset=\"https:\/\/s2.glbimg.com\/yWywqr72Htf_YRBGkU-7sOfsC-4=\/0x0:1060x710\/1000x0\/smart\/filters:strip_icc()\/i.s3.glbimg.com\/v1\/AUTH_59edd422c0c84a879bd37670ae4f538a\/internal_photos\/bs\/2023\/3\/a\/E1SiFBTza84dLOYeUbmQ\/1673899985925389.jpg 1000w, https:\/\/s2.glbimg.com\/ZcJZAdgSeFpGhOPmJI9WbNgmLfA=\/0x0:1060x710\/984x0\/smart\/filters:strip_icc()\/i.s3.glbimg.com\/v1\/AUTH_59edd422c0c84a879bd37670ae4f538a\/internal_photos\/bs\/2023\/3\/a\/E1SiFBTza84dLOYeUbmQ\/1673899985925389.jpg 984w, https:\/\/s2.glbimg.com\/RgMGT8T2YFHDP6lEn5v8B267cFU=\/0x0:1060x710\/640x0\/smart\/filters:strip_icc()\/i.s3.glbimg.com\/v1\/AUTH_59edd422c0c84a879bd37670ae4f538a\/internal_photos\/bs\/2023\/3\/a\/E1SiFBTza84dLOYeUbmQ\/1673899985925389.jpg 640w, https:\/\/s2.glbimg.com\/waBquTP3Rg41C6IQQa1cBTU--So=\/0x0:1060x710\/600x0\/smart\/filters:strip_icc()\/i.s3.glbimg.com\/v1\/AUTH_59edd422c0c84a879bd37670ae4f538a\/internal_photos\/bs\/2023\/3\/a\/E1SiFBTza84dLOYeUbmQ\/1673899985925389.jpg 600w\" alt=\"Pol\u00edcia investiga desaparecimento de 8 pessoas da mesma fam\u00edlia no DF \u2014 Foto: Reprodu\u00e7\u00e3o\/Redes sociais\" \/><\/figure>\n<\/div>\n<p class=\"content-media__description \">Pol\u00edcia investiga desaparecimento de 8 pessoas da mesma fam\u00edlia no DF \u2014 Foto: Reprodu\u00e7\u00e3o\/Redes sociais<\/p>\n<\/div>\n<\/div>\n<\/div>\n<div id=\"chunk-fs7hg\">\n<div class=\"mc-column content-text active-extra-styles \" data-block-type=\"unstyled\" data-block-weight=\"38\" data-block-id=\"37\">\n<p class=\"content-text__container \" data-track-category=\"Link no Texto\" data-track-links=\"\">O caso come\u00e7ou ap\u00f3s o desaparecimento da\u00a0<a href=\"https:\/\/g1.globo.com\/df\/distrito-federal\/noticia\/2023\/01\/16\/carro-encontrado-carbonizado-com-quatro-corpos-dentro-pertencia-a-cabeleleira-da-asa-norte-em-brasilia.ghtml\">cabeleireira Elizamar Silva, de 39 anos<\/a>, e dos tr\u00eas filhos dela:\u00a0<strong>Gabriel<\/strong>, de 7 anos,\u00a0<strong>Rafael\u00a0<\/strong>e\u00a0<strong>Rafaela\u00a0<\/strong>\u2013 g\u00eameos de 6 anos de idade. O sumi\u00e7o foi na quinta-feira (12).<\/p>\n<\/div>\n<\/div>\n<div id=\"chunk-b4t6u\">\n<div class=\"mc-column content-text active-extra-styles \" data-block-type=\"unstyled\" data-block-weight=\"38\" data-block-id=\"39\">\n<p class=\"content-text__container \" data-track-category=\"Link no Texto\" data-track-links=\"\">Moradora de Santa Maria, no DF, Elizamar era casada h\u00e1 dez anos com<strong>\u00a0<\/strong>Thiago<strong>.\u00a0<\/strong>Ela tamb\u00e9m era m\u00e3e de um rapaz de 24 anos e de uma jovem de 18 anos, que avisaram a pol\u00edcia sobre o desaparecimento.<\/p>\n<\/div>\n<\/div>\n<div id=\"chunk-t75f\">\n<div class=\"mc-column content-text active-extra-styles \" data-block-type=\"unstyled\" data-block-weight=\"40\" data-block-id=\"40\">\n<p class=\"content-text__container \" data-track-category=\"Link no Texto\" data-track-links=\"\">Segundo testemunhas, Thiago disse que tinha brigado com a esposa, no dia do sumi\u00e7o, e que ela saiu em seguida com os tr\u00eas filhos do casal. Na sexta-feira (13),\u00a0<a href=\"https:\/\/g1.globo.com\/df\/distrito-federal\/noticia\/2023\/01\/16\/carro-encontrado-carbonizado-com-quatro-corpos-dentro-pertencia-a-cabeleleira-da-asa-norte-em-brasilia.ghtml\">o carro da cabeleireira foi encontrado carbonizado<\/a>\u00a0com quatro corpos dentro.<\/p>\n<\/div>\n<\/div>\n<div id=\"chunk-5k4o0\">\n<div class=\"mc-column content-text active-extra-styles \" data-block-type=\"unstyled\" data-block-weight=\"36\" data-block-id=\"41\">\n<p class=\"content-text__container \" data-track-category=\"Link no Texto\" data-track-links=\"\"><span class=\"highlight highlighted\">Em seguida, o marido de Elizamar tamb\u00e9m sumiu, assim como o pai, a m\u00e3e e uma irm\u00e3 dele<\/span>. No s\u00e1bado (14),\u00a0<a href=\"https:\/\/g1.globo.com\/df\/distrito-federal\/noticia\/2023\/01\/16\/policia-investiga-desaparecimento-de-8-pessoas-da-mesma-familia-no-df-6-corpos-foram-encontrados-em-carros-de-envolvidos.ghtml\">o carro do sogro de Elizamar foi encontrado<\/a>, tamb\u00e9m carbonizado, com dois corpos dentro.<\/p>\n<\/div>\n<\/div>\n<div id=\"chunk-fkjsf\">\n<div class=\"mc-column content-text active-extra-styles \" data-block-type=\"unstyled\" data-block-weight=\"4\" data-block-id=\"42\">\n<p class=\"content-text__container \" data-track-category=\"Link no Texto\" data-track-links=\"\"><strong>Os oito desaparecidos s\u00e3o:<\/strong><\/p>\n<\/div>\n<\/div>\n<div class=\"mc-column content-text active-extra-styles\" data-block-type=\"raw\" data-block-weight=\"76\" data-block-id=\"43\">\n<ul class=\"content-unordered-list\">\n<li>Elizamar Silva, de 39 anos;<\/li>\n<li>Gabriel, de 7 anos, filho de Elizamar;<\/li>\n<li>Rafael, de 6 anos, filho de Elizamar;<\/li>\n<li>Rafaela, de 6 anos, filha de Elizamar;<\/li>\n<li>Thiago Gabriel Belchior de Oliveira, marido de Elizamar;<\/li>\n<li>Marcos Ant\u00f4nio Lopes de Oliveira, de 54 anos, pai de Thiago e sogro de Elizamar;<\/li>\n<li>Renata Juliene Belchior, de 52 anos, m\u00e3e de Thiago e sogra de Elizamar;<\/li>\n<li>Gabriela Belchior de Oliveira, de 25 anos, irm\u00e3 de Thiago e cunhada de Elizamar.<\/li>\n<\/ul>\n<\/div>\n<div class=\"mc-column content-text active-extra-styles\" data-block-type=\"raw\" data-block-weight=\"4\" data-block-id=\"44\">\n<div class=\"content-intertitle\">\n<h2>Ve\u00edculos com corpos carbonizados<\/h2>\n<\/div>\n<p>O caso \u00e9 investigado pelas pol\u00edcias civis do DF, de Goi\u00e1s e de Minas Gerais, onde dois carros da fam\u00edlia foram localizados. Um dos carros, identificado como sendo o de Elizamar Silva, foi encontrado em Cristalina (GO), no Entorno do DF, na sexta-feira (13).<\/p>\n<\/div>\n<div id=\"chunk-ee6r8\">\n<div class=\"mc-column content-text active-extra-styles \" data-block-type=\"unstyled\" data-block-weight=\"44\" data-block-id=\"45\">\n<p class=\"content-text__container \" data-track-category=\"Link no Texto\" data-track-links=\"\"><span style=\"font-family: inherit; font-size: inherit; font-style: inherit; font-variant-ligatures: inherit; font-variant-caps: inherit; font-weight: inherit; text-align: center;\">Quatro cad\u00e1veres estavam no autom\u00f3vel e foram reconhecidos por parentes como sendo da cabeleireira e dos tr\u00eas filhos. No entanto, ainda n\u00e3o h\u00e1 confirma\u00e7\u00e3o oficial da pol\u00edcia.<\/span><\/p>\n<\/div>\n<\/div>\n<div id=\"chunk-bfppj\">\n<div class=\"mc-column content-text active-extra-styles \" data-block-type=\"unstyled\" data-block-weight=\"35\" data-block-id=\"48\">\n<p class=\"content-text__container \" data-track-category=\"Link no Texto\" data-track-links=\"\">Segundo a Pol\u00edcia Civil de Goi\u00e1s, os corpos foram encaminhados para Goi\u00e2nia e v\u00e3o para uma unidade especializada na an\u00e1lise de ossadas e material gen\u00e9tico. Mas ainda n\u00e3o h\u00e1 previs\u00e3o para o resultado da identifica\u00e7\u00e3o.<\/p>\n<\/div>\n<\/div>\n<div id=\"chunk-c09u8\">\n<div class=\"mc-column content-text active-extra-styles \" data-block-type=\"unstyled\" data-block-weight=\"47\" data-block-id=\"49\">\n<p class=\"content-text__container \" data-track-category=\"Link no Texto\" data-track-links=\"\"><span class=\"highlight highlighted\">O segundo ve\u00edculo pertence a Marcos Ant\u00f4nio Lopes de Oliveira, pai de Thiago e sogro de Elizamar<\/span>. O carro foi encontrado queimado na BR-251, em Una\u00ed (MG), no s\u00e1bado (14), com dois corpos dentro. Segundo a Pol\u00edcia Civil de Minas Gerais, os corpos tamb\u00e9m n\u00e3o foram identificados.<\/p>\n<\/div>\n<\/div>\n<div id=\"chunk-bvh43\">\n<div class=\"row medium-uncollapsed content-media content-photo\" data-block-type=\"backstage-photo\" data-block-id=\"50\">\n<div class=\"mc-column content-media__container\">\n<div class=\"content-media-container glb-skeleton-box\">\n<figure class=\"content-media-figure\"><img class=\"i-amphtml-fill-content i-amphtml-replaced-content\" src=\"https:\/\/s2.glbimg.com\/9lO4-rncUJSRhZRF-J5jQ-pFWd0=\/0x0:1700x1065\/984x0\/smart\/filters:strip_icc()\/i.s3.glbimg.com\/v1\/AUTH_59edd422c0c84a879bd37670ae4f538a\/internal_photos\/bs\/2023\/Y\/U\/3suIvvR4KO7h9VTUOsEQ\/imagens-23-.png\" sizes=\"(max-width: 1366px) 648px, 100vw\" srcset=\"https:\/\/s2.glbimg.com\/8a_mJY4Y_SXmtu4pDWO4Onw5ESc=\/0x0:1700x1065\/1000x0\/smart\/filters:strip_icc()\/i.s3.glbimg.com\/v1\/AUTH_59edd422c0c84a879bd37670ae4f538a\/internal_photos\/bs\/2023\/Y\/U\/3suIvvR4KO7h9VTUOsEQ\/imagens-23-.png 1000w, https:\/\/s2.glbimg.com\/9lO4-rncUJSRhZRF-J5jQ-pFWd0=\/0x0:1700x1065\/984x0\/smart\/filters:strip_icc()\/i.s3.glbimg.com\/v1\/AUTH_59edd422c0c84a879bd37670ae4f538a\/internal_photos\/bs\/2023\/Y\/U\/3suIvvR4KO7h9VTUOsEQ\/imagens-23-.png 984w, https:\/\/s2.glbimg.com\/B0Nere5wNIytzI11LwYLNvrwFrA=\/0x0:1700x1065\/640x0\/smart\/filters:strip_icc()\/i.s3.glbimg.com\/v1\/AUTH_59edd422c0c84a879bd37670ae4f538a\/internal_photos\/bs\/2023\/Y\/U\/3suIvvR4KO7h9VTUOsEQ\/imagens-23-.png 640w, https:\/\/s2.glbimg.com\/NVZkSm2-9gi2pHbWkLqtmrO5dK8=\/0x0:1700x1065\/600x0\/smart\/filters:strip_icc()\/i.s3.glbimg.com\/v1\/AUTH_59edd422c0c84a879bd37670ae4f538a\/internal_photos\/bs\/2023\/Y\/U\/3suIvvR4KO7h9VTUOsEQ\/imagens-23-.png 600w\" alt=\"Carro carbonizado em que quatro corpos foram encontrados, em Cristalina, Goi\u00e1s \u2014 Foto: Divulga\u00e7\u00e3o\/Pol\u00edcia Civil\" \/><\/figure>\n<\/div>\n<p class=\"content-media__description \">Carro carbonizado em que quatro corpos foram encontrados, em Cristalina, Goi\u00e1s \u2014 Foto: Divulga\u00e7\u00e3o\/Pol\u00edcia Civil<\/p>\n<\/div>\n<\/div>\n<\/div>\n<\/div>\n<\/article>\n<\/div>\n","protected":false},"excerpt":{"rendered":"<p>Segundo Pol\u00edcia Civil do DF, suspeito preso nesta ter\u00e7a-feira (17) confessou que recebeu dinheiro para cometer crimes. Ao todo, 8 pessoas haviam desaparecido, incluindo os dois supostos mandantes; 6 corpos foram encontrados. Por Walder Galv\u00e3o e Caroline Cintra, g1 DF Pol\u00edcia prende segundo suspeito pelo desaparecimento de 8 pessoas da mesma fam\u00edlia no DF Um [&hellip;]<\/p>\n","protected":false},"author":2,"featured_media":0,"comment_status":"open","ping_status":"open","sticky":false,"template":"","format":"standard","meta":{"_links_to":"","_links_to_target":""},"categories":[7,9,8,1],"tags":[],"_links":{"self":[{"href":"https:\/\/www.ilheusnoticias.net.br\/v1\/wp-json\/wp\/v2\/posts\/30627"}],"collection":[{"href":"https:\/\/www.ilheusnoticias.net.br\/v1\/wp-json\/wp\/v2\/posts"}],"about":[{"href":"https:\/\/www.ilheusnoticias.net.br\/v1\/wp-json\/wp\/v2\/types\/post"}],"author":[{"embeddable":true,"href":"https:\/\/www.ilheusnoticias.net.br\/v1\/wp-json\/wp\/v2\/users\/2"}],"replies":[{"embeddable":true,"href":"https:\/\/www.ilheusnoticias.net.br\/v1\/wp-json\/wp\/v2\/comments?post=30627"}],"version-history":[{"count":1,"href":"https:\/\/www.ilheusnoticias.net.br\/v1\/wp-json\/wp\/v2\/posts\/30627\/revisions"}],"predecessor-version":[{"id":30628,"href":"https:\/\/www.ilheusnoticias.net.br\/v1\/wp-json\/wp\/v2\/posts\/30627\/revisions\/30628"}],"wp:attachment":[{"href":"https:\/\/www.ilheusnoticias.net.br\/v1\/wp-json\/wp\/v2\/media?parent=30627"}],"wp:term":[{"taxonomy":"category","embeddable":true,"href":"https:\/\/www.ilheusnoticias.net.br\/v1\/wp-json\/wp\/v2\/categories?post=30627"},{"taxonomy":"post_tag","embeddable":true,"href":"https:\/\/www.ilheusnoticias.net.br\/v1\/wp-json\/wp\/v2\/tags?post=30627"}],"curies":[{"name":"wp","href":"https:\/\/api.w.org\/{rel}","templated":true}]}}