{"id":30621,"date":"2023-01-18T07:34:58","date_gmt":"2023-01-18T10:34:58","guid":{"rendered":"https:\/\/www.ilheusnoticias.net.br\/v1\/?p=30621"},"modified":"2023-01-18T07:34:58","modified_gmt":"2023-01-18T10:34:58","slug":"abertas-as-inscricoes-para-o-1o-forum-de-enfermagem-estetica-da-bahia","status":"publish","type":"post","link":"https:\/\/www.ilheusnoticias.net.br\/v1\/2023\/01\/18\/abertas-as-inscricoes-para-o-1o-forum-de-enfermagem-estetica-da-bahia\/","title":{"rendered":"Abertas as inscri\u00e7\u00f5es para o 1\u00ba F\u00f3rum de Enfermagem Est\u00e9tica da Bahia"},"content":{"rendered":"<div class=\"PostHeaderIcons metadata-icons\">Est\u00e3o abertas as inscri\u00e7\u00f5es para o 1\u00ba F\u00f3rum de Enfermagem Est\u00e9tica da Bahia, que acontece no dia 24 de janeiro, no Fiesta Convention Center, em Salvador, no formato h\u00edbrido (online e presencial). O evento \u00e9 realizado pelo Conselho Regional de Enfermagem da Bahia (Coren-BA), 100% gratuito, conta com ampla programa\u00e7\u00e3o e tem como objetivo principal promover e capacitar a atua\u00e7\u00e3o da enfermagem na \u00e1rea de est\u00e9tica.<\/div>\n<div class=\"PostContent\">\n<p>\u201cA \u00e1rea de est\u00e9tica vem crescendo muito nos \u00faltimos anos, abrindo oportunidades para profissionais de enfermagem. Ent\u00e3o vamos discutir as bases legais, promover a troca de experi\u00eancias e expor casos de sucesso como forma de estimular o empreendedorismo nesta \u00e1rea\u201d, destaca a presidente do Coren-BA, Giszele Paix\u00e3o.<\/p>\n<p>As inscri\u00e7\u00f5es podem ser feitas atrav\u00e9s do site\u00a0<a href=\"https:\/\/www.even3.com.br\/forumestetica\" data-saferedirecturl=\"https:\/\/www.google.com\/url?q=https:\/\/www.even3.com.br\/forumestetica&amp;source=gmail&amp;ust=1674064905796000&amp;usg=AOvVaw0P2rOJ3mhYtIVE_RFvKtvf\">https:\/\/www.even3.com.br\/forumestetica<\/a>. As palestras ir\u00e3o acontecer das 9h \u00e0s 17h. Os participantes inscritos receber\u00e3o certificado.<\/p>\n<\/div>\n","protected":false},"excerpt":{"rendered":"<p>Est\u00e3o abertas as inscri\u00e7\u00f5es para o 1\u00ba F\u00f3rum de Enfermagem Est\u00e9tica da Bahia, que acontece no dia 24 de janeiro, no Fiesta Convention Center, em Salvador, no formato h\u00edbrido (online e presencial). O evento \u00e9 realizado pelo Conselho Regional de Enfermagem da Bahia (Coren-BA), 100% gratuito, conta com ampla programa\u00e7\u00e3o e tem como objetivo principal [&hellip;]<\/p>\n","protected":false},"author":2,"featured_media":0,"comment_status":"open","ping_status":"open","sticky":false,"template":"","format":"standard","meta":{"_links_to":"","_links_to_target":""},"categories":[7,9,8,1],"tags":[],"_links":{"self":[{"href":"https:\/\/www.ilheusnoticias.net.br\/v1\/wp-json\/wp\/v2\/posts\/30621"}],"collection":[{"href":"https:\/\/www.ilheusnoticias.net.br\/v1\/wp-json\/wp\/v2\/posts"}],"about":[{"href":"https:\/\/www.ilheusnoticias.net.br\/v1\/wp-json\/wp\/v2\/types\/post"}],"author":[{"embeddable":true,"href":"https:\/\/www.ilheusnoticias.net.br\/v1\/wp-json\/wp\/v2\/users\/2"}],"replies":[{"embeddable":true,"href":"https:\/\/www.ilheusnoticias.net.br\/v1\/wp-json\/wp\/v2\/comments?post=30621"}],"version-history":[{"count":1,"href":"https:\/\/www.ilheusnoticias.net.br\/v1\/wp-json\/wp\/v2\/posts\/30621\/revisions"}],"predecessor-version":[{"id":30622,"href":"https:\/\/www.ilheusnoticias.net.br\/v1\/wp-json\/wp\/v2\/posts\/30621\/revisions\/30622"}],"wp:attachment":[{"href":"https:\/\/www.ilheusnoticias.net.br\/v1\/wp-json\/wp\/v2\/media?parent=30621"}],"wp:term":[{"taxonomy":"category","embeddable":true,"href":"https:\/\/www.ilheusnoticias.net.br\/v1\/wp-json\/wp\/v2\/categories?post=30621"},{"taxonomy":"post_tag","embeddable":true,"href":"https:\/\/www.ilheusnoticias.net.br\/v1\/wp-json\/wp\/v2\/tags?post=30621"}],"curies":[{"name":"wp","href":"https:\/\/api.w.org\/{rel}","templated":true}]}}