{"id":30619,"date":"2023-01-17T15:17:45","date_gmt":"2023-01-17T18:17:45","guid":{"rendered":"https:\/\/www.ilheusnoticias.net.br\/v1\/?p=30619"},"modified":"2023-01-17T15:17:45","modified_gmt":"2023-01-17T18:17:45","slug":"rosa-weber-suspende-indulto-de-bolsonaro-a-pms-condenados-por-massacre-do-carandiru","status":"publish","type":"post","link":"https:\/\/www.ilheusnoticias.net.br\/v1\/2023\/01\/17\/rosa-weber-suspende-indulto-de-bolsonaro-a-pms-condenados-por-massacre-do-carandiru\/","title":{"rendered":"Rosa Weber suspende indulto de Bolsonaro a PMs condenados por massacre do Carandiru"},"content":{"rendered":"<div class=\"row content-head non-featured \">\n<div class=\"title\" data-block-type=\"title\" data-block-id=\"0\"><\/div>\n<\/div>\n<div class=\"content__signa-share\">\n<div class=\"content__signature\">\n<div class=\"content-publication-data\">\n<div class=\"content-publication-data__text\">\n<p class=\"content-publication-data__updated\">\n<\/div>\n<\/div>\n<\/div>\n<\/div>\n<div class=\"mc-article-body\">\n<article>\n<div id=\"chunk-291cf\">\n<div class=\"row medium-uncollapsed content-media content-photo\" data-block-type=\"backstage-photo\" data-block-id=\"1\">\n<div class=\"mc-column content-media__container\">\n<div class=\"content-media-container glb-skeleton-box\">\n<figure class=\"content-media-figure\"><img class=\"i-amphtml-fill-content i-amphtml-replaced-content\" src=\"https:\/\/s2.glbimg.com\/kuCt1_HLU9m4hF66OzW0Ij6SN6M=\/0x0:1406x1038\/984x0\/smart\/filters:strip_icc()\/i.s3.glbimg.com\/v1\/AUTH_59edd422c0c84a879bd37670ae4f538a\/internal_photos\/bs\/2022\/s\/6\/rB7f7NRTSL2uvOFhrzxw\/invasao.jpg\" sizes=\"(max-width: 1366px) 648px, 100vw\" srcset=\"https:\/\/s2.glbimg.com\/44uzqi0ccTDvI0rYo-PbXgPbdz0=\/0x0:1406x1038\/1000x0\/smart\/filters:strip_icc()\/i.s3.glbimg.com\/v1\/AUTH_59edd422c0c84a879bd37670ae4f538a\/internal_photos\/bs\/2022\/s\/6\/rB7f7NRTSL2uvOFhrzxw\/invasao.jpg 1000w, https:\/\/s2.glbimg.com\/kuCt1_HLU9m4hF66OzW0Ij6SN6M=\/0x0:1406x1038\/984x0\/smart\/filters:strip_icc()\/i.s3.glbimg.com\/v1\/AUTH_59edd422c0c84a879bd37670ae4f538a\/internal_photos\/bs\/2022\/s\/6\/rB7f7NRTSL2uvOFhrzxw\/invasao.jpg 984w, https:\/\/s2.glbimg.com\/rzdF8e9bsSWuTpSmlwFiPxY11n0=\/0x0:1406x1038\/640x0\/smart\/filters:strip_icc()\/i.s3.glbimg.com\/v1\/AUTH_59edd422c0c84a879bd37670ae4f538a\/internal_photos\/bs\/2022\/s\/6\/rB7f7NRTSL2uvOFhrzxw\/invasao.jpg 640w, https:\/\/s2.glbimg.com\/6-HAtZEI_RpySk9UH6Jlo78poz8=\/0x0:1406x1038\/600x0\/smart\/filters:strip_icc()\/i.s3.glbimg.com\/v1\/AUTH_59edd422c0c84a879bd37670ae4f538a\/internal_photos\/bs\/2022\/s\/6\/rB7f7NRTSL2uvOFhrzxw\/invasao.jpg 600w\" alt=\"PMs entrando no Carandiru em 1992 em resposta a uma rebeli\u00e3o. Na ocasi\u00e3o, a pol\u00edcia matou 111 presos durante invas\u00e3o do Pavilh\u00e3o 9 da Casa de Deten\u00e7\u00e3o em S\u00e3o Paulo. \u2014 Foto: TV Globo\/Arquivo\" \/><\/figure>\n<\/div>\n<p class=\"content-media__description \">PMs entrando no Carandiru em 1992 em resposta a uma rebeli\u00e3o. Na ocasi\u00e3o, a pol\u00edcia matou 111 presos durante invas\u00e3o do Pavilh\u00e3o 9 da Casa de Deten\u00e7\u00e3o em S\u00e3o Paulo. \u2014 Foto: TV Globo\/Arquivo<\/p>\n<\/div>\n<\/div>\n<\/div>\n<div id=\"chunk-btvpl\">\n<div class=\"mc-column mc-side-item__container\" data-block-type=\"ads\" data-block-id=\"2\">\n<div class=\"mc-side-item mc-side-item--right content-ads content-ads--side-ad\">\n<div id=\"banner_materia1\" class=\"tag-manager-publicidade-container tag-manager-publicidade-banner_materia1 tag-manager-publicidade-container--carregado tag-manager-publicidade-container--visivel\" data-google-query-id=\"CP-L3Puaz_wCFeaolQIdnFkOUw\">\n<div id=\"google_ads_iframe_\/95377733\/tvg_G1\/Politica_0__container__\"><\/div>\n<\/div>\n<\/div>\n<\/div>\n<\/div>\n<div id=\"chunk-dbvmv\">\n<div class=\"mc-column content-text active-extra-styles \" data-block-type=\"unstyled\" data-block-weight=\"38\" data-block-id=\"3\">\n<p class=\"content-text__container \" data-track-category=\"Link no Texto\" data-track-links=\"\">A ministra do Supremo Tribunal Federal (<a href=\"https:\/\/g1.globo.com\/tudo-sobre\/supremo-tribunal-federal\/\">STF<\/a>)\u00a0<a href=\"https:\/\/g1.globo.com\/tudo-sobre\/rosa-weber\/\">Rosa Weber<\/a>\u00a0suspendeu, em car\u00e1ter provis\u00f3rio, o trecho do decreto de indulto de natal concedido pelo ex-presidente\u00a0<a href=\"https:\/\/g1.globo.com\/politica\/politico\/jair-bolsonaro\/\">Jair Bolsonaro<\/a> (PL) que beneficiaria os policiais militares condenados pelo massacre do Carandiru.<\/p>\n<\/div>\n<\/div>\n<div class=\"wall protected-content\">\n<div class=\"mc-column content-text active-extra-styles\" data-block-type=\"raw\" data-block-weight=\"6\" data-block-id=\"4\">\n<p>&nbsp;<\/p>\n<\/div>\n<div id=\"chunk-7dsjm\">\n<div class=\"mc-column content-text active-extra-styles \" data-block-type=\"unstyled\" data-block-weight=\"23\" data-block-id=\"5\">\n<p class=\"content-text__container \" data-track-category=\"Link no Texto\" data-track-links=\"\">O\u00a0<a href=\"https:\/\/g1.globo.com\/politica\/noticia\/2022\/12\/23\/indulto-de-natal-bolsonaro-assina-perdao-de-pena-para-policiais-e-militares-presos-por-crime-culposo.ghtml\">indulto foi concedido por meio de um decreto editado por Bolsonaro<\/a>\u00a0em 22 de dezembro, pouco antes do fim do mandato.<\/p>\n<\/div>\n<\/div>\n<div id=\"chunk-8mht4\">\n<div class=\"mc-column content-text active-extra-styles \" data-block-type=\"unstyled\" data-block-weight=\"38\" data-block-id=\"6\">\n<p class=\"content-text__container \" data-track-category=\"Link no Texto\" data-track-links=\"\">Pelo texto, seriam perdoados da pena agentes p\u00fablicos de seguran\u00e7a que tenham sido condenados por ato praticado h\u00e1 30 anos. Os atos hoje s\u00e3o considerados hediondos, mas na \u00e9poca n\u00e3o eram. Policiais do Carandiru se encaixam nessa descri\u00e7\u00e3o.<\/p>\n<\/div>\n<\/div>\n<div id=\"chunk-9c2hj\">\n<div class=\"content-ads content-ads--reveal\" data-block-type=\"ads\" data-block-id=\"7\">\n<div id=\"banner_materia2\" class=\"tag-manager-publicidade-container mc-has-reveal mc-has-ad-lazyload tag-manager-publicidade-banner_materia2 tag-manager-publicidade-container--carregado tag-manager-publicidade-container--visivel\" data-id=\"banner_materia2\" data-google-query-id=\"CLqd2v2az_wCFcu5lQId4O0LOQ\">\n<div id=\"google_ads_iframe_\/95377733\/tvg_G1\/Politica_6__container__\"><\/div>\n<\/div>\n<\/div>\n<\/div>\n<div id=\"chunk-4hqtv\">\n<div class=\"mc-column content-text active-extra-styles \" data-block-type=\"unstyled\" data-block-weight=\"31\" data-block-id=\"8\">\n<p class=\"content-text__container \" data-track-category=\"Link no Texto\" data-track-links=\"\">O indulto natalino representa o perd\u00e3o de pena e costuma ser concedido todos os anos no per\u00edodo pr\u00f3ximo ao Natal. Se beneficiado com o indulto, o preso tem a pena extinta.<\/p>\n<\/div>\n<\/div>\n<div id=\"chunk-bn7au\">\n<div class=\"mc-column content-text active-extra-styles \" data-block-type=\"unstyled\" data-block-weight=\"22\" data-block-id=\"9\">\n<p class=\"content-text__container \" data-track-category=\"Link no Texto\" data-track-links=\"\">Para a\u00a0<a href=\"https:\/\/g1.globo.com\/politica\/noticia\/2022\/12\/27\/pgr-questiona-indulto-natalino-de-bolsonaro-que-beneficia-policiais-condenados-pelo-massacre-do-carandiru.ghtml\">Procuradoria-Geral da Rep\u00fablica, que contestou o decreto de Bolsonaro,<\/a>\u00a0houve viola\u00e7\u00e3o da Constitui\u00e7\u00e3o, que n\u00e3o permite indultos para crimes hediondos.<\/p>\n<\/div>\n<\/div>\n<div id=\"chunk-9ao0n\">\n<div class=\"mc-column content-text active-extra-styles \" data-block-type=\"unstyled\" data-block-weight=\"22\" data-block-id=\"10\">\n<p class=\"content-text__container \" data-track-category=\"Link no Texto\" data-track-links=\"\">O governo, no entanto, defendeu que o indulto \u00e9 leg\u00edtimo, porque os crimes foram cometidos quando ainda n\u00e3o eram classificados como hediondos.<\/p>\n<\/div>\n<\/div>\n<div id=\"chunk-buedd\">\n<div class=\"mc-column content-text active-extra-styles \" data-block-type=\"unstyled\" data-block-weight=\"38\" data-block-id=\"11\">\n<p class=\"content-text__container \" data-track-category=\"Link no Texto\" data-track-links=\"\">A ministra do STF indicou na decis\u00e3o que, para a concess\u00e3o do indulto, vale a data em que o decreto que perdoa as penas dos policiais foi assinado e n\u00e3o a data em que os crimes foram cometidos.<\/p>\n<\/div>\n<\/div>\n<div id=\"chunk-165m7\">\n<div class=\"mc-column content-text active-extra-styles \" data-block-type=\"unstyled\" data-block-weight=\"13\" data-block-id=\"12\">\n<p class=\"content-text__container \" data-track-category=\"Link no Texto\" data-track-links=\"\">O STF ainda vai julgar em plen\u00e1rio a decis\u00e3o liminar (tempor\u00e1ria) da ministra.<\/p>\n<\/div>\n<\/div>\n<div id=\"chunk-eqrle\">\n<div class=\"mc-column content-text active-extra-styles \" data-block-type=\"unstyled\" data-block-weight=\"2\" data-block-id=\"13\"><\/div>\n<\/div>\n<div class=\"mc-column content-text active-extra-styles\" data-block-type=\"raw\" data-block-weight=\"45\" data-block-id=\"14\">\n<p>&nbsp;<\/p>\n<p>Decis\u00f5es da Justi\u00e7a<\/p>\n<\/div>\n<div class=\"mc-column content-text active-extra-styles\" data-block-type=\"raw\" data-block-weight=\"3\" data-block-id=\"15\">\n<p>&nbsp;<\/p>\n<\/div>\n<div id=\"chunk-6jjcp\">\n<div class=\"mc-column content-text active-extra-styles \" data-block-type=\"unstyled\" data-block-weight=\"35\" data-block-id=\"16\">\n<p class=\"content-text__container \" data-track-category=\"Link no Texto\" data-track-links=\"\">O massacre do Carandiru aconteceu em 2 de outubro de 1992, quando a Pol\u00edcia Militar de S\u00e3o Paulo invadiu o Pavilh\u00e3o 9 da Casa de Deten\u00e7\u00e3o para conter uma rebeli\u00e3o. Foram mortos 111 presos.<\/p>\n<\/div>\n<\/div>\n<div id=\"chunk-elbo8\">\n<div class=\"content-ads content-ads--reveal\" data-block-type=\"ads\" data-block-id=\"17\">\n<div id=\"banner_materia__58fc3e21-80a6-45a7-9eeb-69ac188d5318\" class=\"tag-manager-publicidade-container mc-has-reveal mc-has-ad-lazyload tag-manager-publicidade-banner_materia__58fc3e21-80a6-45a7-9eeb-69ac188d5318 tag-manager-publicidade-container--carregado tag-manager-publicidade-container--visivel\" data-id=\"banner_materia__58fc3e21-80a6-45a7-9eeb-69ac188d5318\" data-google-query-id=\"CLKq1_2az_wCFcW8lQIdZTsHJw\">\n<div id=\"google_ads_iframe_\/95377733\/tvg_G1\/Politica_5__container__\"><\/div>\n<\/div>\n<\/div>\n<\/div>\n<div id=\"chunk-1dbal\">\n<div class=\"mc-column content-text active-extra-styles \" data-block-type=\"unstyled\" data-block-weight=\"23\" data-block-id=\"18\">\n<p class=\"content-text__container \" data-track-category=\"Link no Texto\" data-track-links=\"\">Entre 2013 e 2014, a Justi\u00e7a paulista fez cinco j\u00faris populares e condenou, ao todo, 74 policiais militares pelos assassinatos de 77 detentos.<\/p>\n<\/div>\n<\/div>\n<div id=\"chunk-f14ge\">\n<div class=\"mc-column content-text active-extra-styles \" data-block-type=\"unstyled\" data-block-weight=\"18\" data-block-id=\"19\">\n<p class=\"content-text__container \" data-track-category=\"Link no Texto\" data-track-links=\"\">Dos agentes condenados, cinco morreram e, atualmente, 69 continuam vivos.\u00a0<a href=\"https:\/\/g1.globo.com\/sp\/sao-paulo\/noticia\/2022\/10\/01\/massacre-em-sp-que-matou-111-presos-no-carandiru-completa-30-anos-sem-prisoes-de-pms-condenados-ou-desfecho-na-justica.ghtml\">Mais de 30 anos depois, ningu\u00e9m foi preso.<\/a><\/p>\n<\/div>\n<\/div>\n<div id=\"chunk-51fj5\">\n<div class=\"mc-column content-text active-extra-styles \" data-block-type=\"unstyled\" data-block-weight=\"31\" data-block-id=\"20\">\n<p class=\"content-text__container \" data-track-category=\"Link no Texto\" data-track-links=\"\">Al\u00e9m do Supremo, o Tribunal de Justi\u00e7a de S\u00e3o Paulo (TJ-SP) tamb\u00e9m julgar\u00e1 a inconstitucionalidade do indulto no que se refere aos policiais militares condenados pelo massacre do Carandiru.<\/p>\n<\/div>\n<\/div>\n<div id=\"chunk-frb7l\">\n<div class=\"mc-column content-text active-extra-styles \" data-block-type=\"unstyled\" data-block-weight=\"31\" data-block-id=\"21\">\n<p class=\"content-text__container \" data-track-category=\"Link no Texto\" data-track-links=\"\">Tanto o STF quanto o TJ-SP podem julgar a inconstitucionalidade do decreto de Bolsonaro. No entanto, ainda que ambos decidam que n\u00e3o h\u00e1 legalidade no indulto, a repercuss\u00e3o ser\u00e1 diferente.<\/p>\n<\/div>\n<\/div>\n<div id=\"chunk-entkh\">\n<div class=\"mc-column content-text active-extra-styles \" data-block-type=\"unstyled\" data-block-weight=\"32\" data-block-id=\"22\">\n<p class=\"content-text__container \" data-track-category=\"Link no Texto\" data-track-links=\"\">Caso o STF mantenha a interpreta\u00e7\u00e3o de Rosa Weber, a decis\u00e3o passa a valer para qualquer caso de indulto cujo crime tenha sido cometido antes da lei que configura crimes hediondos.<\/p>\n<\/div>\n<\/div>\n<div id=\"chunk-6hnkq\">\n<div class=\"mc-column content-text active-extra-styles \" data-block-type=\"unstyled\" data-block-weight=\"35\" data-block-id=\"23\">\n<p class=\"content-text__container \" data-track-category=\"Link no Texto\" data-track-links=\"\">J\u00e1 no caso do TJ-SP, a inconstitucionalidade do decreto de Bolsonaro ser\u00e1 julgada pelo \u00d3rg\u00e3o Especial do TJ-SP. E, caso o indulto seja considerado inconstitucional, a suspens\u00e3o valer\u00e1 apenas para o caso do Carandiru.<\/p>\n<\/div>\n<\/div>\n<div id=\"chunk-6dqug\">\n<div class=\"mc-column content-text active-extra-styles \" data-block-type=\"unstyled\" data-block-weight=\"11\" data-block-id=\"24\">\n<p class=\"content-text__container \" data-track-category=\"Link no Texto\" data-track-links=\"\">Ainda n\u00e3o h\u00e1 data definida para que esses julgamentos aconte\u00e7am.<\/p>\n<\/div>\n<\/div>\n<div id=\"chunk-8oc4d\">\n<div class=\"mc-column content-text active-extra-styles \" data-block-type=\"unstyled\" data-block-weight=\"26\" data-block-id=\"25\">\n<p class=\"content-text__container \" data-track-category=\"Link no Texto\" data-track-links=\"\">Ap\u00f3s o julgamento da legalidade do indulto, a 4\u00aa C\u00e2mara Criminal do TJ-SP julgar\u00e1 os recursos das defesas dos PMs que pedem redu\u00e7\u00e3o de pena.<\/p>\n<\/div>\n<\/div>\n<div id=\"chunk-7h2nh\">\n<div class=\"mc-column content-text active-extra-styles \" data-block-type=\"unstyled\" data-block-weight=\"44\" data-block-id=\"27\">\n<p class=\"content-text__container \" data-track-category=\"Link no Texto\" data-track-links=\"\">Os PMs foram punidos com penas que variam de 48 anos a 624 anos de pris\u00e3o. Pela lei brasileira, ningu\u00e9m pode ficar preso mais de 40 anos por um mesmo crime. Apesar disso, todos os agentes condenados respondem pelos crimes de homic\u00eddio em liberdade.<\/p>\n<\/div>\n<\/div>\n<div id=\"chunk-9nu3d\">\n<div class=\"mc-column content-text active-extra-styles \" data-block-type=\"unstyled\" data-block-weight=\"27\" data-block-id=\"28\">\n<p class=\"content-text__container \" data-track-category=\"Link no Texto\" data-track-links=\"\">A defesa dos PMs alega que eles atiraram em leg\u00edtima defesa depois de serem atacados por detentos com armas de fogo e facas que queriam fugir.<\/p>\n<\/div>\n<\/div>\n<div id=\"chunk-3meqn\">\n<div class=\"mc-column content-text active-extra-styles \" data-block-type=\"unstyled\" data-block-weight=\"18\" data-block-id=\"29\">\n<p class=\"content-text__container \" data-track-category=\"Link no Texto\" data-track-links=\"\">O Minist\u00e9rio P\u00fablico (MP) alega que os presos j\u00e1 estavam rendidos e foram executados a tiros pelos policiais.<\/p>\n<\/div>\n<\/div>\n<div class=\"mc-column content-text active-extra-styles\" data-block-type=\"raw\" data-block-weight=\"3\" data-block-id=\"30\">\n<p class=\"content-text__container\">\n<div class=\"content-intertitle\">\n<h2><strong>Pedido de Aras<\/strong><\/h2>\n<\/div>\n<p>&nbsp;<\/p>\n<\/div>\n<div id=\"chunk-bjcor\">\n<div class=\"mc-column content-text active-extra-styles \" data-block-type=\"unstyled\" data-block-weight=\"32\" data-block-id=\"31\">\n<p class=\"content-text__container \" data-track-category=\"Link no Texto\" data-track-links=\"\">No fim de dezembro de 2022, o procurador-geral da Rep\u00fablica, Augusto Aras, enviou ao STF uma<a href=\"https:\/\/g1.globo.com\/politica\/noticia\/2022\/12\/27\/pgr-questiona-indulto-natalino-de-bolsonaro-que-beneficia-policiais-condenados-pelo-massacre-do-carandiru.ghtml\">\u00a0a\u00e7\u00e3o direta de inconstitucionalidade contra um trecho do decreto<\/a>\u00a0de indulto de Natal de Bolsonaro (PL).<\/p>\n<\/div>\n<\/div>\n<div id=\"chunk-aiebj\">\n<div class=\"mc-column content-text active-extra-styles \" data-block-type=\"unstyled\" data-block-weight=\"22\" data-block-id=\"32\">\n<p class=\"content-text__container \" data-track-category=\"Link no Texto\" data-track-links=\"\">Aras havia pedido ao Supremo que suspendesse imediatamente a parte do decreto, para evitar a anula\u00e7\u00e3o das dezenas de condena\u00e7\u00f5es do caso.<\/p>\n<\/div>\n<\/div>\n<div id=\"chunk-dup3j\">\n<div class=\"mc-column content-text active-extra-styles \" data-block-type=\"unstyled\" data-block-weight=\"60\" data-block-id=\"33\">\n<p class=\"content-text__container \" data-track-category=\"Link no Texto\" data-track-links=\"\">&#8220;O indulto natalino conferido pelo presidente da Rep\u00fablica aos agentes estatais envolvidos no caso do Massacre do Carandiru representa reitera\u00e7\u00e3o do estado brasileiro no descumprimento da obriga\u00e7\u00e3o assumida internacionalmente de processar e punir, de forma s\u00e9ria e eficaz, os respons\u00e1veis pelos crimes de lesa-humanidade cometidos na casa de deten\u00e7\u00e3o em 2 de outubro de 1992&#8221;, diz o pedido do PGR.<\/p>\n<\/div>\n<\/div>\n<div class=\"mc-column content-text active-extra-styles\" data-block-type=\"raw\" data-block-weight=\"6\" data-block-id=\"35\">\n<div class=\"content-intertitle\">\n<h2>O que \u00e9 indulto de Natal?<\/h2>\n<\/div>\n<p>&nbsp;<\/p>\n<\/div>\n<div id=\"chunk-jp4b\">\n<div class=\"mc-column content-text active-extra-styles \" data-block-type=\"unstyled\" data-block-weight=\"21\" data-block-id=\"36\">\n<p class=\"content-text__container \" data-track-category=\"Link no Texto\" data-track-links=\"\">O indulto natalino \u00e9 um perd\u00e3o de pena e costuma ser concedido todos os anos em per\u00edodo pr\u00f3ximo ao Natal.<\/p>\n<\/div>\n<\/div>\n<div id=\"chunk-9d9ec\">\n<div class=\"mc-column content-text active-extra-styles \" data-block-type=\"unstyled\" data-block-weight=\"25\" data-block-id=\"37\">\n<p class=\"content-text__container \" data-track-category=\"Link no Texto\" data-track-links=\"\">Previsto no art. 107, inciso II, do C\u00f3digo Penal, o indulto \u00e9 destinado a quem cumpre requisitos especificados no decreto presidencial, publicado todos os anos.<\/p>\n<\/div>\n<\/div>\n<div id=\"chunk-elj6k\">\n<div class=\"mc-column content-text active-extra-styles \" data-block-type=\"unstyled\" data-block-weight=\"33\" data-block-id=\"38\">\n<p class=\"content-text__container \" data-track-category=\"Link no Texto\" data-track-links=\"\">Se for beneficiado com o indulto, o preso tem a pena extinta e pode deixar a pris\u00e3o. Esse benef\u00edcio n\u00e3o trata das sa\u00eddas tempor\u00e1rias de presos, medida que requer o retorno \u00e0 pris\u00e3o.<\/p>\n<\/div>\n<\/div>\n<div class=\"mc-column content-text active-extra-styles\" data-block-type=\"raw\" data-block-weight=\"4\" data-block-id=\"39\">\n<p class=\"content-text__container\">\n<div class=\"content-intertitle\">\n<h2>O indulto de Bolsonaro<\/h2>\n<\/div>\n<p>&nbsp;<\/p>\n<\/div>\n<div id=\"chunk-cgs6t\">\n<div class=\"mc-column content-text active-extra-styles \" data-block-type=\"unstyled\" data-block-weight=\"34\" data-block-id=\"40\">\n<p class=\"content-text__container \" data-track-category=\"Link no Texto\" data-track-links=\"\">O decreto assinado por Bolsonaro foi publicado na edi\u00e7\u00e3o do dia 23 de dezembro de 2022 do &#8220;Di\u00e1rio Oficial da Uni\u00e3o&#8221;. Entre outros pontos, o indulto assinado por Bolsonaro concede perd\u00e3o de pena a:<\/p>\n<\/div>\n<\/div>\n<div data-track-category=\"multicontent\" data-track-action=\"ultimo chunk conteudo\" data-track-noninteraction=\"false\" data-track-scroll=\"view\">\n<div class=\"mc-column content-text active-extra-styles\" data-block-type=\"raw\" data-block-weight=\"74\" data-block-id=\"41\">\n<p class=\"content-text__container\">\n<ul class=\"content-unordered-list\">\n<li>Agentes de seguran\u00e7a p\u00fablica condenados por crime culposo (sem inten\u00e7\u00e3o), desde que tenham cumprido pelo menos um sexto da pena;<\/li>\n<li>Policiais condenados, ainda que provisoriamente, por crime praticado h\u00e1 mais de 30 anos e que n\u00e3o era considerado hediondo \u00e0 \u00e9poca (\u00e9 a primeira vez que o indulto \u00e9 concedido desta forma);<\/li>\n<li>Militares das For\u00e7as Armadas condenados em casos de excesso culposo durante atua\u00e7\u00e3o em opera\u00e7\u00f5es de Garantia da Lei e da Ordem (GLO).<\/li>\n<\/ul>\n<\/div>\n<\/div>\n<\/div>\n<\/article>\n<\/div>\n","protected":false},"excerpt":{"rendered":"<p>PMs entrando no Carandiru em 1992 em resposta a uma rebeli\u00e3o. Na ocasi\u00e3o, a pol\u00edcia matou 111 presos durante invas\u00e3o do Pavilh\u00e3o 9 da Casa de Deten\u00e7\u00e3o em S\u00e3o Paulo. \u2014 Foto: TV Globo\/Arquivo A ministra do Supremo Tribunal Federal (STF)\u00a0Rosa Weber\u00a0suspendeu, em car\u00e1ter provis\u00f3rio, o trecho do decreto de indulto de natal concedido pelo [&hellip;]<\/p>\n","protected":false},"author":2,"featured_media":0,"comment_status":"open","ping_status":"open","sticky":false,"template":"","format":"standard","meta":{"_links_to":"","_links_to_target":""},"categories":[7,9,8,1],"tags":[],"_links":{"self":[{"href":"https:\/\/www.ilheusnoticias.net.br\/v1\/wp-json\/wp\/v2\/posts\/30619"}],"collection":[{"href":"https:\/\/www.ilheusnoticias.net.br\/v1\/wp-json\/wp\/v2\/posts"}],"about":[{"href":"https:\/\/www.ilheusnoticias.net.br\/v1\/wp-json\/wp\/v2\/types\/post"}],"author":[{"embeddable":true,"href":"https:\/\/www.ilheusnoticias.net.br\/v1\/wp-json\/wp\/v2\/users\/2"}],"replies":[{"embeddable":true,"href":"https:\/\/www.ilheusnoticias.net.br\/v1\/wp-json\/wp\/v2\/comments?post=30619"}],"version-history":[{"count":1,"href":"https:\/\/www.ilheusnoticias.net.br\/v1\/wp-json\/wp\/v2\/posts\/30619\/revisions"}],"predecessor-version":[{"id":30620,"href":"https:\/\/www.ilheusnoticias.net.br\/v1\/wp-json\/wp\/v2\/posts\/30619\/revisions\/30620"}],"wp:attachment":[{"href":"https:\/\/www.ilheusnoticias.net.br\/v1\/wp-json\/wp\/v2\/media?parent=30619"}],"wp:term":[{"taxonomy":"category","embeddable":true,"href":"https:\/\/www.ilheusnoticias.net.br\/v1\/wp-json\/wp\/v2\/categories?post=30619"},{"taxonomy":"post_tag","embeddable":true,"href":"https:\/\/www.ilheusnoticias.net.br\/v1\/wp-json\/wp\/v2\/tags?post=30619"}],"curies":[{"name":"wp","href":"https:\/\/api.w.org\/{rel}","templated":true}]}}