{"id":30617,"date":"2023-01-17T15:14:45","date_gmt":"2023-01-17T18:14:45","guid":{"rendered":"https:\/\/www.ilheusnoticias.net.br\/v1\/?p=30617"},"modified":"2023-01-17T15:14:45","modified_gmt":"2023-01-17T18:14:45","slug":"janeiro-roxo-sesau-reforca-conscientizacao-sobre-hanseniase-e-promove-acao-no-centro-de-ilheus","status":"publish","type":"post","link":"https:\/\/www.ilheusnoticias.net.br\/v1\/2023\/01\/17\/janeiro-roxo-sesau-reforca-conscientizacao-sobre-hanseniase-e-promove-acao-no-centro-de-ilheus\/","title":{"rendered":"Janeiro Roxo: Sesau refor\u00e7a conscientiza\u00e7\u00e3o sobre Hansen\u00edase e promove a\u00e7\u00e3o no Centro de Ilh\u00e9us"},"content":{"rendered":"<div class=\"imagem thumbnail col-xs-12 col-sm-8 col-md-6 col-lg-6 imagem-materia\"><a class=\"fresco\" title=\"\" href=\"https:\/\/portalfacilarquivos.blob.core.windows.net\/uploads\/ILHEUS\/imgOrig\/%7BAEA5ACCE-5B84-E75A-BDBC-CDE81773E2E6%7D.jpg\" data-fresco-caption=\"\"><img loading=\"lazy\" title=\"\" src=\"https:\/\/portalfacilarquivos.blob.core.windows.net\/uploads\/ILHEUS\/img\/%7BAEA5ACCE-5B84-E75A-BDBC-CDE81773E2E6%7D\/%7BAEA5ACCE-5B84-E75A-BDBC-CDE81773E2E6%7D_650X450.jpg\" alt=\"hansen\u00edase\" width=\"650\" height=\"450\" \/><\/a><\/p>\n<p class=\"bg-primary\">Doen\u00e7a milenar, cr\u00f4nica e cur\u00e1vel, mas ainda cercada de mitos, estigmas e preconceitos, a Hansen\u00edase tem em janeiro um m\u00eas dedicado \u00e0 aten\u00e7\u00e3o para o tema e ao esclarecimento sobre sintomas, preven\u00e7\u00e3o e tratamento. Para refor\u00e7ar a abordagem sobre a doen\u00e7a, a Prefeitura de Ilh\u00e9us, por meio da Secretaria de Sa\u00fade (Sesau), em parceria com a rede Hans Bahia, promove a Caminhada Roxa.<\/p>\n<\/div>\n<p>A a\u00e7\u00e3o acontece no dia 29 de janeiro, \u00e0s 7h, pr\u00f3ximo \u00e0 Catedral de S\u00e3o Sebasti\u00e3o, Centro Hist\u00f3rico da cidade. Apoiam a iniciativa o Movimento de Reintegra\u00e7\u00e3o das Pessoas Atingidas pela Hansen\u00edase (Morhan); Academia Stilus; Faculdade de Ilh\u00e9us; Rotary Club de Ilh\u00e9us e o Lions Clube Ilh\u00e9us Pontal.<\/p>\n<p>O objetivo da campanha \u00e9 ampliar o conhecimento da popula\u00e7\u00e3o sobre a doen\u00e7a, atrav\u00e9s de a\u00e7\u00f5es de conscientiza\u00e7\u00e3o, refor\u00e7ando a import\u00e2ncia do diagn\u00f3stico precoce para evitar a ocorr\u00eancia de sequelas graves.\u00a0No dia 30 de janeiro, a mobiliza\u00e7\u00e3o acontece no Hospital Regional Costa do Cacau (HRCC).<\/p>\n<p>Caso surjam sintomas, a Sesau orienta o paciente a procurar atendimento no CAE III, refer\u00eancia para o tratamento da doen\u00e7a na rede municipal. \u201cNa unidade temos uma equipe preparada para acolher e prestar toda a assist\u00eancia necess\u00e1ria. Quanto mais cedo o diagn\u00f3stico \u00e9 feito, mais eficaz se torna o tratamento, garantindo assim a cura\u201d, explicou Andr\u00e9 Cez\u00e1rio, titular da Sesau.<\/p>\n<p>&nbsp;<\/p>\n<div class=\"imagem thumbnail col-xs-12 col-sm-8 col-md-6 col-lg-6 imagem-materia\"><a class=\"fresco\" title=\"\" href=\"https:\/\/portalfacilarquivos.blob.core.windows.net\/uploads\/ILHEUS\/imgOrig\/%7BC271CD55-EEEB-DD2C-DBA4-C206ADD2D1EA%7D.jpeg\" data-fresco-caption=\"\"><img loading=\"lazy\" title=\"\" src=\"https:\/\/portalfacilarquivos.blob.core.windows.net\/uploads\/ILHEUS\/img\/%7BC271CD55-EEEB-DD2C-DBA4-C206ADD2D1EA%7D\/%7BC271CD55-EEEB-DD2C-DBA4-C206ADD2D1EA%7D_650X450.jpeg\" alt=\"hansen\u00edase\" width=\"650\" height=\"450\" \/><\/a><\/p>\n<p class=\"bg-primary\">\n<\/div>\n<p>&nbsp;<\/p>\n<p>Segundo o Minist\u00e9rio da Sa\u00fade, o Brasil \u00e9 o segundo pa\u00eds com maior n\u00famero de casos no mundo, perdendo apenas para a \u00cdndia.<\/p>\n<p>Causada pela bact\u00e9ria Mycobacterium leprae, a Hansen\u00edase \u00e9 uma doen\u00e7a cr\u00f4nica, cujos sintomas s\u00e3o aparecimento de caro\u00e7os ou incha\u00e7os no rosto, orelhas, cotovelos e m\u00e3os; entupimento constante do nariz, com um pouco de sangue e feridas; redu\u00e7\u00e3o ou aus\u00eancia de sensibilidade ao calor, ao frio, \u00e0 dor e ao tato; manchas em qualquer parte do corpo, que podem ser p\u00e1lidas, esbranqui\u00e7adas ou avermelhadas; partes do corpo dormentes ou amortecidas.<\/p>\n<p><strong>Servi\u00e7o<\/strong><\/p>\n<p>Caminhada Roxa<\/p>\n<p>Data: 29 de janeiro de 2023, \u00e0s 7h<\/p>\n<p>Local: Centro Hist\u00f3rico &#8211; pr\u00f3ximo \u00e0 Catedral de S\u00e3o Sebasti\u00e3o<\/p>\n","protected":false},"excerpt":{"rendered":"<p>Doen\u00e7a milenar, cr\u00f4nica e cur\u00e1vel, mas ainda cercada de mitos, estigmas e preconceitos, a Hansen\u00edase tem em janeiro um m\u00eas dedicado \u00e0 aten\u00e7\u00e3o para o tema e ao esclarecimento sobre sintomas, preven\u00e7\u00e3o e tratamento. Para refor\u00e7ar a abordagem sobre a doen\u00e7a, a Prefeitura de Ilh\u00e9us, por meio da Secretaria de Sa\u00fade (Sesau), em parceria com [&hellip;]<\/p>\n","protected":false},"author":2,"featured_media":0,"comment_status":"open","ping_status":"open","sticky":false,"template":"","format":"standard","meta":{"_links_to":"","_links_to_target":""},"categories":[7,9,8,1],"tags":[],"_links":{"self":[{"href":"https:\/\/www.ilheusnoticias.net.br\/v1\/wp-json\/wp\/v2\/posts\/30617"}],"collection":[{"href":"https:\/\/www.ilheusnoticias.net.br\/v1\/wp-json\/wp\/v2\/posts"}],"about":[{"href":"https:\/\/www.ilheusnoticias.net.br\/v1\/wp-json\/wp\/v2\/types\/post"}],"author":[{"embeddable":true,"href":"https:\/\/www.ilheusnoticias.net.br\/v1\/wp-json\/wp\/v2\/users\/2"}],"replies":[{"embeddable":true,"href":"https:\/\/www.ilheusnoticias.net.br\/v1\/wp-json\/wp\/v2\/comments?post=30617"}],"version-history":[{"count":1,"href":"https:\/\/www.ilheusnoticias.net.br\/v1\/wp-json\/wp\/v2\/posts\/30617\/revisions"}],"predecessor-version":[{"id":30618,"href":"https:\/\/www.ilheusnoticias.net.br\/v1\/wp-json\/wp\/v2\/posts\/30617\/revisions\/30618"}],"wp:attachment":[{"href":"https:\/\/www.ilheusnoticias.net.br\/v1\/wp-json\/wp\/v2\/media?parent=30617"}],"wp:term":[{"taxonomy":"category","embeddable":true,"href":"https:\/\/www.ilheusnoticias.net.br\/v1\/wp-json\/wp\/v2\/categories?post=30617"},{"taxonomy":"post_tag","embeddable":true,"href":"https:\/\/www.ilheusnoticias.net.br\/v1\/wp-json\/wp\/v2\/tags?post=30617"}],"curies":[{"name":"wp","href":"https:\/\/api.w.org\/{rel}","templated":true}]}}