{"id":30610,"date":"2023-01-17T09:01:39","date_gmt":"2023-01-17T12:01:39","guid":{"rendered":"https:\/\/www.ilheusnoticias.net.br\/v1\/?p=30610"},"modified":"2023-01-17T09:01:39","modified_gmt":"2023-01-17T12:01:39","slug":"producao-cultural-projeto-de-formacao-gratuita-abre-vagas-para-jovens-e-adultos-na-bahia","status":"publish","type":"post","link":"https:\/\/www.ilheusnoticias.net.br\/v1\/2023\/01\/17\/producao-cultural-projeto-de-formacao-gratuita-abre-vagas-para-jovens-e-adultos-na-bahia\/","title":{"rendered":"Produ\u00e7\u00e3o cultural: projeto de forma\u00e7\u00e3o gratuita abre vagas para jovens e adultos na Bahia"},"content":{"rendered":"<div class=\"row content-head non-featured \">\n<div class=\"title\" data-block-type=\"title\" data-block-id=\"0\">\n<h1 class=\"content-head__title\"><span style=\"font-size: 16px;\">Inscri\u00e7\u00f5es s\u00e3o destinadas a pessoas que t\u00eam qualifica\u00e7\u00e3o profissional e podem ser feitas at\u00e9 o dia 17 de fevereiro.<\/span><\/h1>\n<\/div>\n<\/div>\n<div class=\"content__signa-share\">\n<div class=\"content__signature\">\n<div class=\"content-publication-data\">\n<div class=\"content-publication-data__text\">\n<p class=\"content-publication-data__from\" title=\"g1 BA\">Por g1 BA<\/p>\n<p class=\"content-publication-data__from\" title=\"g1 BA\"><img class=\"i-amphtml-fill-content i-amphtml-replaced-content\" src=\"https:\/\/s2.glbimg.com\/giFtoDa69A0xZVGYYYzeYjRXq8E=\/0x0:3840x2160\/984x0\/smart\/filters:strip_icc()\/i.s3.glbimg.com\/v1\/AUTH_59edd422c0c84a879bd37670ae4f538a\/internal_photos\/bs\/2022\/s\/B\/YrUddYQ9uKqBGDUTjN4Q\/chamada-jn-23.06-frame-556.jpeg\" sizes=\"(max-width: 1366px) 648px, 100vw\" srcset=\"https:\/\/s2.glbimg.com\/EVkOOdc2jI6qAYwDyga_pExkv9g=\/0x0:3840x2160\/1000x0\/smart\/filters:strip_icc()\/i.s3.glbimg.com\/v1\/AUTH_59edd422c0c84a879bd37670ae4f538a\/internal_photos\/bs\/2022\/s\/B\/YrUddYQ9uKqBGDUTjN4Q\/chamada-jn-23.06-frame-556.jpeg 1000w, https:\/\/s2.glbimg.com\/giFtoDa69A0xZVGYYYzeYjRXq8E=\/0x0:3840x2160\/984x0\/smart\/filters:strip_icc()\/i.s3.glbimg.com\/v1\/AUTH_59edd422c0c84a879bd37670ae4f538a\/internal_photos\/bs\/2022\/s\/B\/YrUddYQ9uKqBGDUTjN4Q\/chamada-jn-23.06-frame-556.jpeg 984w, https:\/\/s2.glbimg.com\/WtPRoSaD59UInmO0dhiy2AY6P20=\/0x0:3840x2160\/640x0\/smart\/filters:strip_icc()\/i.s3.glbimg.com\/v1\/AUTH_59edd422c0c84a879bd37670ae4f538a\/internal_photos\/bs\/2022\/s\/B\/YrUddYQ9uKqBGDUTjN4Q\/chamada-jn-23.06-frame-556.jpeg 640w, https:\/\/s2.glbimg.com\/4EimgRIzzXMYOEsNAs1xA8VcxCc=\/0x0:3840x2160\/600x0\/smart\/filters:strip_icc()\/i.s3.glbimg.com\/v1\/AUTH_59edd422c0c84a879bd37670ae4f538a\/internal_photos\/bs\/2022\/s\/B\/YrUddYQ9uKqBGDUTjN4Q\/chamada-jn-23.06-frame-556.jpeg 600w\" alt=\"Produ\u00e7\u00e3o cultural: projeto de forma\u00e7\u00e3o gratuita abre vagas para jovens e adultos na Bahia \u2014 Foto: JN\" \/><\/p>\n<\/div>\n<\/div>\n<\/div>\n<\/div>\n<div class=\"mc-article-body\">\n<article>\n<div id=\"chunk-caiqn\">\n<div class=\"row medium-uncollapsed content-media content-photo\" data-block-type=\"backstage-photo\" data-block-id=\"1\">\n<div class=\"mc-column content-media__container\">\n<p class=\"content-media__description \">Produ\u00e7\u00e3o cultural: projeto de forma\u00e7\u00e3o gratuita abre vagas para jovens e adultos na Bahia \u2014 Foto: JN<\/p>\n<\/div>\n<\/div>\n<\/div>\n<div id=\"chunk-bdnij\">\n<div class=\"mc-column content-text active-extra-styles \" data-block-type=\"unstyled\" data-block-weight=\"37\" data-block-id=\"3\">\n<p class=\"content-text__container \" data-track-category=\"Link no Texto\" data-track-links=\"\">Um projeto de forma\u00e7\u00e3o gratuita abriu, nesta ter\u00e7a-feira (17), vagas para jovens e adultos que querem ter qualifica\u00e7\u00e3o profissional em Produ\u00e7\u00e3o Cultural, na Bahia. Para se inscrever no Sesc EAD EJA \u00e9 preciso estar no ensino m\u00e9dio.<\/p>\n<\/div>\n<\/div>\n<div class=\"wall protected-content\">\n<div id=\"chunk-3ksa7\">\n<div class=\"mc-column content-text active-extra-styles \" data-block-type=\"unstyled\" data-block-weight=\"43\" data-block-id=\"4\">\n<p class=\"content-text__container \" data-track-category=\"Link no Texto\" data-track-links=\"\">As inscri\u00e7\u00f5es v\u00e3o at\u00e9 o dia 17 de fevereiro e podem ser feitas em\u00a0<a href=\"http:\/\/sesc.com.br\/ead\" target=\"_blank\" rel=\"noopener\">sesc.com.br\/ead<\/a>. Os interessados ter\u00e3o a oportunidade de retomar os estudos por meio do ensino \u00e0 dist\u00e2ncia e se qualificar para o mercado de trabalho. Ao todo, ser\u00e3o 1.832 vagas.<\/p>\n<\/div>\n<\/div>\n<div id=\"chunk-ujrp\">\n<div class=\"mc-column content-text active-extra-styles \" data-block-type=\"unstyled\" data-block-weight=\"42\" data-block-id=\"5\">\n<p class=\"content-text__container \" data-track-category=\"Link no Texto\" data-track-links=\"\">Todas as pessoas a partir dos 18 anos, que tenham o ensino fundamental completo podem se inscrever. O curso ter\u00e1 dura\u00e7\u00e3o de tr\u00eas meses, com carga hor\u00e1ria de 1.200 horas \u2013 sendo 80% delas em formato virtual e os 20% restantes presencial.<\/p>\n<\/div>\n<\/div>\n<div id=\"chunk-dlv9o\">\n<div class=\"content-ads content-ads--reveal\" data-block-type=\"ads\" data-block-id=\"6\">\n<div id=\"banner_materia2\" class=\"tag-manager-publicidade-container mc-has-reveal mc-has-ad-lazyload tag-manager-publicidade-banner_materia2 tag-manager-publicidade-container--carregado tag-manager-publicidade-container--visivel\" data-id=\"banner_materia2\" data-google-query-id=\"CKay4d7GzvwCFVa6lQIdW5oIjw\">\n<div id=\"google_ads_iframe_\/95377733\/tvg_G1\/Sua_Regiao&gt;Nordeste&gt;Bahia_3__container__\" style=\"box-sizing: inherit; margin: auto; padding: 0px; border: 0pt none; font: inherit; vertical-align: initial; max-width: 100%; text-align: center; width: 970px; height: 250px;\">Os alunos que formarem receber\u00e3o certificado de conclus\u00e3o do ensino m\u00e9dio com qualifica\u00e7\u00e3o profissional em Produ\u00e7\u00e3o Cultural Al\u00e9m da Bahia, o projeto tamb\u00e9m \u00e9 feito nos seguintes estado<\/div>\n<\/div>\n<\/div>\n<\/div>\n<div class=\"mc-column content-text active-extra-styles\" data-block-type=\"raw\" data-block-weight=\"16\" data-block-id=\"8\">\n<ul class=\"content-unordered-list\">\n<li>Amazonas;<\/li>\n<li>Cear\u00e1;<\/li>\n<li>Maranh\u00e3o;<\/li>\n<li>Par\u00e1;<\/li>\n<li>Paran\u00e1;<\/li>\n<li>Pernambuco;<\/li>\n<li>Piau\u00ed;<\/li>\n<li>Rio Grande do Sul;<\/li>\n<li>Rond\u00f4nia;<\/li>\n<li>Santa Catarina;<\/li>\n<li>Sergipe;<\/li>\n<li>Tocantins.<\/li>\n<\/ul>\n<\/div>\n<\/div>\n<\/article>\n<\/div>\n","protected":false},"excerpt":{"rendered":"<p>Inscri\u00e7\u00f5es s\u00e3o destinadas a pessoas que t\u00eam qualifica\u00e7\u00e3o profissional e podem ser feitas at\u00e9 o dia 17 de fevereiro. Por g1 BA Produ\u00e7\u00e3o cultural: projeto de forma\u00e7\u00e3o gratuita abre vagas para jovens e adultos na Bahia \u2014 Foto: JN Um projeto de forma\u00e7\u00e3o gratuita abriu, nesta ter\u00e7a-feira (17), vagas para jovens e adultos que querem [&hellip;]<\/p>\n","protected":false},"author":2,"featured_media":0,"comment_status":"open","ping_status":"open","sticky":false,"template":"","format":"standard","meta":{"_links_to":"","_links_to_target":""},"categories":[7,9,8,1],"tags":[],"_links":{"self":[{"href":"https:\/\/www.ilheusnoticias.net.br\/v1\/wp-json\/wp\/v2\/posts\/30610"}],"collection":[{"href":"https:\/\/www.ilheusnoticias.net.br\/v1\/wp-json\/wp\/v2\/posts"}],"about":[{"href":"https:\/\/www.ilheusnoticias.net.br\/v1\/wp-json\/wp\/v2\/types\/post"}],"author":[{"embeddable":true,"href":"https:\/\/www.ilheusnoticias.net.br\/v1\/wp-json\/wp\/v2\/users\/2"}],"replies":[{"embeddable":true,"href":"https:\/\/www.ilheusnoticias.net.br\/v1\/wp-json\/wp\/v2\/comments?post=30610"}],"version-history":[{"count":1,"href":"https:\/\/www.ilheusnoticias.net.br\/v1\/wp-json\/wp\/v2\/posts\/30610\/revisions"}],"predecessor-version":[{"id":30611,"href":"https:\/\/www.ilheusnoticias.net.br\/v1\/wp-json\/wp\/v2\/posts\/30610\/revisions\/30611"}],"wp:attachment":[{"href":"https:\/\/www.ilheusnoticias.net.br\/v1\/wp-json\/wp\/v2\/media?parent=30610"}],"wp:term":[{"taxonomy":"category","embeddable":true,"href":"https:\/\/www.ilheusnoticias.net.br\/v1\/wp-json\/wp\/v2\/categories?post=30610"},{"taxonomy":"post_tag","embeddable":true,"href":"https:\/\/www.ilheusnoticias.net.br\/v1\/wp-json\/wp\/v2\/tags?post=30610"}],"curies":[{"name":"wp","href":"https:\/\/api.w.org\/{rel}","templated":true}]}}