{"id":30606,"date":"2023-01-17T08:52:38","date_gmt":"2023-01-17T11:52:38","guid":{"rendered":"https:\/\/www.ilheusnoticias.net.br\/v1\/?p=30606"},"modified":"2023-01-17T08:52:38","modified_gmt":"2023-01-17T11:52:38","slug":"mulher-que-teve-mao-amputada-apos-parto-diz-que-nao-sai-de-casa-tenho-vergonha-que-olhem-para-mim","status":"publish","type":"post","link":"https:\/\/www.ilheusnoticias.net.br\/v1\/2023\/01\/17\/mulher-que-teve-mao-amputada-apos-parto-diz-que-nao-sai-de-casa-tenho-vergonha-que-olhem-para-mim\/","title":{"rendered":"Mulher que teve m\u00e3o amputada ap\u00f3s parto diz que n\u00e3o sai de casa: &#8216;Tenho vergonha que olhem para mim&#8217;"},"content":{"rendered":"<div class=\"row content-head non-featured \">\n<div class=\"title\" data-block-type=\"title\" data-block-id=\"0\">\n<h1 class=\"content-head__title\"><span style=\"font-size: 16px;\">Jovem de 24 anos teve a m\u00e3o amputada depois de uma complica\u00e7\u00e3o ap\u00f3s o parto, em outubro de 2022. Mas ela n\u00e3o sabe ao certo o que houve, nem recebeu explica\u00e7\u00e3o do hospital.<\/span><\/h1>\n<\/div>\n<\/div>\n<div class=\"content__signa-share\">\n<div class=\"content__signature\">\n<div class=\"content-publication-data\">\n<div class=\"content-publication-data__text\">\n<p class=\"content-publication-data__from\" title=\"Eliane Santos, g1 Rio\">Por Eliane Santos, g1 Rio<\/p>\n<p>&nbsp;<\/p>\n<p>&nbsp;<\/p>\n<p class=\"content-publication-data__updated\"><img class=\"content-video__placeholder__thumb\" title=\"Mulher d\u00e1 entrada no hospital para dar \u00e0 luz e sai com bra\u00e7o amputado no RJ\" src=\"https:\/\/s01.video.glbimg.com\/x240\/11285268.jpg\" alt=\"Mulher d\u00e1 entrada no hospital para dar \u00e0 luz e sai com bra\u00e7o amputado no RJ\" \/><\/p>\n<\/div>\n<\/div>\n<\/div>\n<\/div>\n<div class=\"mc-article-body\">\n<article>\n<div id=\"chunk-5knko\">\n<div class=\"bs-video-block mc-column  content-media content-video\" data-block-type=\"backstage-video\" data-block-id=\"7\">\n<div class=\"content-media__container\">\n<div class=\"content-video__bigger-player-description-fixer\">\n<article class=\"content-video\">\n<section class=\"content-video__video-container\">\n<div class=\"content-video__video\">\n<div id=\"wp3-player-2\" class=\"clappr-player\" tabindex=\"9999\" data-player=\"\">\n<div class=\"dfp-ad-overlay dfp-ad-overlay--poster-mode\">\n<div><\/div>\n<\/div>\n<\/div>\n<\/div>\n<\/section>\n<\/article>\n<\/div>\n<p class=\"content-media__description\">Mulher d\u00e1 entrada no hospital para dar \u00e0 luz e sai com bra\u00e7o amputado no RJ<\/p>\n<\/div>\n<\/div>\n<\/div>\n<div id=\"chunk-1cdmp\">\n<div class=\"mc-column content-text active-extra-styles \" data-block-type=\"unstyled\" data-block-weight=\"73\" data-block-id=\"9\">\n<p class=\"content-text__container \" data-track-category=\"Link no Texto\" data-track-links=\"\">Tr\u00eas meses depois de ter\u00a0<a href=\"https:\/\/g1.globo.com\/rj\/rio-de-janeiro\/noticia\/2023\/01\/16\/mulher-vai-a-hospital-da-zona-oeste-do-rio-para-dar-a-luz-e-sai-com-mao-amputada.ghtml\">a m\u00e3o amputada ap\u00f3s se internar para dar \u00e0 luz<\/a>, uma mulher de 24 anos do\u00a0<a href=\"https:\/\/g1.globo.com\/rj\/rio-de-janeiro\/cidade\/rio-de-janeiro\/\">Rio de Janeiro<\/a>\u00a0ainda tenta entender tudo o que aconteceu. Sem ter o diagn\u00f3stico do que levou a retirada do membro, ela tenta se adaptar a nova rotina em casa, com os filhos &#8211; ela \u00e9 m\u00e3e de tr\u00eas meninos de 8 e 4 anos, al\u00e9m do beb\u00ea de 3 meses.<\/p>\n<\/div>\n<\/div>\n<div class=\"wall protected-content\">\n<div class=\"mc-column content-text active-extra-styles\" data-block-type=\"raw\" data-block-weight=\"51\" data-block-id=\"10\">\n<p class=\"content-text__container\">\n<blockquote class=\"content-blockquote theme-border-color-primary-before\"><p>&#8220;Tem um m\u00eas que tive coragem de olhar para o meu bra\u00e7o sem m\u00e3o. N\u00e3o gosto de olhar. Ainda n\u00e3o me aceito nessa nova vers\u00e3o. Tamb\u00e9m n\u00e3o saio de casa, tenho vergonha que olhem pra mim. Acho que est\u00e1 todo mundo me olhando&#8221;, disse a mulher, que n\u00e3o quis ser identificada.<\/p><\/blockquote>\n<\/div>\n<div id=\"chunk-7j4eb\">\n<div class=\"mc-column content-text active-extra-styles \" data-block-type=\"unstyled\" data-block-weight=\"30\" data-block-id=\"13\">\n<p class=\"content-text__container \" data-track-category=\"Link no Texto\" data-track-links=\"\">Por causa da perda da m\u00e3o, ela n\u00e3o pode dar banho no filho mais novo. Tamb\u00e9m n\u00e3o pode amamentar nos primeiros dias, j\u00e1 que ficou 17 dias internada no hospital.<\/p>\n<\/div>\n<\/div>\n<div id=\"chunk-cm0ha\">\n<div class=\"mc-column content-text active-extra-styles \" data-block-type=\"unstyled\" data-block-weight=\"49\" data-block-id=\"14\">\n<p class=\"content-text__container \" data-track-category=\"Link no Texto\" data-track-links=\"\">\u201cTem certas coisas que eu n\u00e3o posso fazer com ele, que eu j\u00e1 tinha feito com os meus dois outros filhos. Tamb\u00e9m n\u00e3o sei como vai ficar no meu trabalho quando eu voltar. Era fiscal em um mercado e precisava das duas m\u00e3os para exercer a fun\u00e7\u00e3o&#8221;, contou.<\/p>\n<\/div>\n<\/div>\n<div id=\"chunk-8ueim\">\n<div class=\"mc-column content-text active-extra-styles \" data-block-type=\"unstyled\" data-block-weight=\"5\" data-block-id=\"15\">\n<p class=\"content-text__container \" data-track-category=\"Link no Texto\" data-track-links=\"\">Atualmente, ela est\u00e1 de licen\u00e7a-maternidade.<\/p>\n<\/div>\n<\/div>\n<div id=\"chunk-dbj0n\">\n<div class=\"row medium-uncollapsed content-media content-photo\" data-block-type=\"backstage-photo\" data-block-id=\"16\">\n<div class=\"mc-column content-media__container\">\n<div class=\"content-media-container glb-skeleton-box\">\n<figure class=\"content-media-figure\"><img class=\"i-amphtml-fill-content i-amphtml-replaced-content\" src=\"https:\/\/s2.glbimg.com\/0v5IzGPNsblndBJEYOrlKN8pthQ=\/0x0:1920x1080\/984x0\/smart\/filters:strip_icc()\/i.s3.glbimg.com\/v1\/AUTH_59edd422c0c84a879bd37670ae4f538a\/internal_photos\/bs\/2023\/w\/i\/bQABAVTECmX8jmwDRi6w\/bdrj-amputados2.jpeg\" sizes=\"(max-width: 1366px) 648px, 100vw\" srcset=\"https:\/\/s2.glbimg.com\/s-sQszU5Fke-GelSoM6qMkF9T_I=\/0x0:1920x1080\/1000x0\/smart\/filters:strip_icc()\/i.s3.glbimg.com\/v1\/AUTH_59edd422c0c84a879bd37670ae4f538a\/internal_photos\/bs\/2023\/w\/i\/bQABAVTECmX8jmwDRi6w\/bdrj-amputados2.jpeg 1000w, https:\/\/s2.glbimg.com\/0v5IzGPNsblndBJEYOrlKN8pthQ=\/0x0:1920x1080\/984x0\/smart\/filters:strip_icc()\/i.s3.glbimg.com\/v1\/AUTH_59edd422c0c84a879bd37670ae4f538a\/internal_photos\/bs\/2023\/w\/i\/bQABAVTECmX8jmwDRi6w\/bdrj-amputados2.jpeg 984w, https:\/\/s2.glbimg.com\/C01vr_zidnDERVBhG1-HwWrI2NM=\/0x0:1920x1080\/640x0\/smart\/filters:strip_icc()\/i.s3.glbimg.com\/v1\/AUTH_59edd422c0c84a879bd37670ae4f538a\/internal_photos\/bs\/2023\/w\/i\/bQABAVTECmX8jmwDRi6w\/bdrj-amputados2.jpeg 640w, https:\/\/s2.glbimg.com\/AtiPWEkrjyT3QmVwUNd1YH-gTlE=\/0x0:1920x1080\/600x0\/smart\/filters:strip_icc()\/i.s3.glbimg.com\/v1\/AUTH_59edd422c0c84a879bd37670ae4f538a\/internal_photos\/bs\/2023\/w\/i\/bQABAVTECmX8jmwDRi6w\/bdrj-amputados2.jpeg 600w\" alt=\"Mulher \u00e9 internada para dar \u00e0 luz e tem m\u00e3o e punho amputados no Rio de Janeiro \u2014 Foto: Reprodu\u00e7\u00e3o\/ TV Globo\" \/><\/figure>\n<\/div>\n<p class=\"content-media__description \">Mulher \u00e9 internada para dar \u00e0 luz e tem m\u00e3o e punho amputados no Rio de Janeiro \u2014 Foto: Reprodu\u00e7\u00e3o\/ TV Globo<\/p>\n<\/div>\n<\/div>\n<\/div>\n<div id=\"chunk-75vkn\">\n<div class=\"mc-column content-text active-extra-styles \" data-block-type=\"unstyled\" data-block-weight=\"17\" data-block-id=\"17\">\n<p class=\"content-text__container \" data-track-category=\"Link no Texto\" data-track-links=\"\">A mulher conta com a ajuda da m\u00e3e e do marido para tentar superar esse momento dif\u00edcil.<\/p>\n<\/div>\n<\/div>\n<div id=\"chunk-4345p\">\n<div class=\"mc-column content-text active-extra-styles \" data-block-type=\"unstyled\" data-block-weight=\"29\" data-block-id=\"19\">\n<p class=\"content-text__container \" data-track-category=\"Link no Texto\" data-track-links=\"\">&#8220;Mexeu com a vida de todo mundo. A gente teve que se readaptar para poder ajud\u00e1-la, j\u00e1 que n\u00e3o consegue fazer muita coisa sozinha&#8221;, afirmou a m\u00e3e da jovem.<\/p>\n<\/div>\n<\/div>\n<div id=\"chunk-6od8r\">\n<div class=\"row medium-uncollapsed content-media content-photo\" data-block-type=\"backstage-photo\" data-block-id=\"20\">\n<div class=\"mc-column content-media__container\">\n<div class=\"content-media-container glb-skeleton-box\">\n<figure class=\"content-media-figure\"><img class=\"i-amphtml-fill-content i-amphtml-replaced-content\" src=\"https:\/\/s2.glbimg.com\/eJl4GuHbAntVVza8c6SWcMqE_ZY=\/0x0:1920x1080\/984x0\/smart\/filters:strip_icc()\/i.s3.glbimg.com\/v1\/AUTH_59edd422c0c84a879bd37670ae4f538a\/internal_photos\/bs\/2023\/t\/c\/zjcMCXT6m2toutAz0mVw\/bdrj-amputada1.jpeg\" sizes=\"(max-width: 1366px) 648px, 100vw\" srcset=\"https:\/\/s2.glbimg.com\/glFbuIahn4UgyZWVzSa3DkjRINU=\/0x0:1920x1080\/1000x0\/smart\/filters:strip_icc()\/i.s3.glbimg.com\/v1\/AUTH_59edd422c0c84a879bd37670ae4f538a\/internal_photos\/bs\/2023\/t\/c\/zjcMCXT6m2toutAz0mVw\/bdrj-amputada1.jpeg 1000w, https:\/\/s2.glbimg.com\/eJl4GuHbAntVVza8c6SWcMqE_ZY=\/0x0:1920x1080\/984x0\/smart\/filters:strip_icc()\/i.s3.glbimg.com\/v1\/AUTH_59edd422c0c84a879bd37670ae4f538a\/internal_photos\/bs\/2023\/t\/c\/zjcMCXT6m2toutAz0mVw\/bdrj-amputada1.jpeg 984w, https:\/\/s2.glbimg.com\/E_jjGCXY6oT3-fCFu_vKWld48no=\/0x0:1920x1080\/640x0\/smart\/filters:strip_icc()\/i.s3.glbimg.com\/v1\/AUTH_59edd422c0c84a879bd37670ae4f538a\/internal_photos\/bs\/2023\/t\/c\/zjcMCXT6m2toutAz0mVw\/bdrj-amputada1.jpeg 640w, https:\/\/s2.glbimg.com\/0f23Nj4Pq0se3wZryjLpZvj-2x4=\/0x0:1920x1080\/600x0\/smart\/filters:strip_icc()\/i.s3.glbimg.com\/v1\/AUTH_59edd422c0c84a879bd37670ae4f538a\/internal_photos\/bs\/2023\/t\/c\/zjcMCXT6m2toutAz0mVw\/bdrj-amputada1.jpeg 600w\" alt=\"Mulher busca respostas sobre amputa\u00e7\u00e3o da m\u00e3o esquerda durante interna\u00e7\u00e3o para ter beb\u00ea \u2014 Foto: Reprodu\u00e7\u00e3o\/ TV Globo\" \/><\/figure>\n<\/div>\n<p class=\"content-media__description \">Mulher busca respostas sobre amputa\u00e7\u00e3o da m\u00e3o esquerda durante interna\u00e7\u00e3o para ter beb\u00ea \u2014 Foto: Reprodu\u00e7\u00e3o\/ TV Globo<\/p>\n<\/div>\n<\/div>\n<\/div>\n<div id=\"chunk-7hone\">\n<div class=\"mc-column content-text active-extra-styles \" data-block-type=\"unstyled\" data-block-weight=\"36\" data-block-id=\"21\">\n<p class=\"content-text__container \" data-track-category=\"Link no Texto\" data-track-links=\"\">Ela contou ainda que precisou ter mais cuidado com as crian\u00e7as logo que voltou para casa, para que os filhos mais velhos n\u00e3o pensassem que a culpa da m\u00e3e estar sem a m\u00e3o era ca\u00e7ula.<\/p>\n<\/div>\n<\/div>\n<div class=\"mc-column content-text active-extra-styles\" data-block-type=\"raw\" data-block-weight=\"9\" data-block-id=\"22\">\n<p class=\"content-text__container\">\n<blockquote class=\"content-blockquote theme-border-color-primary-before\"><p>&#8220;Era para ser um momento feliz&#8221;, disse a paciente.<\/p><\/blockquote>\n<\/div>\n<div id=\"chunk-2h4c7\">\n<div class=\"content-ads content-ads--reveal\" data-block-type=\"ads\" data-block-id=\"25\"><\/div>\n<\/div>\n<div class=\"mc-column content-text active-extra-styles\" data-block-type=\"raw\" data-block-weight=\"2\" data-block-id=\"26\">\n<div class=\"content-intertitle\">\n<h2>O caso<\/h2>\n<\/div>\n<p>Uma jovem de 24 anos se internou no <strong>Hospital da Mulher Interm\u00e9dica de Jacarepagu\u00e1<\/strong>, para dar \u00e0 luz de parto normal. Ela teve uma hemorragia logo ap\u00f3s o predimento, uma chamada invers\u00e3o uterina, e recebeu um acesso venoso na m\u00e3o esquerda.<\/p>\n<\/div>\n<div id=\"chunk-e17jc\">\n<div class=\"mc-column content-text active-extra-styles \" data-block-type=\"unstyled\" data-block-weight=\"32\" data-block-id=\"28\">\n<p class=\"content-text__container \" data-track-category=\"Link no Texto\" data-track-links=\"\">O local inchou e foi ficando roxo. O \u00fanico cuidado aplicado na regi\u00e3o, de acordo com a fam\u00edlia, foi uma bolsa de gel quente que, em dado momento, chegou queimar a jovem.<\/p>\n<\/div>\n<\/div>\n<div id=\"chunk-cha3q\">\n<div class=\"mc-column content-text active-extra-styles \" data-block-type=\"unstyled\" data-block-weight=\"51\" data-block-id=\"29\">\n<p class=\"content-text__container \" data-track-category=\"Link no Texto\" data-track-links=\"\">Ela foi transferida para o\u00a0<strong>Hospital da Mulher Interm\u00e9dica de\u00a0<\/strong><a href=\"https:\/\/g1.globo.com\/rj\/rio-de-janeiro\/cidade\/sao-goncalo\/\"><strong>S\u00e3o Gon\u00e7alo<\/strong><\/a>, da mesma rede, onde teria um CTI para receb\u00ea-la. L\u00e1, foi constatada a gravidade do problema na m\u00e3o, com poss\u00edvel quadro de trombose &#8211; que nunca foi confirmado -, e foi preciso amputar o membro pra salvar o bra\u00e7o.<\/p>\n<\/div>\n<\/div>\n<div id=\"chunk-ak6fq\">\n<div class=\"mc-column content-text active-extra-styles \" data-block-type=\"unstyled\" data-block-weight=\"44\" data-block-id=\"30\">\n<p class=\"content-text__container \" data-track-category=\"Link no Texto\" data-track-links=\"\">A jovem ainda precisou voltar ao hospital, cerca de 45 dias depois do parto e j\u00e1 sem a m\u00e3o, para se submeter a uma curetagem por suc\u00e7\u00e3o &#8211; raspagem da cavidade uterina<\/p>\n<p class=\"content-text__container \" data-track-category=\"Link no Texto\" data-track-links=\"\">&#8220;Cerca de 45 dias depois do parto, minha filha teve um sangramento, uma hemorragia. Foi para o hospital, e l\u00e1 disseram que ela teria que se submeter a uma nova cirurgia, pois esqueceram alguma coisa dentro dela, mas n\u00e3o souberam dizer o que era porque n\u00e3o tinham um exame de imagem para analisar antes. Foram direto fazer a curetagem por suc\u00e7\u00e3o, e ela teve que ficar mais dois dias internada&#8221;, conta a m\u00e3e da mulher<\/p>\n<\/div>\n<\/div>\n<div id=\"chunk-cn5ak\">\n<div class=\"bs-video-block mc-column  content-media content-video\" data-block-type=\"backstage-video\" data-block-id=\"33\">\n<div class=\"content-media__container\">\n<div class=\"content-video__bigger-player-description-fixer\">\n<article class=\"content-video\">\n<section class=\"content-video__video-container\">\n<div class=\"content-video__video\">\n<div class=\"content-video__placeholder\" data-video-id=\"11283554\" data-video-has-viewport-play=\"True\"><img class=\"content-video__placeholder__thumb\" title=\"Mulher d\u00e1 \u00e0 luz e tem m\u00e3o amputada depois do parto\" src=\"https:\/\/s03.video.glbimg.com\/x240\/11283554.jpg\" alt=\"Mulher d\u00e1 \u00e0 luz e tem m\u00e3o amputada depois do parto\" \/><\/div>\n<div id=\"wp3-player-3\" class=\"clappr-player\" tabindex=\"9999\" data-player=\"\">\n<div class=\"dfp-ad-overlay dfp-ad-overlay--poster-mode\">\n<div><\/div>\n<\/div>\n<\/div>\n<\/div>\n<\/section>\n<\/article>\n<\/div>\n<p class=\"content-media__description\">Mulher d\u00e1 \u00e0 luz e tem m\u00e3o amputada depois do parto<\/p>\n<\/div>\n<\/div>\n<\/div>\n<div id=\"chunk-b3vnn\">\n<div class=\"mc-column content-text active-extra-styles \" data-block-type=\"unstyled\" data-block-weight=\"37\" data-block-id=\"34\">\n<p class=\"content-text__container \" data-track-category=\"Link no Texto\" data-track-links=\"\">A advogada que cuida do caso afirmou que j\u00e1 entrou na Justi\u00e7a contra a unidade de sa\u00fade, e que um inqu\u00e9rito policial foi registrado na 41\u00aa DP (Tanque), para dar in\u00edcio \u00e0s investiga\u00e7\u00f5es sobre o que aconteceu.<\/p>\n<\/div>\n<\/div>\n<div id=\"chunk-8r6d8\">\n<div class=\"mc-column content-text active-extra-styles \" data-block-type=\"unstyled\" data-block-weight=\"56\" data-block-id=\"35\">\n<p class=\"content-text__container \" data-track-category=\"Link no Texto\" data-track-links=\"\">\u201cIsso foi uma sequ\u00eancia de erros que devem ser todos apurados, nas esferas criminal, administrativo e c\u00edvel. Vamos pedir as repara\u00e7\u00f5es de que t\u00eam a responsabilidade civil: dano est\u00e9tico, dano moral e material. E vamos fazer um levantamento da parte da imprud\u00eancia, neglig\u00eancia e imper\u00edcia, que \u00e9 a parte criminal\u201d, destacou a advogada Monalisa Gagno.<\/p>\n<\/div>\n<\/div>\n<div class=\"mc-column content-text active-extra-styles\" data-block-type=\"raw\" data-block-weight=\"5\" data-block-id=\"36\">\n<p class=\"content-text__container\">\n<div class=\"content-intertitle\">\n<h2>O que diz o hospital<\/h2>\n<\/div>\n<p>&nbsp;<\/p>\n<\/div>\n<div id=\"chunk-3lq3l\">\n<div class=\"mc-column content-text active-extra-styles \" data-block-type=\"unstyled\" data-block-weight=\"47\" data-block-id=\"37\">\n<p class=\"content-text__container \" data-track-category=\"Link no Texto\" data-track-links=\"\">Por meio de nota, o Hospital da Mulher Interm\u00e9dica de Jacarepagu\u00e1 afirmou que se solidariza com a v\u00edtima e lamenta o ocorrido. A unidade afirmou ainda que vai apurar o caso e os procedimentos adotados durante o atendimento da jovem e disse estar \u00e0 disposi\u00e7\u00e3o para esclarecimentos.<span style=\"font-family: inherit; font-size: inherit; font-style: inherit; font-variant-ligatures: inherit; font-variant-caps: inherit; font-weight: inherit; text-align: center;\">A Pol\u00edcia Civil informou que o caso foi registrado como les\u00e3o corporal culposa, que est\u00e1 ouvindo testemunhas e que pediu os documentos m\u00e9dicos para ajudar nas investiga\u00e7\u00f5es.<\/span><\/p>\n<\/div>\n<\/div>\n<\/div>\n<\/article>\n<\/div>\n","protected":false},"excerpt":{"rendered":"<p>Jovem de 24 anos teve a m\u00e3o amputada depois de uma complica\u00e7\u00e3o ap\u00f3s o parto, em outubro de 2022. Mas ela n\u00e3o sabe ao certo o que houve, nem recebeu explica\u00e7\u00e3o do hospital. Por Eliane Santos, g1 Rio &nbsp; &nbsp; Mulher d\u00e1 entrada no hospital para dar \u00e0 luz e sai com bra\u00e7o amputado no [&hellip;]<\/p>\n","protected":false},"author":2,"featured_media":0,"comment_status":"open","ping_status":"open","sticky":false,"template":"","format":"standard","meta":{"_links_to":"","_links_to_target":""},"categories":[7,9,8,1],"tags":[],"_links":{"self":[{"href":"https:\/\/www.ilheusnoticias.net.br\/v1\/wp-json\/wp\/v2\/posts\/30606"}],"collection":[{"href":"https:\/\/www.ilheusnoticias.net.br\/v1\/wp-json\/wp\/v2\/posts"}],"about":[{"href":"https:\/\/www.ilheusnoticias.net.br\/v1\/wp-json\/wp\/v2\/types\/post"}],"author":[{"embeddable":true,"href":"https:\/\/www.ilheusnoticias.net.br\/v1\/wp-json\/wp\/v2\/users\/2"}],"replies":[{"embeddable":true,"href":"https:\/\/www.ilheusnoticias.net.br\/v1\/wp-json\/wp\/v2\/comments?post=30606"}],"version-history":[{"count":1,"href":"https:\/\/www.ilheusnoticias.net.br\/v1\/wp-json\/wp\/v2\/posts\/30606\/revisions"}],"predecessor-version":[{"id":30607,"href":"https:\/\/www.ilheusnoticias.net.br\/v1\/wp-json\/wp\/v2\/posts\/30606\/revisions\/30607"}],"wp:attachment":[{"href":"https:\/\/www.ilheusnoticias.net.br\/v1\/wp-json\/wp\/v2\/media?parent=30606"}],"wp:term":[{"taxonomy":"category","embeddable":true,"href":"https:\/\/www.ilheusnoticias.net.br\/v1\/wp-json\/wp\/v2\/categories?post=30606"},{"taxonomy":"post_tag","embeddable":true,"href":"https:\/\/www.ilheusnoticias.net.br\/v1\/wp-json\/wp\/v2\/tags?post=30606"}],"curies":[{"name":"wp","href":"https:\/\/api.w.org\/{rel}","templated":true}]}}