{"id":30602,"date":"2023-01-17T08:20:17","date_gmt":"2023-01-17T11:20:17","guid":{"rendered":"https:\/\/www.ilheusnoticias.net.br\/v1\/?p=30602"},"modified":"2023-01-17T08:22:27","modified_gmt":"2023-01-17T11:22:27","slug":"ao-lado-de-jeronimo-valmir-diz-que-mst-ganha-mais-forca-para-lutar-pela-reforma-agraria","status":"publish","type":"post","link":"https:\/\/www.ilheusnoticias.net.br\/v1\/2023\/01\/17\/ao-lado-de-jeronimo-valmir-diz-que-mst-ganha-mais-forca-para-lutar-pela-reforma-agraria\/","title":{"rendered":"Ao lado de Jer\u00f4nimo, Valmir diz que MST ganha mais for\u00e7a para lutar pela reforma agr\u00e1ria"},"content":{"rendered":"<div class=\"PostHeaderIcons metadata-icons\"><img src=\"http:\/\/www.blogdothame.blog.br\/v1\/wp-content\/uploads\/2023\/01\/MST-Jeronimo-2.jpg\" \/><\/div>\n<p>&nbsp;<\/p>\n<div class=\"PostContent\">\n<p>Esperan\u00e7a e for\u00e7a para lutar por reforma agr\u00e1ria e defender pol\u00edticas estruturais para produ\u00e7\u00e3o de alimentos, organiza\u00e7\u00e3o dos assentamentos e acampamentos no pa\u00eds. Esse foi o debate central que o Movimento dos Trabalhadores Rurais Sem Terra (MST) da Bahia refor\u00e7ou durante o 35\u00ba Encontro Estadual realizado em Salvador at\u00e9 o \u00faltimo domingo (15). Os militantes se reuniram com o deputado federal Valmir Assun\u00e7\u00e3o (PT-BA) e pol\u00edticos da base do governador Jer\u00f4nimo Rodrigues (PT), que tamb\u00e9m esteve no encontro, para tratar de demandas e para ouvir as discuss\u00f5es sobre a conjuntura pol\u00edtica do Brasil ap\u00f3s a elei\u00e7\u00e3o do presidente Luiz In\u00e1cio Lula da Silva (PT). De acordo com Valmir, a presen\u00e7a do governador da Bahia \u201csela a parceria e o compromisso do governo estadual com a reforma agr\u00e1ria e a produ\u00e7\u00e3o de alimentos saud\u00e1veis\u201d.<\/p>\n<\/div>\n<p>&nbsp;<\/p>\n<div class=\"PostContent\">\n<p>Ainda segundo o deputado, Jer\u00f4nimo esteve em seu habitat natural ao lado dos Sem Terras. \u201cN\u00f3s estamos em um per\u00edodo de esperan\u00e7a e n\u00f3s vamos continuar resgatando a esperan\u00e7a do nosso povo. E Jer\u00f4nimo vem para demonstrar a import\u00e2ncia do MST no cen\u00e1rio pol\u00edtico, dentro das lutas democr\u00e1ticas. Foram debates importantes e fundamentais para a organiza\u00e7\u00e3o da luta por reforma agr\u00e1ria no pr\u00f3ximo per\u00edodo. Foram dias intensos de debate. Diversos movimentos sociais e autoridades pol\u00edticas compareceram ao Parque de Exposi\u00e7\u00f5es, em Salvador, em sauda\u00e7\u00e3o ao MST. E isso nos deixa ainda mais convicto de que estamos no caminho certo da hist\u00f3ria\u201d, sintetiza Assun\u00e7\u00e3o.<\/p>\n<\/div>\n","protected":false},"excerpt":{"rendered":"<p>&nbsp; Esperan\u00e7a e for\u00e7a para lutar por reforma agr\u00e1ria e defender pol\u00edticas estruturais para produ\u00e7\u00e3o de alimentos, organiza\u00e7\u00e3o dos assentamentos e acampamentos no pa\u00eds. Esse foi o debate central que o Movimento dos Trabalhadores Rurais Sem Terra (MST) da Bahia refor\u00e7ou durante o 35\u00ba Encontro Estadual realizado em Salvador at\u00e9 o \u00faltimo domingo (15). Os [&hellip;]<\/p>\n","protected":false},"author":2,"featured_media":0,"comment_status":"open","ping_status":"open","sticky":false,"template":"","format":"standard","meta":{"_links_to":"","_links_to_target":""},"categories":[7,9,8,1],"tags":[],"_links":{"self":[{"href":"https:\/\/www.ilheusnoticias.net.br\/v1\/wp-json\/wp\/v2\/posts\/30602"}],"collection":[{"href":"https:\/\/www.ilheusnoticias.net.br\/v1\/wp-json\/wp\/v2\/posts"}],"about":[{"href":"https:\/\/www.ilheusnoticias.net.br\/v1\/wp-json\/wp\/v2\/types\/post"}],"author":[{"embeddable":true,"href":"https:\/\/www.ilheusnoticias.net.br\/v1\/wp-json\/wp\/v2\/users\/2"}],"replies":[{"embeddable":true,"href":"https:\/\/www.ilheusnoticias.net.br\/v1\/wp-json\/wp\/v2\/comments?post=30602"}],"version-history":[{"count":1,"href":"https:\/\/www.ilheusnoticias.net.br\/v1\/wp-json\/wp\/v2\/posts\/30602\/revisions"}],"predecessor-version":[{"id":30603,"href":"https:\/\/www.ilheusnoticias.net.br\/v1\/wp-json\/wp\/v2\/posts\/30602\/revisions\/30603"}],"wp:attachment":[{"href":"https:\/\/www.ilheusnoticias.net.br\/v1\/wp-json\/wp\/v2\/media?parent=30602"}],"wp:term":[{"taxonomy":"category","embeddable":true,"href":"https:\/\/www.ilheusnoticias.net.br\/v1\/wp-json\/wp\/v2\/categories?post=30602"},{"taxonomy":"post_tag","embeddable":true,"href":"https:\/\/www.ilheusnoticias.net.br\/v1\/wp-json\/wp\/v2\/tags?post=30602"}],"curies":[{"name":"wp","href":"https:\/\/api.w.org\/{rel}","templated":true}]}}