{"id":3059,"date":"2016-12-21T12:27:50","date_gmt":"2016-12-21T15:27:50","guid":{"rendered":"http:\/\/www.ilheusnoticias.net.br\/v1\/?p=3059"},"modified":"2016-12-21T12:27:50","modified_gmt":"2016-12-21T15:27:50","slug":"ilheus-marao-garante-reajuste-dos-servidores-municipais","status":"publish","type":"post","link":"https:\/\/www.ilheusnoticias.net.br\/v1\/2016\/12\/21\/ilheus-marao-garante-reajuste-dos-servidores-municipais\/","title":{"rendered":"Ilh\u00e9us: Mar\u00e3o garante reajuste dos servidores municipais"},"content":{"rendered":"<div class=\"entry-content\">\n<p><img loading=\"lazy\" class=\" wp-image-34587 aligncenter colorbox-34586\" src=\"http:\/\/vermelhinhoba.com.br\/wp-content\/uploads\/2016\/12\/IMG_20161215_102847.jpg\" alt=\"img_20161215_102847\" width=\"651\" height=\"488\" \/>O prefeito eleito de Ilh\u00e9us M\u00e1rio Alexandre, Mar\u00e3o (PSD), garantiu que uma das primeiras medidas a serem adotadas logo in\u00edcio no seu governo ser\u00e1 o reajuste salarial do funcionalismo p\u00fablico municipal, que est\u00e1 congelado h\u00e1 quase 04 anos, na gest\u00e3o do atual prefeito Jabes Ribeiro (PP). A declara\u00e7\u00e3o de M\u00e1rio foi dada no \u00faltimo s\u00e1bado, 17, durante apresenta\u00e7\u00e3o do secretariado, na 3\u00aa edi\u00e7\u00e3o do Festival Gospel Music, na Avenida Soares Lopes, Centro.<\/p>\n<\/div>\n<p>&nbsp;<\/p>\n<p><!--more--><\/p>\n<div class=\"entry-content\">\n<p>H\u00e1 duas semanas, M\u00e1rio Alexandre se reuniu com os l\u00edderes sindicais de Ilh\u00e9us, no sal\u00e3o Nobre do Pal\u00e1cio Paranagu\u00e1, e na oportunidade, se comprometeu em regularizar a reposi\u00e7\u00e3o salarial dos trabalhadores nos primeiros 100 dias de administra\u00e7\u00e3o.<\/p>\n<p>Em a\u00e7\u00e3o movida na 1\u00aa Vara da Justi\u00e7a do Trabalho pela APPI contra a prefeitura de Ilh\u00e9us, a ju\u00edza da 1\u00aa Vara do Trabalho, Alice Catarina Pires, determinou que a Prefeitura realizasse o pagamento do piso salarial dos professores sob pena de multa, por\u00e9m o prefeito Jabes Ribeiro n\u00e3o cumpriu a decis\u00e3o judicial, deixando v\u00e1rios trabalhadores com preju\u00edzos incalcul\u00e1veis. A expectativa agora gira em torno da possibilidade do pr\u00f3ximo governo, que garantiu regularizar a situa\u00e7\u00e3o dos servidores p\u00fablicos municipais.<\/p>\n<\/div>\n","protected":false},"excerpt":{"rendered":"<p>O prefeito eleito de Ilh\u00e9us M\u00e1rio Alexandre, Mar\u00e3o (PSD), garantiu que uma das primeiras medidas a serem adotadas logo in\u00edcio no seu governo ser\u00e1 o reajuste salarial do funcionalismo p\u00fablico municipal, que est\u00e1 congelado h\u00e1 quase 04 anos, na gest\u00e3o do atual prefeito Jabes Ribeiro (PP). A declara\u00e7\u00e3o de M\u00e1rio foi dada no \u00faltimo s\u00e1bado, [&hellip;]<\/p>\n","protected":false},"author":2,"featured_media":0,"comment_status":"open","ping_status":"open","sticky":false,"template":"","format":"standard","meta":{"_links_to":"","_links_to_target":""},"categories":[9],"tags":[275],"_links":{"self":[{"href":"https:\/\/www.ilheusnoticias.net.br\/v1\/wp-json\/wp\/v2\/posts\/3059"}],"collection":[{"href":"https:\/\/www.ilheusnoticias.net.br\/v1\/wp-json\/wp\/v2\/posts"}],"about":[{"href":"https:\/\/www.ilheusnoticias.net.br\/v1\/wp-json\/wp\/v2\/types\/post"}],"author":[{"embeddable":true,"href":"https:\/\/www.ilheusnoticias.net.br\/v1\/wp-json\/wp\/v2\/users\/2"}],"replies":[{"embeddable":true,"href":"https:\/\/www.ilheusnoticias.net.br\/v1\/wp-json\/wp\/v2\/comments?post=3059"}],"version-history":[{"count":1,"href":"https:\/\/www.ilheusnoticias.net.br\/v1\/wp-json\/wp\/v2\/posts\/3059\/revisions"}],"predecessor-version":[{"id":3060,"href":"https:\/\/www.ilheusnoticias.net.br\/v1\/wp-json\/wp\/v2\/posts\/3059\/revisions\/3060"}],"wp:attachment":[{"href":"https:\/\/www.ilheusnoticias.net.br\/v1\/wp-json\/wp\/v2\/media?parent=3059"}],"wp:term":[{"taxonomy":"category","embeddable":true,"href":"https:\/\/www.ilheusnoticias.net.br\/v1\/wp-json\/wp\/v2\/categories?post=3059"},{"taxonomy":"post_tag","embeddable":true,"href":"https:\/\/www.ilheusnoticias.net.br\/v1\/wp-json\/wp\/v2\/tags?post=3059"}],"curies":[{"name":"wp","href":"https:\/\/api.w.org\/{rel}","templated":true}]}}