{"id":3052,"date":"2016-12-21T12:12:50","date_gmt":"2016-12-21T15:12:50","guid":{"rendered":"http:\/\/www.ilheusnoticias.net.br\/v1\/?p=3052"},"modified":"2016-12-21T12:12:50","modified_gmt":"2016-12-21T15:12:50","slug":"mae-e-filha-concluem-curso-de-direito-juntas-em-ilheus","status":"publish","type":"post","link":"https:\/\/www.ilheusnoticias.net.br\/v1\/2016\/12\/21\/mae-e-filha-concluem-curso-de-direito-juntas-em-ilheus\/","title":{"rendered":"M\u00e3e e filha concluem curso de direito juntas em Ilh\u00e9us"},"content":{"rendered":"<h2 class=\"PostHeaderIcon-wrapper\"><span class=\"PostHeader\">\u00a0<\/span><\/h2>\n<div class=\"PostContent\">\n<p><strong>Karoline Vital<\/strong><\/p>\n<p><a class=\"gallery_colorbox cboxElement\" href=\"http:\/\/www.agravo.blog.br\/wp-content\/uploads\/2016\/12\/Silvia-e-Gabriela-Victal.jpg\"><img loading=\"lazy\" class=\"aligncenter wp-image-56337\" src=\"http:\/\/www.agravo.blog.br\/wp-content\/uploads\/2016\/12\/Silvia-e-Gabriela-Victal.jpg\" sizes=\"(max-width: 422px) 100vw, 422px\" srcset=\"http:\/\/www.agravo.blog.br\/wp-content\/uploads\/2016\/12\/Silvia-e-Gabriela-Victal.jpg 480w, http:\/\/www.agravo.blog.br\/wp-content\/uploads\/2016\/12\/Silvia-e-Gabriela-Victal-283x300.jpg 283w\" alt=\"\" width=\"422\" height=\"447\" \/><\/a><\/p>\n<p>M\u00e3e e filha realizam um sonho duplo: formar-se em direito e ter a pessoa mais amada como colega de turma. \u00c9 o que est\u00e3o vivendo Silvia Victal e Gabriela Victal, concluintes do curso na Faculdade de Ilh\u00e9us. Elas ir\u00e3o colar grau juntas em fevereiro de 2017 e j\u00e1 comemoram a conquista em fam\u00edlia. \u201c\u00c9 uma sensa\u00e7\u00e3o indescrit\u00edvel, maravilhosa. O que mais me marcou dessa experi\u00eancia foi o sentimento de supera\u00e7\u00e3o, saber que n\u00e3o importa o tempo para realizar um objetivo\u201d, declara a m\u00e3e Silvia.<\/p>\n<\/div>\n<p>&nbsp;<\/p>\n<p><!--more--><\/p>\n<div class=\"PostContent\">\n<p>Gabriela ingressou no curso um ano antes de sua m\u00e3e. Ela diz que seu sonho de inf\u00e2ncia \u00e9 ser ju\u00edza e o tema de seu trabalho de conclus\u00e3o de curso \u00e9 \u201cPens\u00e3o por Morte para o Nascituro \u2013 uma reflex\u00e3o com base no Direito a Vida\u201d. Silvia disse que sempre admirou a \u00e1rea jur\u00eddica e recebeu o incentivo da filha, j\u00e1 graduanda, para cursar o bacharelado. Seu trabalho final aborda \u201cA responsabilidade civil do advogado\u201d.<\/p>\n<p>Elas planejam dar continuidade aos estudos juntas, como a prepara\u00e7\u00e3o para o exame da Ordem dos Advogados do Brasil e concursos. \u201cAo longo do curso, fizemos trabalhos, compartilhamos conhecimentos, materiais e vamos dar prosseguimento aos estudos, na medida do poss\u00edvel, j\u00e1 que nossos hor\u00e1rios de trabalho s\u00e3o divergentes\u201d, relatou a futura bacharela e m\u00e3e orgulhosa, Silvia.<\/p>\n<p>Blog Agravo<\/p>\n<\/div>\n","protected":false},"excerpt":{"rendered":"<p>\u00a0 Karoline Vital M\u00e3e e filha realizam um sonho duplo: formar-se em direito e ter a pessoa mais amada como colega de turma. \u00c9 o que est\u00e3o vivendo Silvia Victal e Gabriela Victal, concluintes do curso na Faculdade de Ilh\u00e9us. Elas ir\u00e3o colar grau juntas em fevereiro de 2017 e j\u00e1 comemoram a conquista em [&hellip;]<\/p>\n","protected":false},"author":2,"featured_media":0,"comment_status":"open","ping_status":"open","sticky":false,"template":"","format":"standard","meta":{"_links_to":"","_links_to_target":""},"categories":[9],"tags":[],"_links":{"self":[{"href":"https:\/\/www.ilheusnoticias.net.br\/v1\/wp-json\/wp\/v2\/posts\/3052"}],"collection":[{"href":"https:\/\/www.ilheusnoticias.net.br\/v1\/wp-json\/wp\/v2\/posts"}],"about":[{"href":"https:\/\/www.ilheusnoticias.net.br\/v1\/wp-json\/wp\/v2\/types\/post"}],"author":[{"embeddable":true,"href":"https:\/\/www.ilheusnoticias.net.br\/v1\/wp-json\/wp\/v2\/users\/2"}],"replies":[{"embeddable":true,"href":"https:\/\/www.ilheusnoticias.net.br\/v1\/wp-json\/wp\/v2\/comments?post=3052"}],"version-history":[{"count":1,"href":"https:\/\/www.ilheusnoticias.net.br\/v1\/wp-json\/wp\/v2\/posts\/3052\/revisions"}],"predecessor-version":[{"id":3053,"href":"https:\/\/www.ilheusnoticias.net.br\/v1\/wp-json\/wp\/v2\/posts\/3052\/revisions\/3053"}],"wp:attachment":[{"href":"https:\/\/www.ilheusnoticias.net.br\/v1\/wp-json\/wp\/v2\/media?parent=3052"}],"wp:term":[{"taxonomy":"category","embeddable":true,"href":"https:\/\/www.ilheusnoticias.net.br\/v1\/wp-json\/wp\/v2\/categories?post=3052"},{"taxonomy":"post_tag","embeddable":true,"href":"https:\/\/www.ilheusnoticias.net.br\/v1\/wp-json\/wp\/v2\/tags?post=3052"}],"curies":[{"name":"wp","href":"https:\/\/api.w.org\/{rel}","templated":true}]}}