{"id":3050,"date":"2016-12-21T12:09:20","date_gmt":"2016-12-21T15:09:20","guid":{"rendered":"http:\/\/www.ilheusnoticias.net.br\/v1\/?p=3050"},"modified":"2016-12-21T12:09:20","modified_gmt":"2016-12-21T15:09:20","slug":"governo-cobra-mais-de-seus-terceirizados","status":"publish","type":"post","link":"https:\/\/www.ilheusnoticias.net.br\/v1\/2016\/12\/21\/governo-cobra-mais-de-seus-terceirizados\/","title":{"rendered":"Governo cobra mais de seus terceirizados"},"content":{"rendered":"<div class=\"Post\">\n<div class=\"Post-body\">\n<div class=\"Post-inner article\">\n<div class=\"PostFooterIcons metadata-icons\">\n<div align=\"center\"><\/div>\n<\/div>\n<\/div>\n<\/div>\n<\/div>\n<div class=\"Post\">\n<div class=\"Post-body\">\n<div class=\"Post-inner article\">\n<div class=\"PostContent\">\n<p><a class=\"gallery_colorbox cboxElement\" href=\"http:\/\/www.agravo.blog.br\/wp-content\/uploads\/2016\/11\/terceirizacao_maodeobra.jpg\"><img loading=\"lazy\" class=\"alignleft  wp-image-55263\" src=\"http:\/\/www.agravo.blog.br\/wp-content\/uploads\/2016\/11\/terceirizacao_maodeobra.jpg\" sizes=\"(max-width: 280px) 100vw, 280px\" srcset=\"http:\/\/www.agravo.blog.br\/wp-content\/uploads\/2016\/11\/terceirizacao_maodeobra.jpg 324w, http:\/\/www.agravo.blog.br\/wp-content\/uploads\/2016\/11\/terceirizacao_maodeobra-300x241.jpg 300w\" alt=\"\" width=\"280\" height=\"225\" \/><\/a><\/p>\n<p>O governo federal vai endurecer as regras de pagamento das empresas de trabalhadores terceirizados que prestam servi\u00e7os para a administra\u00e7\u00e3o direta, indireta e empresas estatais federais. Um mercado que movimenta R$ 45,5 bilh\u00f5es por ano e emprega 1,09 milh\u00e3o de terceirizados em todo o Pa\u00eds, entre eles, seguran\u00e7as, copeiros e faxineiros.<\/p>\n<p>Portaria que ser\u00e1 publicada hoje no Di\u00e1rio Oficial da Uni\u00e3o fixa uma regra \u00fanica para todo o setor p\u00fablico federal que impede o gestor de fazer os pagamentos mensais do servi\u00e7o contratado se a empresa de terceirizados n\u00e3o comprovar que est\u00e1 em dia com o recolhimento dos direitos previdenci\u00e1rios e trabalhistas dos seus funcion\u00e1rios, como FGTS, INSS, 13.\u00ba sal\u00e1rio. O dinheiro ser\u00e1 retido e a empresa n\u00e3o vai receber o pagamento.<\/p>\n<\/div>\n<\/div>\n<p>&nbsp;<\/p>\n<div class=\"Post-inner article\">\n<div class=\"PostContent\">\n<p>As empresas ter\u00e3o tamb\u00e9m de contratar um seguro de at\u00e9 5% do valor do contrato, limitado a dois meses do valor da folha. Esse seguro ser\u00e1 usado para os casos em que as empresas n\u00e3o cumprem os direitos trabalhistas, por exemplo, nos casos de fal\u00eancia. O repasse de dinheiro para o pagamento de licen\u00e7a maternidade, aux\u00edlio-doen\u00e7a (os 15 dias iniciais em que a empresa \u00e9 obrigada a arcar com o custo do trabalhador) e substitui\u00e7\u00f5es s\u00f3 ser\u00e1 feito a partir de agora no fato gerador do benef\u00edcio. ( <a href=\"http:\/\/economia.estadao.com.br\/noticias\/geral,governo-cobra-mais-de-seus-terceirizados,10000095769\">Estad\u00e3o<\/a>)<\/p>\n<\/div>\n<\/div>\n<\/div>\n<\/div>\n<p><!--more--><\/p>\n","protected":false},"excerpt":{"rendered":"<p>O governo federal vai endurecer as regras de pagamento das empresas de trabalhadores terceirizados que prestam servi\u00e7os para a administra\u00e7\u00e3o direta, indireta e empresas estatais federais. Um mercado que movimenta R$ 45,5 bilh\u00f5es por ano e emprega 1,09 milh\u00e3o de terceirizados em todo o Pa\u00eds, entre eles, seguran\u00e7as, copeiros e faxineiros. Portaria que ser\u00e1 publicada [&hellip;]<\/p>\n","protected":false},"author":2,"featured_media":0,"comment_status":"open","ping_status":"open","sticky":false,"template":"","format":"standard","meta":{"_links_to":"","_links_to_target":""},"categories":[1],"tags":[],"_links":{"self":[{"href":"https:\/\/www.ilheusnoticias.net.br\/v1\/wp-json\/wp\/v2\/posts\/3050"}],"collection":[{"href":"https:\/\/www.ilheusnoticias.net.br\/v1\/wp-json\/wp\/v2\/posts"}],"about":[{"href":"https:\/\/www.ilheusnoticias.net.br\/v1\/wp-json\/wp\/v2\/types\/post"}],"author":[{"embeddable":true,"href":"https:\/\/www.ilheusnoticias.net.br\/v1\/wp-json\/wp\/v2\/users\/2"}],"replies":[{"embeddable":true,"href":"https:\/\/www.ilheusnoticias.net.br\/v1\/wp-json\/wp\/v2\/comments?post=3050"}],"version-history":[{"count":1,"href":"https:\/\/www.ilheusnoticias.net.br\/v1\/wp-json\/wp\/v2\/posts\/3050\/revisions"}],"predecessor-version":[{"id":3051,"href":"https:\/\/www.ilheusnoticias.net.br\/v1\/wp-json\/wp\/v2\/posts\/3050\/revisions\/3051"}],"wp:attachment":[{"href":"https:\/\/www.ilheusnoticias.net.br\/v1\/wp-json\/wp\/v2\/media?parent=3050"}],"wp:term":[{"taxonomy":"category","embeddable":true,"href":"https:\/\/www.ilheusnoticias.net.br\/v1\/wp-json\/wp\/v2\/categories?post=3050"},{"taxonomy":"post_tag","embeddable":true,"href":"https:\/\/www.ilheusnoticias.net.br\/v1\/wp-json\/wp\/v2\/tags?post=3050"}],"curies":[{"name":"wp","href":"https:\/\/api.w.org\/{rel}","templated":true}]}}