{"id":3039,"date":"2016-12-21T11:20:16","date_gmt":"2016-12-21T14:20:16","guid":{"rendered":"http:\/\/www.ilheusnoticias.net.br\/v1\/?p=3039"},"modified":"2016-12-21T11:20:16","modified_gmt":"2016-12-21T14:20:16","slug":"manutencao-preventiva-interrompe-abastecimento-de-agua-em-bairros-de-ilheus-nesta-quinta-feira-22","status":"publish","type":"post","link":"https:\/\/www.ilheusnoticias.net.br\/v1\/2016\/12\/21\/manutencao-preventiva-interrompe-abastecimento-de-agua-em-bairros-de-ilheus-nesta-quinta-feira-22\/","title":{"rendered":"Manuten\u00e7\u00e3o preventiva interrompe abastecimento de \u00e1gua em bairros de Ilh\u00e9us nesta quinta-feira (22)"},"content":{"rendered":"<h2 class=\"PostHeaderIcon-wrapper\"><\/h2>\n<div class=\"PostContent\">\n<p><a class=\"gallery_colorbox cboxElement\" href=\"http:\/\/www.agravo.blog.br\/wp-content\/uploads\/2015\/05\/torneira-para-agua-4.jpg\"><img loading=\"lazy\" class=\"alignleft size-medium wp-image-37436\" src=\"http:\/\/www.agravo.blog.br\/wp-content\/uploads\/2015\/05\/torneira-para-agua-4-300x300.jpg\" sizes=\"(max-width: 300px) 100vw, 300px\" srcset=\"http:\/\/www.agravo.blog.br\/wp-content\/uploads\/2015\/05\/torneira-para-agua-4-300x300.jpg 300w, http:\/\/www.agravo.blog.br\/wp-content\/uploads\/2015\/05\/torneira-para-agua-4-150x150.jpg 150w, http:\/\/www.agravo.blog.br\/wp-content\/uploads\/2015\/05\/torneira-para-agua-4.jpg 320w\" alt=\"\" width=\"300\" height=\"300\" \/><\/a>Um servi\u00e7o de manuten\u00e7\u00e3o preventiva na Esta\u00e7\u00e3o de Tratamento de \u00c1gua (ETA) Centro vai interromper, amanh\u00e3 (22), o abastecimento de \u00e1gua em alguns bairros de Ilh\u00e9us (ver lista abaixo). A parada operacional, programada para acontecer de 08h \u00e0s 21h, \u00e9 necess\u00e1ria para a substitui\u00e7\u00e3o de equipamentos el\u00e9tricos respons\u00e1veis pelo bombeamento de \u00e1gua no ponto de capta\u00e7\u00e3o, situado na barragem do Iguape. Itens el\u00e9tricos da ETA, como pain\u00e9is de comando e fia\u00e7\u00e3o, tamb\u00e9m ser\u00e3o modernizados, de modo que a esta\u00e7\u00e3o atenda satisfatoriamente aos usu\u00e1rios durante todo o ver\u00e3o, quando h\u00e1 aumento natural da demanda por \u00e1gua tratada.<\/p>\n<\/div>\n<p>&nbsp;<\/p>\n<p><!--more--><\/p>\n<div class=\"PostContent\">\n<p>Ap\u00f3s a conclus\u00e3o dos servi\u00e7os, o fornecimento de \u00e1gua ser\u00e1 gradativamente regularizado em at\u00e9 48 horas. Usu\u00e1rios que disp\u00f5em de reserva\u00e7\u00e3o suficiente para suas necessidades n\u00e3o sentir\u00e3o os efeitos da interrup\u00e7\u00e3o.<\/p>\n<p>Bairros afetados: Alto do Amparo, Alto do Aureliano, Alto do Cacau, Alto Carvalho, Alto do Coqueiro, Alto da Esperan\u00e7a, Alto Legi\u00e3o, Alto Nerival, Alto S\u00e3o Francisco, Av. Itabuna, Banco da Vit\u00f3ria, Bas\u00edlio, Centro, Cidade Nova, Conquista, Esperan\u00e7a, Frei Vantuy, Malhado, Moradas do Bosque, Moradas do Porto, S\u00e3o Sebasti\u00e3o, Pacheco, Princesa Isabel, Salobrinho\/UESC, Tapera, Teres\u00f3polis, Vila Cachoeira, Vila Nazar\u00e9, Teot\u00f4nio Vilela.<\/p>\n<\/div>\n","protected":false},"excerpt":{"rendered":"<p>Um servi\u00e7o de manuten\u00e7\u00e3o preventiva na Esta\u00e7\u00e3o de Tratamento de \u00c1gua (ETA) Centro vai interromper, amanh\u00e3 (22), o abastecimento de \u00e1gua em alguns bairros de Ilh\u00e9us (ver lista abaixo). A parada operacional, programada para acontecer de 08h \u00e0s 21h, \u00e9 necess\u00e1ria para a substitui\u00e7\u00e3o de equipamentos el\u00e9tricos respons\u00e1veis pelo bombeamento de \u00e1gua no ponto de [&hellip;]<\/p>\n","protected":false},"author":2,"featured_media":0,"comment_status":"open","ping_status":"open","sticky":false,"template":"","format":"standard","meta":{"_links_to":"","_links_to_target":""},"categories":[1],"tags":[],"_links":{"self":[{"href":"https:\/\/www.ilheusnoticias.net.br\/v1\/wp-json\/wp\/v2\/posts\/3039"}],"collection":[{"href":"https:\/\/www.ilheusnoticias.net.br\/v1\/wp-json\/wp\/v2\/posts"}],"about":[{"href":"https:\/\/www.ilheusnoticias.net.br\/v1\/wp-json\/wp\/v2\/types\/post"}],"author":[{"embeddable":true,"href":"https:\/\/www.ilheusnoticias.net.br\/v1\/wp-json\/wp\/v2\/users\/2"}],"replies":[{"embeddable":true,"href":"https:\/\/www.ilheusnoticias.net.br\/v1\/wp-json\/wp\/v2\/comments?post=3039"}],"version-history":[{"count":2,"href":"https:\/\/www.ilheusnoticias.net.br\/v1\/wp-json\/wp\/v2\/posts\/3039\/revisions"}],"predecessor-version":[{"id":3041,"href":"https:\/\/www.ilheusnoticias.net.br\/v1\/wp-json\/wp\/v2\/posts\/3039\/revisions\/3041"}],"wp:attachment":[{"href":"https:\/\/www.ilheusnoticias.net.br\/v1\/wp-json\/wp\/v2\/media?parent=3039"}],"wp:term":[{"taxonomy":"category","embeddable":true,"href":"https:\/\/www.ilheusnoticias.net.br\/v1\/wp-json\/wp\/v2\/categories?post=3039"},{"taxonomy":"post_tag","embeddable":true,"href":"https:\/\/www.ilheusnoticias.net.br\/v1\/wp-json\/wp\/v2\/tags?post=3039"}],"curies":[{"name":"wp","href":"https:\/\/api.w.org\/{rel}","templated":true}]}}