{"id":3032,"date":"2016-12-19T15:40:06","date_gmt":"2016-12-19T18:40:06","guid":{"rendered":"http:\/\/www.ilheusnoticias.net.br\/v1\/?p=3032"},"modified":"2016-12-19T15:40:06","modified_gmt":"2016-12-19T18:40:06","slug":"mais-de-930-mil-trabalhadores-tem-duas-semanas-para-sacar-abono-salarial-de-2014","status":"publish","type":"post","link":"https:\/\/www.ilheusnoticias.net.br\/v1\/2016\/12\/19\/mais-de-930-mil-trabalhadores-tem-duas-semanas-para-sacar-abono-salarial-de-2014\/","title":{"rendered":"Mais de 930 mil trabalhadores t\u00eam duas semanas para sacar abono salarial de 2014"},"content":{"rendered":"<div id=\"content-header\">\n<h1 class=\"title\"><a href=\"http:\/\/www.ilheusnoticias.net.br\/v1\/wp-content\/uploads\/2016\/12\/carteira-trabalho.jpg\" rel=\"attachment wp-att-3033\"><img loading=\"lazy\" class=\"aligncenter size-full wp-image-3033\" src=\"http:\/\/www.ilheusnoticias.net.br\/v1\/wp-content\/uploads\/2016\/12\/carteira-trabalho.jpg\" alt=\"carteira-trabalho\" width=\"157\" height=\"119\" \/><\/a><\/h1>\n<\/div>\n<div id=\"content-area\">\n<div class=\"region region-content\">\n<div id=\"block-system-main\" class=\"block block-system block-odd clearfix\">\n<div class=\"content\">\n<article id=\"node-1059208\" class=\"node node-noticia node-odd\">\n<div class=\"content\">\n<p>Os brasileiros que trabalharam pelo menos dois meses com carteira assinada em 2014 t\u00eam at\u00e9 o pr\u00f3ximo dia 29 para sacar, na rede banc\u00e1ria, o benef\u00edcio de um sal\u00e1rio m\u00ednimo (R$ 880) referente ao Programa de Integra\u00e7\u00e3o Social (PIS), administrado pela Caixa Econ\u00f4mica Federal e ao Programa de Forma\u00e7\u00e3o do Patrim\u00f4nio do Servidor P\u00fablico (Pasep), administrado pelo Banco do Brasil.<\/p>\n<p>O PIS \u00e9 destinado aos trabalhadores do setor privado e o Pasep, aos do setor p\u00fablico. Segundo informa\u00e7\u00f5es do Minist\u00e9rio do Trabalho, at\u00e9 o in\u00edcio de dezembro, mais de 930 mil pessoas com direito aos recursos ainda n\u00e3o tinham feito o saque. Caso os benefici\u00e1rios n\u00e3o saquem o dinheiro at\u00e9 a data limite, os valores ser\u00e3o destinados ao Fundo de Amparo ao Trabalhador (FAT).<\/p>\n<\/div>\n<\/article>\n<\/div>\n<\/div>\n<\/div>\n<\/div>\n<p>&nbsp;<\/p>\n<p>&nbsp;<\/p>\n<p><!--more--><\/p>\n<div id=\"content-area\">\n<div class=\"region region-content\">\n<div id=\"block-system-main\" class=\"block block-system block-odd clearfix\">\n<div class=\"content\">\n<article id=\"node-1059208\" class=\"node node-noticia node-odd\">\n<div class=\"content\">\n<p>A data final para o saque \u00e9 30 de dezembro. No entanto, como ser\u00e1 um s\u00e1bado e n\u00e3o haver\u00e1 expediente banc\u00e1rio, s\u00f3 poder\u00e3o sacar nesse dia as pessoas que t\u00eam Cart\u00e3o Cidad\u00e3o com senha registrada. Neste caso, poder\u00e3o se dirigir aos caixas eletr\u00f4nicos da Caixa ou a ag\u00eancias lot\u00e9ricas. O Minist\u00e9rio do Trabalho, contudo, recomenda que os trabalhadores n\u00e3o deixem o saque para o \u00faltimo dia, pois caso haja problemas na opera\u00e7\u00e3o n\u00e3o haver\u00e1 tempo h\u00e1bil para a resolu\u00e7\u00e3o.<\/p>\n<p>Segundo o minist\u00e9rio, \u00e9 comum os atendentes banc\u00e1rios pensarem que se trata do benef\u00edcio referente a 2015 e, ap\u00f3s checar os dados do trabalhador, informar que ele n\u00e3o tem direito ao saque. Nesse caso, a orienta\u00e7\u00e3o \u00e9 explicar que se trata do abono salarial do ano-base 2014. Caso ainda assim os dados n\u00e3o sejam localizados, \u00e9 poss\u00edvel pedir para fazer uma atualiza\u00e7\u00e3o cadastral no pr\u00f3prio banco.<\/p>\n<p>O trabalhador tamb\u00e9m pode checar <a href=\"http:\/\/www.trabalho.gov.br\/abono-salarial\" target=\"_blank\">se tem direito ao abono pela internet<\/a>, informando o n\u00famero do CPF ou do PIS\/Pasep e a data de nascimento. Ele tamb\u00e9m pode procurar a Central de Atendimento Al\u00f4 Trabalho, no n\u00famero 158.<\/p>\n<\/div>\n<\/article>\n<\/div>\n<\/div>\n<\/div>\n<\/div>\n","protected":false},"excerpt":{"rendered":"<p>Os brasileiros que trabalharam pelo menos dois meses com carteira assinada em 2014 t\u00eam at\u00e9 o pr\u00f3ximo dia 29 para sacar, na rede banc\u00e1ria, o benef\u00edcio de um sal\u00e1rio m\u00ednimo (R$ 880) referente ao Programa de Integra\u00e7\u00e3o Social (PIS), administrado pela Caixa Econ\u00f4mica Federal e ao Programa de Forma\u00e7\u00e3o do Patrim\u00f4nio do Servidor P\u00fablico (Pasep), [&hellip;]<\/p>\n","protected":false},"author":2,"featured_media":0,"comment_status":"open","ping_status":"open","sticky":false,"template":"","format":"standard","meta":{"_links_to":"","_links_to_target":""},"categories":[1],"tags":[270],"_links":{"self":[{"href":"https:\/\/www.ilheusnoticias.net.br\/v1\/wp-json\/wp\/v2\/posts\/3032"}],"collection":[{"href":"https:\/\/www.ilheusnoticias.net.br\/v1\/wp-json\/wp\/v2\/posts"}],"about":[{"href":"https:\/\/www.ilheusnoticias.net.br\/v1\/wp-json\/wp\/v2\/types\/post"}],"author":[{"embeddable":true,"href":"https:\/\/www.ilheusnoticias.net.br\/v1\/wp-json\/wp\/v2\/users\/2"}],"replies":[{"embeddable":true,"href":"https:\/\/www.ilheusnoticias.net.br\/v1\/wp-json\/wp\/v2\/comments?post=3032"}],"version-history":[{"count":1,"href":"https:\/\/www.ilheusnoticias.net.br\/v1\/wp-json\/wp\/v2\/posts\/3032\/revisions"}],"predecessor-version":[{"id":3034,"href":"https:\/\/www.ilheusnoticias.net.br\/v1\/wp-json\/wp\/v2\/posts\/3032\/revisions\/3034"}],"wp:attachment":[{"href":"https:\/\/www.ilheusnoticias.net.br\/v1\/wp-json\/wp\/v2\/media?parent=3032"}],"wp:term":[{"taxonomy":"category","embeddable":true,"href":"https:\/\/www.ilheusnoticias.net.br\/v1\/wp-json\/wp\/v2\/categories?post=3032"},{"taxonomy":"post_tag","embeddable":true,"href":"https:\/\/www.ilheusnoticias.net.br\/v1\/wp-json\/wp\/v2\/tags?post=3032"}],"curies":[{"name":"wp","href":"https:\/\/api.w.org\/{rel}","templated":true}]}}