{"id":3030,"date":"2016-12-19T15:35:01","date_gmt":"2016-12-19T18:35:01","guid":{"rendered":"http:\/\/www.ilheusnoticias.net.br\/v1\/?p=3030"},"modified":"2016-12-19T15:35:01","modified_gmt":"2016-12-19T18:35:01","slug":"pai-sangra-o-proprio-filho","status":"publish","type":"post","link":"https:\/\/www.ilheusnoticias.net.br\/v1\/2016\/12\/19\/pai-sangra-o-proprio-filho\/","title":{"rendered":"Pai sangra o pr\u00f3prio filho"},"content":{"rendered":"<header>\n<h3 class=\"entry-title\"><\/h3>\n<\/header>\n<div class=\"entry-content\">\n<p><img loading=\"lazy\" class=\" wp-image-34482 aligncenter colorbox-34481\" src=\"http:\/\/vermelhinhoba.com.br\/wp-content\/uploads\/2016\/12\/IMG-20161219-WA0055-768x1024.jpg\" alt=\"img-20161219-wa0055-768x1024\" width=\"606\" height=\"808\" \/>Um pai assassinou o pr\u00f3prio filho com uma facada na noite de s\u00e1bado, 17, em Guajeru, cerca de 116 quil\u00f4metros de Caetit\u00e9. Segundo a pol\u00edcia, o crime ocorreu na fazenda Sanguessuga, durante uma discuss\u00e3o entre os dois. Manoel Rocha e o seu filho, Valtenir Alves Rocha, de 27 anos, haviam bebido e se desentenderam. Eles entraram em luta corporal e, durante a briga, o genitor atingiu o filho com uma facada. A v\u00edtima morreu no local.<\/p>\n<p>O acusado foi detido em flagrante e est\u00e1 preso na carceragem da Delegacia Territorial de Rio do Ant\u00f4nio. As pol\u00edcias Militar, Civil e T\u00e9cnica estiveram no local para a realiza\u00e7\u00e3o dos procedimentos necess\u00e1rios. Ap\u00f3s o levantamento cadav\u00e9rico o corpo foi removido pelo Departamento de Pol\u00edcia T\u00e9cnica de Brumado. O crime chocou a pacata cidade de Guajeru.<\/p>\n<p><img loading=\"lazy\" class=\" wp-image-34483 aligncenter colorbox-34481\" src=\"http:\/\/vermelhinhoba.com.br\/wp-content\/uploads\/2016\/12\/IMG-20161219-WA0054.jpg\" sizes=\"(max-width: 602px) 100vw, 602px\" srcset=\"http:\/\/vermelhinhoba.com.br\/wp-content\/uploads\/2016\/12\/IMG-20161219-WA0054.jpg 480w, http:\/\/vermelhinhoba.com.br\/wp-content\/uploads\/2016\/12\/IMG-20161219-WA0054-100x100.jpg 100w\" alt=\"img-20161219-wa0054\" width=\"602\" height=\"602\" \/><\/p>\n<\/div>\n","protected":false},"excerpt":{"rendered":"<p>Um pai assassinou o pr\u00f3prio filho com uma facada na noite de s\u00e1bado, 17, em Guajeru, cerca de 116 quil\u00f4metros de Caetit\u00e9. Segundo a pol\u00edcia, o crime ocorreu na fazenda Sanguessuga, durante uma discuss\u00e3o entre os dois. Manoel Rocha e o seu filho, Valtenir Alves Rocha, de 27 anos, haviam bebido e se desentenderam. Eles [&hellip;]<\/p>\n","protected":false},"author":2,"featured_media":0,"comment_status":"open","ping_status":"open","sticky":false,"template":"","format":"standard","meta":{"_links_to":"","_links_to_target":""},"categories":[5],"tags":[],"_links":{"self":[{"href":"https:\/\/www.ilheusnoticias.net.br\/v1\/wp-json\/wp\/v2\/posts\/3030"}],"collection":[{"href":"https:\/\/www.ilheusnoticias.net.br\/v1\/wp-json\/wp\/v2\/posts"}],"about":[{"href":"https:\/\/www.ilheusnoticias.net.br\/v1\/wp-json\/wp\/v2\/types\/post"}],"author":[{"embeddable":true,"href":"https:\/\/www.ilheusnoticias.net.br\/v1\/wp-json\/wp\/v2\/users\/2"}],"replies":[{"embeddable":true,"href":"https:\/\/www.ilheusnoticias.net.br\/v1\/wp-json\/wp\/v2\/comments?post=3030"}],"version-history":[{"count":1,"href":"https:\/\/www.ilheusnoticias.net.br\/v1\/wp-json\/wp\/v2\/posts\/3030\/revisions"}],"predecessor-version":[{"id":3031,"href":"https:\/\/www.ilheusnoticias.net.br\/v1\/wp-json\/wp\/v2\/posts\/3030\/revisions\/3031"}],"wp:attachment":[{"href":"https:\/\/www.ilheusnoticias.net.br\/v1\/wp-json\/wp\/v2\/media?parent=3030"}],"wp:term":[{"taxonomy":"category","embeddable":true,"href":"https:\/\/www.ilheusnoticias.net.br\/v1\/wp-json\/wp\/v2\/categories?post=3030"},{"taxonomy":"post_tag","embeddable":true,"href":"https:\/\/www.ilheusnoticias.net.br\/v1\/wp-json\/wp\/v2\/tags?post=3030"}],"curies":[{"name":"wp","href":"https:\/\/api.w.org\/{rel}","templated":true}]}}