{"id":2971,"date":"2016-12-14T19:47:18","date_gmt":"2016-12-14T22:47:18","guid":{"rendered":"http:\/\/www.ilheusnoticias.net.br\/v1\/?p=2971"},"modified":"2016-12-14T19:49:02","modified_gmt":"2016-12-14T22:49:02","slug":"17-vereadores-declaram-apoio-a-lukas-paiva-para-a-presidencia-da-camara-de-ilheus","status":"publish","type":"post","link":"https:\/\/www.ilheusnoticias.net.br\/v1\/2016\/12\/14\/17-vereadores-declaram-apoio-a-lukas-paiva-para-a-presidencia-da-camara-de-ilheus\/","title":{"rendered":"17 Vereadores declaram apoio a Lukas Paiva para a Presid\u00eancia da C\u00e2mara de Ilh\u00e9us.\u00a0"},"content":{"rendered":"<p class=\"entry-content\" style=\"box-sizing: inherit; border: 0px; font-family: 'Noto Serif', serif; font-size: 15px; margin-right: 0px; margin-bottom: 0px; margin-left: 0px; padding: 0px 27.6875px 27.6875px; vertical-align: baseline; word-wrap: break-word; color: rgb(51, 51, 51); orphans: 2; widows: 2;\">\n<figure id=\"attachment_56192\" class=\"wp-caption aligncenter\" style=\"box-sizing: inherit; margin: 0.4em auto 1.2em; max-width: 100%; clear: both; width: 481px;\"><a href=\"http:\/\/www.agravo.blog.br\/wp-content\/uploads\/2016\/12\/IMG_20161214_094242279-1040x585.jpg\" style=\"box-sizing: inherit; border-width: 0px 0px 1px; border-bottom-style: solid; border-bottom-color: rgb(51, 51, 51); font-family: inherit; font-size: 15px; font-style: inherit; margin: 0px; padding: 0px; vertical-align: baseline; color: rgb(51, 51, 51);\"><img loading=\"lazy\" class=\"wp-image-56192\" src=\"http:\/\/www.agravo.blog.br\/wp-content\/uploads\/2016\/12\/IMG_20161214_094242279-1040x585.jpg\" alt=\"img_20161214_094242279-1040x585\" width=\"481\" height=\"271\" style=\"box-sizing: inherit; border: 0px; vertical-align: middle; display: block;\"><\/a><\/figure>\n<p style=\"box-sizing: inherit; border: 0px; font-family: inherit; font-style: inherit; margin-right: 0px; margin-bottom: 1.6em; margin-left: 0px; padding: 0px; vertical-align: baseline; text-align: justify;\">O \u00fanico vereador que se mant\u00e9m fora do circulo de apoio a Paiva, \u00e9 o vereador Ivo Evangelista (PRB).<\/p>\n<p style=\"box-sizing: inherit; border: 0px; font-family: inherit; font-style: inherit; margin-right: 0px; margin-bottom: 1.6em; margin-left: 0px; padding: 0px; vertical-align: baseline; text-align: justify;\">Fonte : Blog Agravo&nbsp;<\/p>\n<p style=\"box-sizing: inherit; border: 0px; font-family: inherit; font-style: inherit; margin-right: 0px; margin-bottom: 1.6em; margin-left: 0px; padding: 0px; vertical-align: baseline; text-align: justify;\">Foto: Jamesson Ara\u00fajo&nbsp;<\/p>\n","protected":false},"excerpt":{"rendered":"<p>O \u00fanico vereador que se mant\u00e9m fora do circulo de apoio a Paiva, \u00e9 o vereador Ivo Evangelista (PRB). Fonte : Blog Agravo&nbsp; Foto: Jamesson Ara\u00fajo&nbsp;<\/p>\n","protected":false},"author":2,"featured_media":0,"comment_status":"open","ping_status":"open","sticky":false,"template":"","format":"standard","meta":{"_links_to":"","_links_to_target":""},"categories":[1],"tags":[],"_links":{"self":[{"href":"https:\/\/www.ilheusnoticias.net.br\/v1\/wp-json\/wp\/v2\/posts\/2971"}],"collection":[{"href":"https:\/\/www.ilheusnoticias.net.br\/v1\/wp-json\/wp\/v2\/posts"}],"about":[{"href":"https:\/\/www.ilheusnoticias.net.br\/v1\/wp-json\/wp\/v2\/types\/post"}],"author":[{"embeddable":true,"href":"https:\/\/www.ilheusnoticias.net.br\/v1\/wp-json\/wp\/v2\/users\/2"}],"replies":[{"embeddable":true,"href":"https:\/\/www.ilheusnoticias.net.br\/v1\/wp-json\/wp\/v2\/comments?post=2971"}],"version-history":[{"count":2,"href":"https:\/\/www.ilheusnoticias.net.br\/v1\/wp-json\/wp\/v2\/posts\/2971\/revisions"}],"predecessor-version":[{"id":2973,"href":"https:\/\/www.ilheusnoticias.net.br\/v1\/wp-json\/wp\/v2\/posts\/2971\/revisions\/2973"}],"wp:attachment":[{"href":"https:\/\/www.ilheusnoticias.net.br\/v1\/wp-json\/wp\/v2\/media?parent=2971"}],"wp:term":[{"taxonomy":"category","embeddable":true,"href":"https:\/\/www.ilheusnoticias.net.br\/v1\/wp-json\/wp\/v2\/categories?post=2971"},{"taxonomy":"post_tag","embeddable":true,"href":"https:\/\/www.ilheusnoticias.net.br\/v1\/wp-json\/wp\/v2\/tags?post=2971"}],"curies":[{"name":"wp","href":"https:\/\/api.w.org\/{rel}","templated":true}]}}