{"id":2965,"date":"2016-12-14T14:30:23","date_gmt":"2016-12-14T17:30:23","guid":{"rendered":"http:\/\/www.ilheusnoticias.net.br\/v1\/?p=2965"},"modified":"2016-12-14T14:30:23","modified_gmt":"2016-12-14T17:30:23","slug":"rui-anuncia-novo-concurso-com-28-mil-vagas-para-pm-e-bombeiros","status":"publish","type":"post","link":"https:\/\/www.ilheusnoticias.net.br\/v1\/2016\/12\/14\/rui-anuncia-novo-concurso-com-28-mil-vagas-para-pm-e-bombeiros\/","title":{"rendered":"Rui anuncia novo concurso com 2,8 mil vagas para PM e Bombeiros\u00a0"},"content":{"rendered":"<p><span style=\"background-color: rgb(255, 255, 255); color: rgb(51, 51, 51); font-family: Arial, Helvetica, sans-serif; font-size: 12px; orphans: 2; widows: 2;\">Nesta quarta-feira (14), o governador Rui Costa anunciou a realiza\u00e7\u00e3o de concurso p\u00fablico para oficiais e soldados da Pol\u00edcia Militar e do Corpo Bombeiros Militar em 2017. Nesta quinta-feira (15), ser\u00e1 publicada no Di\u00e1rio Oficial do Estado a resolu\u00e7\u00e3o do Conselho de Pol\u00edtica de Recursos Humanos (Cope), autorizando a abertura de licita\u00e7\u00e3o para contrata\u00e7\u00e3o da empresa respons\u00e1vel pela realiza\u00e7\u00e3o da sele\u00e7\u00e3o.<\/span><\/p>\n<p id=\"story_text\" style=\"margin-right: 0px; margin-bottom: 0px; margin-left: 0px; padding: 0px; border: 0px; font-size: 12px; color: rgb(51, 51, 51); font-family: Arial, Helvetica, sans-serif; line-height: 18px; orphans: 2; widows: 2; background-color: rgb(255, 255, 255); background-position: initial initial; background-repeat: initial initial;\">\nO novo concurso vai oferecer 2 mil vagas para soldados e 60 oficiais da PM. Outras 20 vagas ser\u00e3o destinadas a oficiais m\u00e9dicos e dez, para oficiais odont\u00f3logos. No caso do Corpo de Bombeiros, ser\u00e3o ofertadas 750 vagas para soldados e 30 para oficiais. \u201cNossa meta \u00e9 que, em 2018, j\u00e1 teremos esses novos concursados refor\u00e7ando o trabalho da PM e dos bombeiros\u201d, disse o governador. Ao todo, ser\u00e3o 2.870 novos policiais para refor\u00e7ar a seguran\u00e7a p\u00fablica na capital e no interior do estado a partir de 2018.<\/p>\n<p align=\"center\" style=\"margin-right: 0px; margin-bottom: 0px; margin-left: 0px; padding: 0px; border: 0px; font-size: 34.5522px; background-color: transparent; background-position: initial initial; background-repeat: initial initial;\"><img loading=\"lazy\" src=\"http:\/\/www.secom.ba.gov.br\/arquivos\/Image\/MILENA\/ope.jpg\" alt=\"concurso pm\" width=\"570\" height=\"380\" style=\"margin: 5px; padding: 0px; border: 0px; font-size: 12px; background-color: transparent; background-position: initial initial; background-repeat: initial initial;\"><\/p>\n<p id=\"news-audio\" style=\"margin: 12px 0px 3px; padding: 2px 0px 2px 20px; border-width: 0px 0px 1px; border-bottom-style: solid; border-bottom-color: rgb(102, 102, 102); font-size: 1em; color: rgb(51, 51, 51); font-weight: bold; font-family: Arial, Helvetica, sans-serif; orphans: 2; widows: 2; background-image: url(file:\/\/\/images\/ico_audio.gif); background-color: rgb(255, 255, 255); background-position: 0% 2px; background-repeat: no-repeat no-repeat;\">\u00c1udio:<\/p>\n<ul class=\"news-audio\" style=\"margin: 0px; padding: 0px; border: 0px; font-size: 12px; list-style: none; color: rgb(51, 51, 51); font-family: Arial, Helvetica, sans-serif; line-height: 18px; orphans: 2; widows: 2; background-color: rgb(255, 255, 255); background-position: initial initial; background-repeat: initial initial;\">\n<li style=\"margin: 0px; padding: 5px 0px 0px 7px; border: 0px; font-size: 34.5522px; background-color: transparent; background-position: initial initial; background-repeat: initial initial;\"><a href=\"http:\/\/www.ba.gov.br\/modules\/debaser2\/visualizar.php?audiovideo=1&amp;xfid=1327\" style=\"margin: 0px; padding: 0px; border: 0px; font-size: 34.5522px; color: rgb(0, 113, 180); background-color: transparent; background-position: initial initial; background-repeat: initial initial;\">Confira o \u00e1udio desta not\u00edcia<\/a><\/li>\n<\/ul>\n","protected":false},"excerpt":{"rendered":"<p>Nesta quarta-feira (14), o governador Rui Costa anunciou a realiza\u00e7\u00e3o de concurso p\u00fablico para oficiais e soldados da Pol\u00edcia Militar e do Corpo Bombeiros Militar em 2017. Nesta quinta-feira (15), ser\u00e1 publicada no Di\u00e1rio Oficial do Estado a resolu\u00e7\u00e3o do Conselho de Pol\u00edtica de Recursos Humanos (Cope), autorizando a abertura de licita\u00e7\u00e3o para contrata\u00e7\u00e3o da [&hellip;]<\/p>\n","protected":false},"author":2,"featured_media":0,"comment_status":"open","ping_status":"open","sticky":false,"template":"","format":"standard","meta":{"_links_to":"","_links_to_target":""},"categories":[1],"tags":[],"_links":{"self":[{"href":"https:\/\/www.ilheusnoticias.net.br\/v1\/wp-json\/wp\/v2\/posts\/2965"}],"collection":[{"href":"https:\/\/www.ilheusnoticias.net.br\/v1\/wp-json\/wp\/v2\/posts"}],"about":[{"href":"https:\/\/www.ilheusnoticias.net.br\/v1\/wp-json\/wp\/v2\/types\/post"}],"author":[{"embeddable":true,"href":"https:\/\/www.ilheusnoticias.net.br\/v1\/wp-json\/wp\/v2\/users\/2"}],"replies":[{"embeddable":true,"href":"https:\/\/www.ilheusnoticias.net.br\/v1\/wp-json\/wp\/v2\/comments?post=2965"}],"version-history":[{"count":1,"href":"https:\/\/www.ilheusnoticias.net.br\/v1\/wp-json\/wp\/v2\/posts\/2965\/revisions"}],"predecessor-version":[{"id":2966,"href":"https:\/\/www.ilheusnoticias.net.br\/v1\/wp-json\/wp\/v2\/posts\/2965\/revisions\/2966"}],"wp:attachment":[{"href":"https:\/\/www.ilheusnoticias.net.br\/v1\/wp-json\/wp\/v2\/media?parent=2965"}],"wp:term":[{"taxonomy":"category","embeddable":true,"href":"https:\/\/www.ilheusnoticias.net.br\/v1\/wp-json\/wp\/v2\/categories?post=2965"},{"taxonomy":"post_tag","embeddable":true,"href":"https:\/\/www.ilheusnoticias.net.br\/v1\/wp-json\/wp\/v2\/tags?post=2965"}],"curies":[{"name":"wp","href":"https:\/\/api.w.org\/{rel}","templated":true}]}}