{"id":2953,"date":"2016-12-13T13:39:50","date_gmt":"2016-12-13T16:39:50","guid":{"rendered":"http:\/\/www.ilheusnoticias.net.br\/v1\/?p=2953"},"modified":"2016-12-13T13:39:50","modified_gmt":"2016-12-13T16:39:50","slug":"mec-estende-ate-30-de-dezembro-prazo-para-renovacao-de-contratos-do-fies","status":"publish","type":"post","link":"https:\/\/www.ilheusnoticias.net.br\/v1\/2016\/12\/13\/mec-estende-ate-30-de-dezembro-prazo-para-renovacao-de-contratos-do-fies\/","title":{"rendered":"MEC estende at\u00e9 30 de dezembro prazo para renova\u00e7\u00e3o de contratos do Fies"},"content":{"rendered":"<div class=\"entry-content\">\n<p><img loading=\"lazy\" class=\" wp-image-34268 aligncenter colorbox-34267\" src=\"http:\/\/vermelhinhoba.com.br\/wp-content\/uploads\/2016\/12\/IMAGEM_NOTICIA_5-3.jpg\" alt=\"imagem_noticia_5\" width=\"600\" height=\"442\" \/><\/p>\n<p>O Fundo Nacional de Desenvolvimento da Educa\u00e7\u00e3o do Minist\u00e9rio da Educa\u00e7\u00e3o (FNDE\/MEC) publicou no Di\u00e1rio Oficial da Uni\u00e3o (DOU) desta ter\u00e7a-feira (13) portaria que formaliza a amplia\u00e7\u00e3o do prazo para a renova\u00e7\u00e3o de contratos do Fundo de Financiamento Estudantil (Fies).<\/p>\n<p>Os interessados t\u00eam agora at\u00e9 o dia 30 de dezembro para realizar os aditamentos referentes ao segundo semestre de 2016.\u00a0O ato tamb\u00e9m autoriza os agentes financeiros do Fies a receber at\u00e9 29 de dezembro os Documentos de Regularidade de Matr\u00edcula (DRMs) emitidos a partir do dia 25 de novembro \u00faltimo e que estejam com o prazo de comparecimento ao banco expirado.\u00a0Segundo o governo, at\u00e9 agora cerca de 1,2 milh\u00e3o de estudantes fizeram o aditamento.<\/p>\n<p>A previs\u00e3o \u00e9 que, ao final do prazo, aproximadamente 1,5 milh\u00e3o de contratos estejam devidamente renovados, envolvendo um investimento federal da ordem de R$ 8,6 bilh\u00f5es. \u201cQueremos tranquilizar os estudantes e dizer que todos ter\u00e3o a oportunidade de renovar seus financiamentos\u201d, disse o presidente do FNDE, Gast\u00e3o Vieira nesta segunda-feira, 12, quando a amplia\u00e7\u00e3o do prazo foi informada.<\/p>\n<p>O per\u00edodo inicial para a renova\u00e7\u00e3o dos contratos do Fies do segundo semestre terminaria no dia 31 de outubro, mas o FNDE prorrogou o prazo em uma primeira vez para 15 de dezembro e agora novamente, para 30 de dezembro.<\/p>\n<\/div>\n","protected":false},"excerpt":{"rendered":"<p>O Fundo Nacional de Desenvolvimento da Educa\u00e7\u00e3o do Minist\u00e9rio da Educa\u00e7\u00e3o (FNDE\/MEC) publicou no Di\u00e1rio Oficial da Uni\u00e3o (DOU) desta ter\u00e7a-feira (13) portaria que formaliza a amplia\u00e7\u00e3o do prazo para a renova\u00e7\u00e3o de contratos do Fundo de Financiamento Estudantil (Fies). Os interessados t\u00eam agora at\u00e9 o dia 30 de dezembro para realizar os aditamentos referentes [&hellip;]<\/p>\n","protected":false},"author":2,"featured_media":0,"comment_status":"open","ping_status":"open","sticky":false,"template":"","format":"standard","meta":{"_links_to":"","_links_to_target":""},"categories":[1],"tags":[],"_links":{"self":[{"href":"https:\/\/www.ilheusnoticias.net.br\/v1\/wp-json\/wp\/v2\/posts\/2953"}],"collection":[{"href":"https:\/\/www.ilheusnoticias.net.br\/v1\/wp-json\/wp\/v2\/posts"}],"about":[{"href":"https:\/\/www.ilheusnoticias.net.br\/v1\/wp-json\/wp\/v2\/types\/post"}],"author":[{"embeddable":true,"href":"https:\/\/www.ilheusnoticias.net.br\/v1\/wp-json\/wp\/v2\/users\/2"}],"replies":[{"embeddable":true,"href":"https:\/\/www.ilheusnoticias.net.br\/v1\/wp-json\/wp\/v2\/comments?post=2953"}],"version-history":[{"count":1,"href":"https:\/\/www.ilheusnoticias.net.br\/v1\/wp-json\/wp\/v2\/posts\/2953\/revisions"}],"predecessor-version":[{"id":2954,"href":"https:\/\/www.ilheusnoticias.net.br\/v1\/wp-json\/wp\/v2\/posts\/2953\/revisions\/2954"}],"wp:attachment":[{"href":"https:\/\/www.ilheusnoticias.net.br\/v1\/wp-json\/wp\/v2\/media?parent=2953"}],"wp:term":[{"taxonomy":"category","embeddable":true,"href":"https:\/\/www.ilheusnoticias.net.br\/v1\/wp-json\/wp\/v2\/categories?post=2953"},{"taxonomy":"post_tag","embeddable":true,"href":"https:\/\/www.ilheusnoticias.net.br\/v1\/wp-json\/wp\/v2\/tags?post=2953"}],"curies":[{"name":"wp","href":"https:\/\/api.w.org\/{rel}","templated":true}]}}