{"id":2950,"date":"2016-12-13T13:37:17","date_gmt":"2016-12-13T16:37:17","guid":{"rendered":"http:\/\/www.ilheusnoticias.net.br\/v1\/?p=2950"},"modified":"2016-12-13T13:37:17","modified_gmt":"2016-12-13T16:37:17","slug":"homem-e-atropelado-na-ponte-do-pontal-e-encarrafamento-foi-estupendo","status":"publish","type":"post","link":"https:\/\/www.ilheusnoticias.net.br\/v1\/2016\/12\/13\/homem-e-atropelado-na-ponte-do-pontal-e-encarrafamento-foi-estupendo\/","title":{"rendered":"Homem \u00e9 atropelado na ponte do pontal e encarrafamento foi estupendo"},"content":{"rendered":"<h2 class=\"PostHeaderIcon-wrapper\"><\/h2>\n<div class=\"PostContent\">\n<p>&nbsp;<\/p>\n<p>Bastante movimentada, as redes sociais falavam do atropelamento de Josevaldo Pereira Santos, de idade ignorada, foi atropelado na noite desta segunda-feira, 12, na ponte do Pontal. Segundo informa\u00e7\u00e3o, o homem foi colhido por umq ca\u00e7amba, a v\u00edtima sofreu afundamento de cr\u00e2nio e com dilacera\u00e7\u00e3o no joelho e tornozelo direito.<\/p>\n<p>&nbsp;<\/p>\n<p>Com este lament\u00e1vel fato, volta-se a quest\u00e3o da falta de sinaliza\u00e7\u00e3o na ponte , indicando o perigo do uso da bicicleta na pista, bem como, a falta de acesso ao bairro para estes. O engarrafamento foi enorme, no hor\u00e1rio de pico, e, prova mas uma vez a inefici\u00eancia da Secretaria de Tr\u00e2nsito de Ilh\u00e9us.<\/p>\n<p>&nbsp;<\/p>\n<p>Equipes do SAMU estiveram no local realizando os primeiros socorros levando em seguida, para emerg\u00eancia do hospital Regional.\u00a0O estado de sa\u00fade do homem \u00e9 considerado grave. O tr\u00e2nsito ficou lento nos dois sentidos da pista. Mais detalhes a qualquer momento.<\/p>\n<div id=\"attachment_10567\" class=\"wp-caption aligncenter\"><img loading=\"lazy\" class=\"wp-image-10567\" src=\"http:\/\/www.fabiorobertonoticias.com.br\/v1\/wp-content\/uploads\/2016\/12\/WhatsApp-Image-2016-12-12-at-21.08.01.jpeg\" sizes=\"(max-width: 544px) 100vw, 544px\" srcset=\"http:\/\/www.fabiorobertonoticias.com.br\/v1\/wp-content\/uploads\/2016\/12\/WhatsApp-Image-2016-12-12-at-21.08.01.jpeg 768w, http:\/\/www.fabiorobertonoticias.com.br\/v1\/wp-content\/uploads\/2016\/12\/WhatsApp-Image-2016-12-12-at-21.08.01-180x300.jpeg 180w, http:\/\/www.fabiorobertonoticias.com.br\/v1\/wp-content\/uploads\/2016\/12\/WhatsApp-Image-2016-12-12-at-21.08.01-614x1024.jpeg 614w\" alt=\"whatsapp-image-2016-12-12-at-21-08-01\" width=\"544\" height=\"907\" \/><!--more--><\/p>\n<p class=\"wp-caption-text\">Samu prestou atendimento no local do acidente.<\/p>\n<\/div>\n<div id=\"attachment_10566\" class=\"wp-caption aligncenter\">Homem foi socorrido para o hospital Regional.<\/div>\n<\/div>\n<p><!--more--><\/p>\n<p>&nbsp;<\/p>\n<div class=\"cleared\"><\/div>\n<div class=\"PostFooterIcons metadata-icons\"><\/div>\n","protected":false},"excerpt":{"rendered":"<p>&nbsp; Bastante movimentada, as redes sociais falavam do atropelamento de Josevaldo Pereira Santos, de idade ignorada, foi atropelado na noite desta segunda-feira, 12, na ponte do Pontal. Segundo informa\u00e7\u00e3o, o homem foi colhido por umq ca\u00e7amba, a v\u00edtima sofreu afundamento de cr\u00e2nio e com dilacera\u00e7\u00e3o no joelho e tornozelo direito. &nbsp; Com este lament\u00e1vel fato, [&hellip;]<\/p>\n","protected":false},"author":2,"featured_media":0,"comment_status":"open","ping_status":"open","sticky":false,"template":"","format":"standard","meta":{"_links_to":"","_links_to_target":""},"categories":[1],"tags":[],"_links":{"self":[{"href":"https:\/\/www.ilheusnoticias.net.br\/v1\/wp-json\/wp\/v2\/posts\/2950"}],"collection":[{"href":"https:\/\/www.ilheusnoticias.net.br\/v1\/wp-json\/wp\/v2\/posts"}],"about":[{"href":"https:\/\/www.ilheusnoticias.net.br\/v1\/wp-json\/wp\/v2\/types\/post"}],"author":[{"embeddable":true,"href":"https:\/\/www.ilheusnoticias.net.br\/v1\/wp-json\/wp\/v2\/users\/2"}],"replies":[{"embeddable":true,"href":"https:\/\/www.ilheusnoticias.net.br\/v1\/wp-json\/wp\/v2\/comments?post=2950"}],"version-history":[{"count":2,"href":"https:\/\/www.ilheusnoticias.net.br\/v1\/wp-json\/wp\/v2\/posts\/2950\/revisions"}],"predecessor-version":[{"id":2952,"href":"https:\/\/www.ilheusnoticias.net.br\/v1\/wp-json\/wp\/v2\/posts\/2950\/revisions\/2952"}],"wp:attachment":[{"href":"https:\/\/www.ilheusnoticias.net.br\/v1\/wp-json\/wp\/v2\/media?parent=2950"}],"wp:term":[{"taxonomy":"category","embeddable":true,"href":"https:\/\/www.ilheusnoticias.net.br\/v1\/wp-json\/wp\/v2\/categories?post=2950"},{"taxonomy":"post_tag","embeddable":true,"href":"https:\/\/www.ilheusnoticias.net.br\/v1\/wp-json\/wp\/v2\/tags?post=2950"}],"curies":[{"name":"wp","href":"https:\/\/api.w.org\/{rel}","templated":true}]}}