{"id":2942,"date":"2016-12-13T13:20:30","date_gmt":"2016-12-13T16:20:30","guid":{"rendered":"http:\/\/www.ilheusnoticias.net.br\/v1\/?p=2942"},"modified":"2016-12-13T13:20:30","modified_gmt":"2016-12-13T16:20:30","slug":"campanha-comunitaria-restaura-igreja-de-293-anos-em-itacare","status":"publish","type":"post","link":"https:\/\/www.ilheusnoticias.net.br\/v1\/2016\/12\/13\/campanha-comunitaria-restaura-igreja-de-293-anos-em-itacare\/","title":{"rendered":"Campanha comunit\u00e1ria restaura igreja de 293 anos em Itacar\u00e9"},"content":{"rendered":"<p class=\"x_MsoNormal\" align=\"center\">\n<p class=\"x_MsoNormal\"><a href=\"http:\/\/www.ilheusnoticias.net.br\/v1\/wp-content\/uploads\/2016\/12\/igrejasaomiguel.jpg\" rel=\"attachment wp-att-2943\"><img loading=\"lazy\" class=\"aligncenter size-medium wp-image-2943\" src=\"http:\/\/www.ilheusnoticias.net.br\/v1\/wp-content\/uploads\/2016\/12\/igrejasaomiguel-300x176.jpg\" alt=\"igrejasaomiguel\" width=\"300\" height=\"176\" srcset=\"https:\/\/www.ilheusnoticias.net.br\/v1\/wp-content\/uploads\/2016\/12\/igrejasaomiguel-300x176.jpg 300w, https:\/\/www.ilheusnoticias.net.br\/v1\/wp-content\/uploads\/2016\/12\/igrejasaomiguel.jpg 1000w\" sizes=\"(max-width: 300px) 100vw, 300px\" \/><\/a><\/p>\n<p class=\"x_m_2175850061235057279gmail-MsoNoSpacing\">A Igreja Matriz de S\u00e3o Miguel Arcanjo, em Itacar\u00e9, constru\u00edda em 1723 e tombada desde 2010 como Patrim\u00f4nio da Bahia, j\u00e1 est\u00e1 pronta para o Natal, quando ocorrer\u00e1 missa para toda a comunidade. Isso, gra\u00e7as ao esfor\u00e7o da campanha \u2018A F\u00e9 Restaurada\u2019 de moradores locais. \u201cS\u00f3 da comunidade local conseguimos reunir R$ 200 mil para restauro interno da igreja\u201d, comemora o p\u00e1roco, Padre Ednaldo Cardoso. Segundo ele, as obras duraram 11 meses, come\u00e7ando em janeiro e terminando no \u00faltimo domingo (11) quando o templo foi entregue \u00e0 popula\u00e7\u00e3o. \u201cRealizamos caminhada nas ruas da cidade, a partir das 17:30h, tivemos celebra\u00e7\u00e3o eucar\u00edstica e sagra\u00e7\u00e3o do altar a S\u00e3o Miguel\u201d, relata o padre. Itacar\u00e9 fica a 428 km de Salvador, na foz do Rio de Contas, que nasce entre as cidades de Piat\u00e3 e Aba\u00edra, na Chapada Diamantina, e des\u00e1gua no Oceano Atl\u00e2ntico.<\/p>\n<p class=\"x_m_2175850061235057279gmail-MsoNoSpacing\">\n<p class=\"x_m_2175850061235057279gmail-MsoNoSpacing\"><!--more--><\/p>\n<p class=\"x_m_2175850061235057279gmail-MsoNoSpacing\">\n<p class=\"x_m_2175850061235057279gmail-MsoNoSpacing\">O Instituto do Patrim\u00f4nio Art\u00edstico e Cultural (IPAC), da Secretaria de Cultura do Estado (SecultBA), participou com fiscaliza\u00e7\u00e3o e orienta\u00e7\u00e3o t\u00e9cnica. \u201cEm monumentos tombados \u00e9 fundamental a fiscaliza\u00e7\u00e3o t\u00e9cnica para dispor de orienta\u00e7\u00e3o especializada evitando poss\u00edveis danos aos bens art\u00edsticos, m\u00f3veis e integrados, e ao estilo arquitet\u00f4nico original\u201d, afirma o diretor geral do IPAC, Jo\u00e3o Carlos de Oliveira.<\/p>\n<p class=\"x_m_2175850061235057279gmail-MsoNoSpacing\">\n<p class=\"x_m_2175850061235057279gmail-MsoNoSpacing\">Ele explica que apesar do atual templo ser do s\u00e9culo XVIII, existiu capela no local desde o s\u00e9culo XVI. \u201cA capela que deu origem \u00e0 igreja foi fundada no s\u00e9culo XVI pelo padre jesu\u00edta Lu\u00eds Gr\u00e3, contempor\u00e2neo de Jos\u00e9 de Anchieta. Mas apenas em 1723, foi constru\u00edda a vers\u00e3o atual, tombada via IPAC com o decreto n\u00ba12.530\/10\u201d, completa.<\/p>\n<p class=\"x_m_2175850061235057279gmail-MsoNoSpacing\">\n<p class=\"x_m_2175850061235057279gmail-MsoNoSpacing\"><b><u>PARCERIAS e RESTAUROS<\/u><\/b><b> \u2013 <\/b>Segundo especialistas, a maior parte dos centros hist\u00f3ricos e monumentos arquitet\u00f4nicos da Europa e Estados Unidos s\u00e3o restaurados a partir de parcerias p\u00fablico-privadas que envolvem grandes empresas, doadores das comunidades e at\u00e9 turistas.<\/p>\n<p class=\"x_m_2175850061235057279gmail-MsoNoSpacing\">\n<p class=\"x_m_2175850061235057279gmail-MsoNoSpacing\">\u201cNo caso do Brasil, existe uma crise econ\u00f4mico-financeira e contingenciamentos or\u00e7ament\u00e1rios que nos obriga a ter gest\u00e3o mais criativa e empreendedora\u201d, explica Jo\u00e3o Carlos. Em Itacar\u00e9, al\u00e9m da campanha comunit\u00e1ria para coleta de recursos, a prefeitura local e a Par\u00f3quia de Ilh\u00e9us contribu\u00edram com apoio log\u00edstico-operacional. J\u00e1 o IPAC, com a fiscaliza\u00e7\u00e3o e orienta\u00e7\u00e3o t\u00e9cnica.<\/p>\n<p class=\"x_m_2175850061235057279gmail-MsoNoSpacing\">\n<p class=\"x_m_2175850061235057279gmail-MsoNoSpacing\">O IPAC est\u00e1 implantando seu sistema de parcerias em todo o estado. Podem participar comunidades, empresas privadas, prefeituras, par\u00f3quias e organiza\u00e7\u00f5es n\u00e3o-governamentais. Em alguns munic\u00edpios o instituto faz orienta\u00e7\u00e3o t\u00e9cnica, e em outros disponibiliza oper\u00e1rios e ferramentas, enquanto os parceiros conseguem recursos para compra de materiais.<\/p>\n<p class=\"x_m_2175850061235057279gmail-MsoNoSpacing\">\n<p class=\"x_m_2175850061235057279gmail-MsoNoSpacing\">As parcerias do IPAC tamb\u00e9m acontecem em Salvador, como no projeto de obras na sede do Projeto Ax\u00e9 (Pelourinho), com possibilidade de recursos do governo austr\u00edaco. As igrejas de Brotas (Salvador) e Miradouro (Xique-Xique), tamb\u00e9m s\u00e3o exemplos. Ou ainda o Convento dos Humildes (Santo Amaro), as imagens sacras de Montes Altos e as imagens do Convento da Piedade (Ilh\u00e9us) que receberam recursos de Editais\/SecultBA e o IPAC fez a fiscaliza\u00e7\u00e3o. Obras na Casa Z\u00e9lia Gattai, via Funda\u00e7\u00e3o Casa de Jorge Amado, na Igreja do Ros\u00e1rio dos Pretos e no Mercado de Santa B\u00e1rbara foram outros exemplos em Salvador. Para mais informa\u00e7\u00f5es acompanhe o IPAC no site<a id=\"LPlnk155613\" href=\"http:\/\/www.ipac.ba.gov.br\/\" target=\"_blank\">www.ipac.ba.gov.br<\/a>, facebook \u2018Ipacba Patrim\u00f4nio\u2019, twitter \u2018@ipac_ba\u2019 e instagram \u2018@ipac.patrimonio.<\/p>\n<p class=\"x_m_2175850061235057279gmail-MsoNoSpacing\">\n","protected":false},"excerpt":{"rendered":"<p>A Igreja Matriz de S\u00e3o Miguel Arcanjo, em Itacar\u00e9, constru\u00edda em 1723 e tombada desde 2010 como Patrim\u00f4nio da Bahia, j\u00e1 est\u00e1 pronta para o Natal, quando ocorrer\u00e1 missa para toda a comunidade. Isso, gra\u00e7as ao esfor\u00e7o da campanha \u2018A F\u00e9 Restaurada\u2019 de moradores locais. \u201cS\u00f3 da comunidade local conseguimos reunir R$ 200 mil para [&hellip;]<\/p>\n","protected":false},"author":2,"featured_media":0,"comment_status":"open","ping_status":"open","sticky":false,"template":"","format":"standard","meta":{"_links_to":"","_links_to_target":""},"categories":[9],"tags":[256],"_links":{"self":[{"href":"https:\/\/www.ilheusnoticias.net.br\/v1\/wp-json\/wp\/v2\/posts\/2942"}],"collection":[{"href":"https:\/\/www.ilheusnoticias.net.br\/v1\/wp-json\/wp\/v2\/posts"}],"about":[{"href":"https:\/\/www.ilheusnoticias.net.br\/v1\/wp-json\/wp\/v2\/types\/post"}],"author":[{"embeddable":true,"href":"https:\/\/www.ilheusnoticias.net.br\/v1\/wp-json\/wp\/v2\/users\/2"}],"replies":[{"embeddable":true,"href":"https:\/\/www.ilheusnoticias.net.br\/v1\/wp-json\/wp\/v2\/comments?post=2942"}],"version-history":[{"count":1,"href":"https:\/\/www.ilheusnoticias.net.br\/v1\/wp-json\/wp\/v2\/posts\/2942\/revisions"}],"predecessor-version":[{"id":2944,"href":"https:\/\/www.ilheusnoticias.net.br\/v1\/wp-json\/wp\/v2\/posts\/2942\/revisions\/2944"}],"wp:attachment":[{"href":"https:\/\/www.ilheusnoticias.net.br\/v1\/wp-json\/wp\/v2\/media?parent=2942"}],"wp:term":[{"taxonomy":"category","embeddable":true,"href":"https:\/\/www.ilheusnoticias.net.br\/v1\/wp-json\/wp\/v2\/categories?post=2942"},{"taxonomy":"post_tag","embeddable":true,"href":"https:\/\/www.ilheusnoticias.net.br\/v1\/wp-json\/wp\/v2\/tags?post=2942"}],"curies":[{"name":"wp","href":"https:\/\/api.w.org\/{rel}","templated":true}]}}