{"id":2940,"date":"2016-12-13T13:16:38","date_gmt":"2016-12-13T16:16:38","guid":{"rendered":"http:\/\/www.ilheusnoticias.net.br\/v1\/?p=2940"},"modified":"2016-12-13T13:16:38","modified_gmt":"2016-12-13T16:16:38","slug":"construcao-da-ponte-ilheus-pontal-e-tema-de-audiencia-publica","status":"publish","type":"post","link":"https:\/\/www.ilheusnoticias.net.br\/v1\/2016\/12\/13\/construcao-da-ponte-ilheus-pontal-e-tema-de-audiencia-publica\/","title":{"rendered":"Constru\u00e7\u00e3o da ponte Ilh\u00e9us-Pontal \u00e9 tema de audi\u00eancia p\u00fablica"},"content":{"rendered":"<p class=\"x_MsoNormal\" align=\"center\">\n<p class=\"x_MsoNormal\" align=\"center\"><i>Evento reuniu Governo do Estado, Minist\u00e9rio P\u00fablico e sociedade civil organizada<u><\/u><u><\/u><\/i><\/p>\n<p class=\"x_MsoNormal\"><u><\/u>\u00a0A constru\u00e7\u00e3o da Ponte Ilh\u00e9us-Pontal, uma antiga solicita\u00e7\u00e3o dos moradores de Ilh\u00e9us e regi\u00e3o, que perdem mais de 40 minutos com os engarrafamentos na atual ponte, foi tema de uma audi\u00eancia p\u00fablica na tarde desta segunda-feira (12), na C\u00e2mara de Vereadores de Ilh\u00e9us. No encontro foram debatidas, juntamente com a sociedade civil, organiza\u00e7\u00f5es ambientais e representantes da Secretaria de Infraesrtutura do Estado\u00a0(Seinfra), informa\u00e7\u00f5es sobre o equipamento que tem previs\u00e3o de conclus\u00e3o em dois anos.<\/p>\n<p class=\"x_MsoNormal\">\n<p class=\"x_MsoNormal\"><u><\/u>\u00a0<u><\/u><\/p>\n<p class=\"x_MsoNormal\">Na ocasi\u00e3o, o superintendente de Infraestrutura de Transportes, Saulo Pontes, explicou como os estudos foram feitos e abordou aspectos sobre as quest\u00f5es ambientais, complementando informa\u00e7\u00f5es dadas \u00e0 popula\u00e7\u00e3o anteriormente. Dessa forma, a obra segue todos os requisitos legais, inclusive com a licen\u00e7a ambiental para a constru\u00e7\u00e3o da ponte emitida pela Prefeitura de Ilh\u00e9us.<u><\/u><u><\/u><\/p>\n<p class=\"x_MsoNormal\"><u><\/u>\u00a0<u><\/u><\/p>\n<p class=\"x_MsoNormal\">\u201cDentre os esclarecimentos feitos \u00e0 popula\u00e7\u00e3o est\u00e3o informa\u00e7\u00f5es dos laudos de \u00f3rg\u00e3os de controle externo, que descartaram a possibilidade de existir no lado sul um ambiente utilizado para desova de tartarugas e, tamb\u00e9m, da presen\u00e7a de carca\u00e7as de um navio naufragado\u201d, pontuou Saulo Pontes.<u><\/u><u><\/u><\/p>\n<p class=\"x_MsoNormal\"><u><\/u>\u00a0<u><\/u><\/p>\n<p class=\"x_MsoNormal\"><b>Ilh\u00e9us-Pontal<u><\/u><u><\/u><\/b><\/p>\n<p class=\"x_MsoNormal\"><!--more--><\/p>\n<p class=\"x_MsoNormal\"><u><\/u>\u00a0<u><\/u><\/p>\n<p class=\"x_MsoNormal\">O equipamento tamb\u00e9m dar\u00e1 condi\u00e7\u00f5es de escoamento para outros modais como o Porto de Malhada e o futuro Porto Sul. Localizada sobre o Rio Cachoeira, na BA-001, a ponte recebe um investimento de R$ 99,6 milh\u00f5es Para montar essa estrutura, que ter\u00e1 aproximadamente 540 metros e um sistema vi\u00e1rio de cerca de 2,8 quil\u00f4metros, est\u00e3o atuando 150 oper\u00e1rios. A nova ponte ter\u00e1 uma formata\u00e7\u00e3o mais moderna, valorizando ainda mais as belezas da Ba\u00eda do Pontal, e beneficiar\u00e1 mais de 510 mil habitantes dos munic\u00edpios de Ilh\u00e9us, Itabuna, Una, Canavieiras, Buerarema, Itacar\u00e9 e Uru\u00e7uca.<\/p>\n","protected":false},"excerpt":{"rendered":"<p>Evento reuniu Governo do Estado, Minist\u00e9rio P\u00fablico e sociedade civil organizada \u00a0A constru\u00e7\u00e3o da Ponte Ilh\u00e9us-Pontal, uma antiga solicita\u00e7\u00e3o dos moradores de Ilh\u00e9us e regi\u00e3o, que perdem mais de 40 minutos com os engarrafamentos na atual ponte, foi tema de uma audi\u00eancia p\u00fablica na tarde desta segunda-feira (12), na C\u00e2mara de Vereadores de Ilh\u00e9us. No [&hellip;]<\/p>\n","protected":false},"author":2,"featured_media":0,"comment_status":"open","ping_status":"open","sticky":false,"template":"","format":"standard","meta":{"_links_to":"","_links_to_target":""},"categories":[9],"tags":[255],"_links":{"self":[{"href":"https:\/\/www.ilheusnoticias.net.br\/v1\/wp-json\/wp\/v2\/posts\/2940"}],"collection":[{"href":"https:\/\/www.ilheusnoticias.net.br\/v1\/wp-json\/wp\/v2\/posts"}],"about":[{"href":"https:\/\/www.ilheusnoticias.net.br\/v1\/wp-json\/wp\/v2\/types\/post"}],"author":[{"embeddable":true,"href":"https:\/\/www.ilheusnoticias.net.br\/v1\/wp-json\/wp\/v2\/users\/2"}],"replies":[{"embeddable":true,"href":"https:\/\/www.ilheusnoticias.net.br\/v1\/wp-json\/wp\/v2\/comments?post=2940"}],"version-history":[{"count":1,"href":"https:\/\/www.ilheusnoticias.net.br\/v1\/wp-json\/wp\/v2\/posts\/2940\/revisions"}],"predecessor-version":[{"id":2941,"href":"https:\/\/www.ilheusnoticias.net.br\/v1\/wp-json\/wp\/v2\/posts\/2940\/revisions\/2941"}],"wp:attachment":[{"href":"https:\/\/www.ilheusnoticias.net.br\/v1\/wp-json\/wp\/v2\/media?parent=2940"}],"wp:term":[{"taxonomy":"category","embeddable":true,"href":"https:\/\/www.ilheusnoticias.net.br\/v1\/wp-json\/wp\/v2\/categories?post=2940"},{"taxonomy":"post_tag","embeddable":true,"href":"https:\/\/www.ilheusnoticias.net.br\/v1\/wp-json\/wp\/v2\/tags?post=2940"}],"curies":[{"name":"wp","href":"https:\/\/api.w.org\/{rel}","templated":true}]}}