{"id":2936,"date":"2016-12-13T13:10:33","date_gmt":"2016-12-13T16:10:33","guid":{"rendered":"http:\/\/www.ilheusnoticias.net.br\/v1\/?p=2936"},"modified":"2016-12-13T13:10:33","modified_gmt":"2016-12-13T16:10:33","slug":"utilidade-publica-rede-municipal-de-ensino-de-ilheus-esta-com-matriculas-abertas","status":"publish","type":"post","link":"https:\/\/www.ilheusnoticias.net.br\/v1\/2016\/12\/13\/utilidade-publica-rede-municipal-de-ensino-de-ilheus-esta-com-matriculas-abertas\/","title":{"rendered":"Utilidade P\u00fablica: Rede Municipal de Ensino de  Ilh\u00e9us est\u00e1 com matr\u00edculas abertas"},"content":{"rendered":"<p align=\"center\">A Secretaria de Educa\u00e7\u00e3o \u00a0de Ilh\u00e9us j\u00e1 est\u00e1 realizando <span class=\"x_gmail-apple-converted-space\">a<\/span> renova\u00e7\u00e3o de matr\u00edculas para os estudantes das unidades da Rede Municipal de Ensino que permanecer\u00e3o na mesma escola. O prazo vai at\u00e9 o pr\u00f3ximo dia 20 de dezembro. De acordo com o cronograma estabelecido e aprovado pelo Conselho Municipal de Educa\u00e7\u00e3o, o per\u00edodo de efetiva\u00e7\u00e3o para novas<span class=\"x_gmail-apple-converted-space\">\u00a0<\/span><span class=\"x_gmail-il\">matr\u00edculas nas <\/span>escolas da Rede e conveniadas, no ano letivo de 2017,<span class=\"x_gmail-apple-converted-space\">\u00a0ser\u00e1 de 9 a 20 de janeiro, nas secretarias das pr\u00f3prias unidades escolares.\u00a0<\/span><\/p>\n<p>Segundo<span class=\"x_gmail-apple-converted-space\">\u00a0<\/span>a chamada p\u00fablica divulgada pela Seduc,<span class=\"x_gmail-apple-converted-space\">\u00a0no Di\u00e1rio Oficial do Munic\u00edpio, o<\/span> prazo para matr\u00edculas por meio de transfer\u00eancias,<span class=\"x_gmail-apple-converted-space\">\u00a0por interesse pr\u00f3prio ou outros motivos, <\/span>ter\u00e1 in\u00edcio no dia 5 de janeiro pr\u00f3ximo. A Rede Municipal de Ensino de Ilh\u00e9us conta com 51 unidades escolares, sendo 13 no campo, 33 na sede urbana e cinco conveniadas, e<span class=\"x_gmail-apple-converted-space\">\u00a0<\/span>oferece cerca de 11 mil vagas para a Educa\u00e7\u00e3o<span class=\"x_gmail-apple-converted-space\">\u00a0I<\/span>nfantil (anos<span class=\"x_gmail-apple-converted-space\">\u00a0<\/span>iniciais e<span class=\"x_gmail-apple-converted-space\">\u00a0<\/span>anos<span class=\"x_gmail-apple-converted-space\">\u00a0<\/span>finais) e EJA \u2013 Educa\u00e7\u00e3o de Jovens e Adultos.<\/p>\n<p>&nbsp;<\/p>\n<p><!--more--><\/p>\n<p>As<span class=\"x_gmail-apple-converted-space\">\u00a0<\/span><span class=\"x_gmail-il\">matr\u00edculas<\/span><span class=\"x_gmail-apple-converted-space\">\u00a0<\/span>ser\u00e3o realizadas nas pr\u00f3prias escolas da rede municipal. Para a efetiva\u00e7\u00e3o, os interessados devem apresentar os seguintes documentos, al\u00e9m de estarem acompanhados pelos pais ou respons\u00e1veis: Certid\u00e3o de Nascimento do aluno, RG e CPF dos pais ou respons\u00e1veis, Cart\u00e3o do Bolsa Fam\u00edlia para os benefici\u00e1rios do programa, Cart\u00e3o do SUS, Comprovante de Resid\u00eancia e comprovante de escolaridade anterior em caso de prosseguimento dos estudos.<\/p>\n<p>Para o ingresso no ensino fundamental, a crian\u00e7a deve ter a idade m\u00ednima de seis anos completos ou a complet\u00e1-la at\u00e9 o dia 31 de mar\u00e7o de 2017, conforme resolu\u00e7\u00e3o do Conselho Nacional de Educa\u00e7\u00e3o (CNE-CEB), de n\u00famero 1, de 14 de janeiro de 2010. J\u00e1 para a matr\u00edcula na Educa\u00e7\u00e3o de Jovens e Adultos (EJA), a idade m\u00ednima \u00e9 de 15 anos.<\/p>\n<p>&nbsp;<\/p>\n","protected":false},"excerpt":{"rendered":"<p>A Secretaria de Educa\u00e7\u00e3o \u00a0de Ilh\u00e9us j\u00e1 est\u00e1 realizando a renova\u00e7\u00e3o de matr\u00edculas para os estudantes das unidades da Rede Municipal de Ensino que permanecer\u00e3o na mesma escola. O prazo vai at\u00e9 o pr\u00f3ximo dia 20 de dezembro. De acordo com o cronograma estabelecido e aprovado pelo Conselho Municipal de Educa\u00e7\u00e3o, o per\u00edodo de efetiva\u00e7\u00e3o [&hellip;]<\/p>\n","protected":false},"author":2,"featured_media":0,"comment_status":"open","ping_status":"open","sticky":false,"template":"","format":"standard","meta":{"_links_to":"","_links_to_target":""},"categories":[9],"tags":[253],"_links":{"self":[{"href":"https:\/\/www.ilheusnoticias.net.br\/v1\/wp-json\/wp\/v2\/posts\/2936"}],"collection":[{"href":"https:\/\/www.ilheusnoticias.net.br\/v1\/wp-json\/wp\/v2\/posts"}],"about":[{"href":"https:\/\/www.ilheusnoticias.net.br\/v1\/wp-json\/wp\/v2\/types\/post"}],"author":[{"embeddable":true,"href":"https:\/\/www.ilheusnoticias.net.br\/v1\/wp-json\/wp\/v2\/users\/2"}],"replies":[{"embeddable":true,"href":"https:\/\/www.ilheusnoticias.net.br\/v1\/wp-json\/wp\/v2\/comments?post=2936"}],"version-history":[{"count":1,"href":"https:\/\/www.ilheusnoticias.net.br\/v1\/wp-json\/wp\/v2\/posts\/2936\/revisions"}],"predecessor-version":[{"id":2937,"href":"https:\/\/www.ilheusnoticias.net.br\/v1\/wp-json\/wp\/v2\/posts\/2936\/revisions\/2937"}],"wp:attachment":[{"href":"https:\/\/www.ilheusnoticias.net.br\/v1\/wp-json\/wp\/v2\/media?parent=2936"}],"wp:term":[{"taxonomy":"category","embeddable":true,"href":"https:\/\/www.ilheusnoticias.net.br\/v1\/wp-json\/wp\/v2\/categories?post=2936"},{"taxonomy":"post_tag","embeddable":true,"href":"https:\/\/www.ilheusnoticias.net.br\/v1\/wp-json\/wp\/v2\/tags?post=2936"}],"curies":[{"name":"wp","href":"https:\/\/api.w.org\/{rel}","templated":true}]}}