{"id":2921,"date":"2016-12-11T11:32:26","date_gmt":"2016-12-11T14:32:26","guid":{"rendered":"http:\/\/www.ilheusnoticias.net.br\/v1\/?p=2921"},"modified":"2016-12-11T11:32:26","modified_gmt":"2016-12-11T14:32:26","slug":"vereadores-eleitos-participam-de-seminario-em-itabuna","status":"publish","type":"post","link":"https:\/\/www.ilheusnoticias.net.br\/v1\/2016\/12\/11\/vereadores-eleitos-participam-de-seminario-em-itabuna\/","title":{"rendered":"Vereadores eleitos participam de Semin\u00e1rio em Itabuna"},"content":{"rendered":"<h2 class=\"PostHeaderIcon-wrapper\"><\/h2>\n<div class=\"PostContent\">\n<div id=\"attachment_56094\" class=\"wp-caption aligncenter\"><a href=\"http:\/\/www.agravo.blog.br\/wp-content\/uploads\/2016\/12\/IMG-20161209-WA0004.jpg\"><img loading=\"lazy\" class=\" wp-image-56094\" src=\"http:\/\/www.agravo.blog.br\/wp-content\/uploads\/2016\/12\/IMG-20161209-WA0004-1024x768.jpg\" alt=\"Vereadores eleitos Paulo Carqueija, Fabricio Nascimento, Lukas Paiva, Nin Valverde, Pastor Matos e Markisi. \" width=\"418\" height=\"313\" \/><\/a><\/p>\n<p class=\"wp-caption-text\"><em><strong>Vereadores eleitos Paulo Carqueija, Fabr\u00edcio Nascimento, Lukas Paiva, Nino Valverde, Pastor Matos e Markisi.<\/strong><\/em><\/p>\n<\/div>\n<p>Na \u00faltima \u00a0sexta- feira (09) ocorreu no munic\u00edpio de Itabuna, o 1\u00ba Semin\u00e1rio A\u00e7\u00e3o Parlamentar \u201cos desafios de ser um vereador\u201d, e teve a presen\u00e7a de in\u00fameros vereadores eleitos e reeleitos de Ilh\u00e9us.<\/p>\n<p>Estiveram no evento Paulo Carqueija, Pastor Matos ambos do PSD, al\u00e9m dos tr\u00eas vereadores do PSB, Lukas Paiva, Fabricio Nascimento, Nino Valverde e o petista Makrisi Angeli.<\/p>\n<p><!--more--><\/p>\n<p>Aproveitando o ensejo, o candidato \u00e0 presid\u00eancia da c\u00e2mara, Lukas Paiva, dialogou com os futuros colegas e ouviu sugest\u00f5es para aproximar a c\u00e2mara, do povo.<\/p>\n<p>Paiva vem recebendo apoios espont\u00e2neos dos futuros vereadores, despontado como favorito para comandar o legislativo ilheense no bi\u00eanio 2017\/2018.Blog Agravo<\/p>\n<\/div>\n<p>&nbsp;<\/p>\n","protected":false},"excerpt":{"rendered":"<p>Vereadores eleitos Paulo Carqueija, Fabr\u00edcio Nascimento, Lukas Paiva, Nino Valverde, Pastor Matos e Markisi. Na \u00faltima \u00a0sexta- feira (09) ocorreu no munic\u00edpio de Itabuna, o 1\u00ba Semin\u00e1rio A\u00e7\u00e3o Parlamentar \u201cos desafios de ser um vereador\u201d, e teve a presen\u00e7a de in\u00fameros vereadores eleitos e reeleitos de Ilh\u00e9us. Estiveram no evento Paulo Carqueija, Pastor Matos ambos [&hellip;]<\/p>\n","protected":false},"author":2,"featured_media":0,"comment_status":"open","ping_status":"open","sticky":false,"template":"","format":"standard","meta":{"_links_to":"","_links_to_target":""},"categories":[9],"tags":[],"_links":{"self":[{"href":"https:\/\/www.ilheusnoticias.net.br\/v1\/wp-json\/wp\/v2\/posts\/2921"}],"collection":[{"href":"https:\/\/www.ilheusnoticias.net.br\/v1\/wp-json\/wp\/v2\/posts"}],"about":[{"href":"https:\/\/www.ilheusnoticias.net.br\/v1\/wp-json\/wp\/v2\/types\/post"}],"author":[{"embeddable":true,"href":"https:\/\/www.ilheusnoticias.net.br\/v1\/wp-json\/wp\/v2\/users\/2"}],"replies":[{"embeddable":true,"href":"https:\/\/www.ilheusnoticias.net.br\/v1\/wp-json\/wp\/v2\/comments?post=2921"}],"version-history":[{"count":1,"href":"https:\/\/www.ilheusnoticias.net.br\/v1\/wp-json\/wp\/v2\/posts\/2921\/revisions"}],"predecessor-version":[{"id":2922,"href":"https:\/\/www.ilheusnoticias.net.br\/v1\/wp-json\/wp\/v2\/posts\/2921\/revisions\/2922"}],"wp:attachment":[{"href":"https:\/\/www.ilheusnoticias.net.br\/v1\/wp-json\/wp\/v2\/media?parent=2921"}],"wp:term":[{"taxonomy":"category","embeddable":true,"href":"https:\/\/www.ilheusnoticias.net.br\/v1\/wp-json\/wp\/v2\/categories?post=2921"},{"taxonomy":"post_tag","embeddable":true,"href":"https:\/\/www.ilheusnoticias.net.br\/v1\/wp-json\/wp\/v2\/tags?post=2921"}],"curies":[{"name":"wp","href":"https:\/\/api.w.org\/{rel}","templated":true}]}}