{"id":2919,"date":"2016-12-11T11:30:24","date_gmt":"2016-12-11T14:30:24","guid":{"rendered":"http:\/\/www.ilheusnoticias.net.br\/v1\/?p=2919"},"modified":"2016-12-11T11:30:24","modified_gmt":"2016-12-11T14:30:24","slug":"segunda-ponte-ilheuspontal-sera-debatida-na-camara-municipal-de-ilheus-amanha","status":"publish","type":"post","link":"https:\/\/www.ilheusnoticias.net.br\/v1\/2016\/12\/11\/segunda-ponte-ilheuspontal-sera-debatida-na-camara-municipal-de-ilheus-amanha\/","title":{"rendered":"Segunda Ponte Ilh\u00e9us\/Pontal ser\u00e1 debatida na C\u00e2mara Municipal de Ilh\u00e9us, amanh\u00e3"},"content":{"rendered":"<h2 class=\"PostHeaderIcon-wrapper\"><\/h2>\n<div class=\"PostContent\">\n<p><a href=\"http:\/\/www.agravo.blog.br\/wp-content\/uploads\/2016\/11\/IMG-20161123-WA0011.jpg\"><img loading=\"lazy\" class=\"aligncenter  wp-image-55664\" src=\"http:\/\/www.agravo.blog.br\/wp-content\/uploads\/2016\/11\/IMG-20161123-WA0011-1024x674.jpg\" alt=\"img-20161123-wa0011\" width=\"489\" height=\"322\" \/><\/a><\/p>\n<p>A audi\u00eancia p\u00fablica sobre a nova ponte Ilh\u00e9us\/Pontal acontece na pr\u00f3xima segunda-feira (12), \u00e0s 14h, no Plen\u00e1rio da C\u00e2mara de Vereadores de Ilh\u00e9us. Ser\u00e1 uma oportunidade da popula\u00e7\u00e3o tirar d\u00favidas sobre o projeto que interligar\u00e1 o centro da cidade \u00e0 zona sul e integra a BA-001, saber como ir\u00e1 melhorar a qualidade de vida da popula\u00e7\u00e3o, como promover\u00e1 mais mobilidade e menos tr\u00e1fego com escoamento adequado, acessibilidade, ciclovias, estacionamentos, e como impactar\u00e1 diretamente nos moradores da cidade, principalmente os que ter\u00e3o suas casas atingidas pela obra \u2013 e que tem se organizado em movimento capitaneado pelo morador Edgard Freitas. T\u00e9cnicos tamb\u00e9m dever\u00e3o apresentar os Estudos de Impacto Ambiental e suas condicionantes.<\/p>\n<\/div>\n<p><!--more--><\/p>\n<div class=\"PostContent\">\n<p>A realiza\u00e7\u00e3o desta audi\u00eancia foi recomendada pelo Minist\u00e9rio P\u00fablico ao Governo do Estado, por meio da Superintend\u00eancia de Infraestrutura do Estado da Bahia (SIT), ap\u00f3s representa\u00e7\u00e3o enviada pelo Instituto Nossa Ilh\u00e9us. Enquanto institui\u00e7\u00e3o da sociedade civil organizada, que atua tamb\u00e9m com monitoramento social, o Instituto enviou representa\u00e7\u00e3o ao MP a fim de contribuir para que os gestores n\u00e3o ajam de forma equivocada, solicitando provid\u00eancias e tornando o processo da obra, que tem levantado muitos questionamentos por parte da popula\u00e7\u00e3o, o mais transparente poss\u00edvel para a popula\u00e7\u00e3o.<\/p>\n<p>Uma reuni\u00e3o p\u00fablica, proposta pelo vereador, Ivo Evangelista, aconteceu no dia 01 deste m\u00eas, quando foi poss\u00edvel que os presentes formulassem perguntas para apresentarem na audi\u00eancia de segunda-feira, quando ser\u00e3o seguidos os tr\u00e2mites referentes a uma audi\u00eancia desta natureza, com pr\u00e9via e ampla divulga\u00e7\u00e3o, presen\u00e7a de t\u00e9cnicos para falarem sobre o projeto, apresenta\u00e7\u00e3o dos estudos de impacto ambiental, inscri\u00e7\u00f5es de perguntas da popula\u00e7\u00e3o para serem respondidas pela mesa, os encaminhamentos registrados em relat\u00f3rio e a apresenta\u00e7\u00e3o das conclus\u00f5es.<\/p>\n<p><strong>*Informa\u00e7\u00f5es do <a href=\"http:\/\/nossailheus.org.br\/\" target=\"_blank\">Instituto Nossa Ilh\u00e9us<\/a><\/strong><\/p>\n<\/div>\n","protected":false},"excerpt":{"rendered":"<p>A audi\u00eancia p\u00fablica sobre a nova ponte Ilh\u00e9us\/Pontal acontece na pr\u00f3xima segunda-feira (12), \u00e0s 14h, no Plen\u00e1rio da C\u00e2mara de Vereadores de Ilh\u00e9us. Ser\u00e1 uma oportunidade da popula\u00e7\u00e3o tirar d\u00favidas sobre o projeto que interligar\u00e1 o centro da cidade \u00e0 zona sul e integra a BA-001, saber como ir\u00e1 melhorar a qualidade de vida da [&hellip;]<\/p>\n","protected":false},"author":2,"featured_media":0,"comment_status":"open","ping_status":"open","sticky":false,"template":"","format":"standard","meta":{"_links_to":"","_links_to_target":""},"categories":[9],"tags":[251,250],"_links":{"self":[{"href":"https:\/\/www.ilheusnoticias.net.br\/v1\/wp-json\/wp\/v2\/posts\/2919"}],"collection":[{"href":"https:\/\/www.ilheusnoticias.net.br\/v1\/wp-json\/wp\/v2\/posts"}],"about":[{"href":"https:\/\/www.ilheusnoticias.net.br\/v1\/wp-json\/wp\/v2\/types\/post"}],"author":[{"embeddable":true,"href":"https:\/\/www.ilheusnoticias.net.br\/v1\/wp-json\/wp\/v2\/users\/2"}],"replies":[{"embeddable":true,"href":"https:\/\/www.ilheusnoticias.net.br\/v1\/wp-json\/wp\/v2\/comments?post=2919"}],"version-history":[{"count":1,"href":"https:\/\/www.ilheusnoticias.net.br\/v1\/wp-json\/wp\/v2\/posts\/2919\/revisions"}],"predecessor-version":[{"id":2920,"href":"https:\/\/www.ilheusnoticias.net.br\/v1\/wp-json\/wp\/v2\/posts\/2919\/revisions\/2920"}],"wp:attachment":[{"href":"https:\/\/www.ilheusnoticias.net.br\/v1\/wp-json\/wp\/v2\/media?parent=2919"}],"wp:term":[{"taxonomy":"category","embeddable":true,"href":"https:\/\/www.ilheusnoticias.net.br\/v1\/wp-json\/wp\/v2\/categories?post=2919"},{"taxonomy":"post_tag","embeddable":true,"href":"https:\/\/www.ilheusnoticias.net.br\/v1\/wp-json\/wp\/v2\/tags?post=2919"}],"curies":[{"name":"wp","href":"https:\/\/api.w.org\/{rel}","templated":true}]}}