{"id":2912,"date":"2016-12-09T11:57:02","date_gmt":"2016-12-09T14:57:02","guid":{"rendered":"http:\/\/www.ilheusnoticias.net.br\/v1\/?p=2912"},"modified":"2016-12-09T11:57:02","modified_gmt":"2016-12-09T14:57:02","slug":"lucas-silva-esta-desaparecido-ele-e-de-ilheus","status":"publish","type":"post","link":"https:\/\/www.ilheusnoticias.net.br\/v1\/2016\/12\/09\/lucas-silva-esta-desaparecido-ele-e-de-ilheus\/","title":{"rendered":"Lucas Silva est\u00e1 desaparecido. Ele \u00e9 de Ilh\u00e9us"},"content":{"rendered":"<h2 class=\"PostHeaderIcon-wrapper\"><\/h2>\n<div class=\"PostContent\">\n<div id=\"attachment_10283\" class=\"wp-caption aligncenter\"><img loading=\"lazy\" class=\"wp-image-10283\" src=\"http:\/\/www.fabiorobertonoticias.com.br\/v1\/wp-content\/uploads\/2016\/12\/15280977_1491506437530550_168843109_n.jpg\" sizes=\"(max-width: 550px) 100vw, 550px\" srcset=\"http:\/\/www.fabiorobertonoticias.com.br\/v1\/wp-content\/uploads\/2016\/12\/15280977_1491506437530550_168843109_n.jpg 800w, http:\/\/www.fabiorobertonoticias.com.br\/v1\/wp-content\/uploads\/2016\/12\/15280977_1491506437530550_168843109_n-150x150.jpg 150w, http:\/\/www.fabiorobertonoticias.com.br\/v1\/wp-content\/uploads\/2016\/12\/15280977_1491506437530550_168843109_n-300x300.jpg 300w, http:\/\/www.fabiorobertonoticias.com.br\/v1\/wp-content\/uploads\/2016\/12\/15280977_1491506437530550_168843109_n-768x768.jpg 768w\" alt=\"15280977_1491506437530550_168843109_n\" width=\"550\" height=\"550\" \/><\/p>\n<p class=\"wp-caption-text\">A fam\u00edlia apela nas redes sociais e na imprensa regional.<\/p>\n<\/div>\n<p>De acordo o jornalista F\u00e1bio Roberto, Lucas Silva Gon\u00e7alves, de 22 anos, morador do Banco do Vit\u00f3ria, em Ilh\u00e9us, est\u00e1 desaparecido desde o \u00faltimo dia 27 de novembro. Lucas \u00e9 de cor negra, cabelos curto, magro e tem uma estrela tatuada no ombro. Os familiares relataram que foram feitas buscas em hospitais, bairros e at\u00e9 vizinhas, por\u00e9m sem sucesso.<\/p>\n<p><!--more--><\/p>\n<p>Segundo informa\u00e7\u00f5es da m\u00e3e, M\u00f4nica Souza da Silva, o filho est\u00e1 trajando um short tactel. A fam\u00edlia est\u00e1 desesperada com o sumi\u00e7o do jovem, que saiu de casa no \u00faltimo domingo, e at\u00e9 agora n\u00e3o retornou.\u00a0Um Boletim de Ocorr\u00eancia foi registrado no Complexo policial de Ilh\u00e9us sobre o fato.<\/p>\n<\/div>\n<p>&nbsp;<\/p>\n","protected":false},"excerpt":{"rendered":"<p>A fam\u00edlia apela nas redes sociais e na imprensa regional. De acordo o jornalista F\u00e1bio Roberto, Lucas Silva Gon\u00e7alves, de 22 anos, morador do Banco do Vit\u00f3ria, em Ilh\u00e9us, est\u00e1 desaparecido desde o \u00faltimo dia 27 de novembro. Lucas \u00e9 de cor negra, cabelos curto, magro e tem uma estrela tatuada no ombro. Os familiares [&hellip;]<\/p>\n","protected":false},"author":2,"featured_media":0,"comment_status":"open","ping_status":"open","sticky":false,"template":"","format":"standard","meta":{"_links_to":"","_links_to_target":""},"categories":[9],"tags":[248],"_links":{"self":[{"href":"https:\/\/www.ilheusnoticias.net.br\/v1\/wp-json\/wp\/v2\/posts\/2912"}],"collection":[{"href":"https:\/\/www.ilheusnoticias.net.br\/v1\/wp-json\/wp\/v2\/posts"}],"about":[{"href":"https:\/\/www.ilheusnoticias.net.br\/v1\/wp-json\/wp\/v2\/types\/post"}],"author":[{"embeddable":true,"href":"https:\/\/www.ilheusnoticias.net.br\/v1\/wp-json\/wp\/v2\/users\/2"}],"replies":[{"embeddable":true,"href":"https:\/\/www.ilheusnoticias.net.br\/v1\/wp-json\/wp\/v2\/comments?post=2912"}],"version-history":[{"count":1,"href":"https:\/\/www.ilheusnoticias.net.br\/v1\/wp-json\/wp\/v2\/posts\/2912\/revisions"}],"predecessor-version":[{"id":2913,"href":"https:\/\/www.ilheusnoticias.net.br\/v1\/wp-json\/wp\/v2\/posts\/2912\/revisions\/2913"}],"wp:attachment":[{"href":"https:\/\/www.ilheusnoticias.net.br\/v1\/wp-json\/wp\/v2\/media?parent=2912"}],"wp:term":[{"taxonomy":"category","embeddable":true,"href":"https:\/\/www.ilheusnoticias.net.br\/v1\/wp-json\/wp\/v2\/categories?post=2912"},{"taxonomy":"post_tag","embeddable":true,"href":"https:\/\/www.ilheusnoticias.net.br\/v1\/wp-json\/wp\/v2\/tags?post=2912"}],"curies":[{"name":"wp","href":"https:\/\/api.w.org\/{rel}","templated":true}]}}