{"id":2910,"date":"2016-12-09T11:53:31","date_gmt":"2016-12-09T14:53:31","guid":{"rendered":"http:\/\/www.ilheusnoticias.net.br\/v1\/?p=2910"},"modified":"2016-12-09T11:53:31","modified_gmt":"2016-12-09T14:53:31","slug":"estudante-do-colegio-impacto-esta-desaparecida","status":"publish","type":"post","link":"https:\/\/www.ilheusnoticias.net.br\/v1\/2016\/12\/09\/estudante-do-colegio-impacto-esta-desaparecida\/","title":{"rendered":"Estudante do Col\u00e9gio Impacto est\u00e1 desaparecida"},"content":{"rendered":"<h2 class=\"PostHeaderIcon-wrapper\"><\/h2>\n<div class=\"PostContent\">\n<div id=\"attachment_10478\" class=\"wp-caption aligncenter\"><img loading=\"lazy\" class=\" wp-image-10478\" src=\"http:\/\/www.fabiorobertonoticias.com.br\/v1\/wp-content\/uploads\/2016\/12\/WhatsApp-Image-2016-12-08-at-22.44.05.jpeg\" sizes=\"(max-width: 290px) 100vw, 290px\" srcset=\"http:\/\/www.fabiorobertonoticias.com.br\/v1\/wp-content\/uploads\/2016\/12\/WhatsApp-Image-2016-12-08-at-22.44.05.jpeg 271w, http:\/\/www.fabiorobertonoticias.com.br\/v1\/wp-content\/uploads\/2016\/12\/WhatsApp-Image-2016-12-08-at-22.44.05-202x300.jpeg 202w\" alt=\"Adolescente saiu de casa e n\u00e3o retornou. \" width=\"290\" height=\"431\" \/><\/p>\n<p class=\"wp-caption-text\">Adolescente saiu de casa e n\u00e3o retornou.<\/p>\n<\/div>\n<p>Est\u00e1 desaparecida desde quinta-feira, 08, a estudante do Col\u00e9gio Impacto, em Ilh\u00e9us, a adolescente identificada por Adriele. Segundo informa\u00e7\u00f5es, a garota sumiu por volta das 07hs da manh\u00e3.<\/p>\n<p>Preocupados, os familiares apelam nas redes sociais e aos ve\u00edculos de comunica\u00e7\u00e3o em busca de not\u00edcias, por\u00e9m o desespero s\u00f3 aumenta em virtude do paradeiro. Foram feitas buscas em hospitais, casas de amigos pr\u00f3ximos e at\u00e9 de parentes, mas, infelizmente, Adriele n\u00e3o foi encontrada.<\/p>\n<p><!--more--><\/p>\n<p>Qualquer informa\u00e7\u00e3o sobre Adriele, entrar em contato com Edileuza no n\u00famero de telefone celular: 73 9 9113 8288.<\/p>\n<p>Mat\u00e9ria F\u00e1bio Roberto<\/p>\n<\/div>\n<p>&nbsp;<\/p>\n","protected":false},"excerpt":{"rendered":"<p>Adolescente saiu de casa e n\u00e3o retornou. Est\u00e1 desaparecida desde quinta-feira, 08, a estudante do Col\u00e9gio Impacto, em Ilh\u00e9us, a adolescente identificada por Adriele. Segundo informa\u00e7\u00f5es, a garota sumiu por volta das 07hs da manh\u00e3. Preocupados, os familiares apelam nas redes sociais e aos ve\u00edculos de comunica\u00e7\u00e3o em busca de not\u00edcias, por\u00e9m o desespero s\u00f3 [&hellip;]<\/p>\n","protected":false},"author":2,"featured_media":0,"comment_status":"open","ping_status":"open","sticky":false,"template":"","format":"standard","meta":{"_links_to":"","_links_to_target":""},"categories":[9],"tags":[247],"_links":{"self":[{"href":"https:\/\/www.ilheusnoticias.net.br\/v1\/wp-json\/wp\/v2\/posts\/2910"}],"collection":[{"href":"https:\/\/www.ilheusnoticias.net.br\/v1\/wp-json\/wp\/v2\/posts"}],"about":[{"href":"https:\/\/www.ilheusnoticias.net.br\/v1\/wp-json\/wp\/v2\/types\/post"}],"author":[{"embeddable":true,"href":"https:\/\/www.ilheusnoticias.net.br\/v1\/wp-json\/wp\/v2\/users\/2"}],"replies":[{"embeddable":true,"href":"https:\/\/www.ilheusnoticias.net.br\/v1\/wp-json\/wp\/v2\/comments?post=2910"}],"version-history":[{"count":1,"href":"https:\/\/www.ilheusnoticias.net.br\/v1\/wp-json\/wp\/v2\/posts\/2910\/revisions"}],"predecessor-version":[{"id":2911,"href":"https:\/\/www.ilheusnoticias.net.br\/v1\/wp-json\/wp\/v2\/posts\/2910\/revisions\/2911"}],"wp:attachment":[{"href":"https:\/\/www.ilheusnoticias.net.br\/v1\/wp-json\/wp\/v2\/media?parent=2910"}],"wp:term":[{"taxonomy":"category","embeddable":true,"href":"https:\/\/www.ilheusnoticias.net.br\/v1\/wp-json\/wp\/v2\/categories?post=2910"},{"taxonomy":"post_tag","embeddable":true,"href":"https:\/\/www.ilheusnoticias.net.br\/v1\/wp-json\/wp\/v2\/tags?post=2910"}],"curies":[{"name":"wp","href":"https:\/\/api.w.org\/{rel}","templated":true}]}}