{"id":2899,"date":"2016-12-09T11:30:52","date_gmt":"2016-12-09T14:30:52","guid":{"rendered":"http:\/\/www.ilheusnoticias.net.br\/v1\/?p=2899"},"modified":"2016-12-09T11:30:52","modified_gmt":"2016-12-09T14:30:52","slug":"ilheense-brena-goncalves-vence-duelo-no-the-voice","status":"publish","type":"post","link":"https:\/\/www.ilheusnoticias.net.br\/v1\/2016\/12\/09\/ilheense-brena-goncalves-vence-duelo-no-the-voice\/","title":{"rendered":"Ilheense Brena Gon\u00e7alves vence duelo no &#8220;The voice&#8221;"},"content":{"rendered":"<h2 class=\"PostHeaderIcon-wrapper\"><\/h2>\n<div class=\"PostContent\">\n<div id=\"attachment_174606\" class=\"wp-caption aligncenter\"><a href=\"http:\/\/www.pimenta.blog.br\/2016\/12\/08\/ilheense-brena-goncalves-vence-novo-duelo-no-the-voice\/img_20161208_225423\/\" rel=\"attachment wp-att-174606\"><img loading=\"lazy\" class=\"size-large wp-image-174606\" src=\"http:\/\/www.pimenta.blog.br\/wp-content\/uploads\/2016\/12\/IMG_20161208_225423-580x314.jpg\" sizes=\"(max-width: 580px) 100vw, 580px\" srcset=\"http:\/\/www.pimenta.blog.br\/wp-content\/uploads\/2016\/12\/IMG_20161208_225423-300x162.jpg 300w, http:\/\/www.pimenta.blog.br\/wp-content\/uploads\/2016\/12\/IMG_20161208_225423-580x314.jpg 580w, http:\/\/www.pimenta.blog.br\/wp-content\/uploads\/2016\/12\/IMG_20161208_225423.jpg 1202w\" alt=\"Brena vence mais uma batalha no &quot;The Voice Brasil&quot;.\" width=\"580\" height=\"314\" \/><\/a><\/p>\n<p class=\"wp-caption-text\">Brena vence mais uma batalha no \u201cThe Voice Brasil\u201d.<\/p>\n<\/div>\n<p>A cantora ilheense Brena Gon\u00e7alves venceu a batalha contra Vit\u00f3ria Carneiro e avan\u00e7ou para a pr\u00f3xima fase do <em>The Voice Brasil<\/em> (Rede Globo), h\u00e1 pouco. Brena cantou <em>Esot\u00e9rico<\/em>, de Gilberto Gil, e obteve 59% dos votos, contra 41% da goiana Vit\u00f3ria Carneiro, que interpretou <em>As can\u00e7\u00f5es que voc\u00ea fez pra mim<\/em>, da dupla Erasmo e Roberto Carlos.<\/p>\n<p>Brena foi bastante elogiada pela cantora e jurada Cl\u00e1udia Leite pelo capela no final da can\u00e7\u00e3o. Cl\u00e1udia tamb\u00e9m comentou a forma apaixonada e honesta e a \u201ct\u00e9cnica para cantar, sem muito mist\u00e9rio\u201d. Brena Gon\u00e7alves comp\u00f5e o time de Michel Tel\u00f3. A eliminada fazia parte do time Lulu Santos.<\/p>\n<\/div>\n","protected":false},"excerpt":{"rendered":"<p>Brena vence mais uma batalha no \u201cThe Voice Brasil\u201d. A cantora ilheense Brena Gon\u00e7alves venceu a batalha contra Vit\u00f3ria Carneiro e avan\u00e7ou para a pr\u00f3xima fase do The Voice Brasil (Rede Globo), h\u00e1 pouco. Brena cantou Esot\u00e9rico, de Gilberto Gil, e obteve 59% dos votos, contra 41% da goiana Vit\u00f3ria Carneiro, que interpretou As can\u00e7\u00f5es [&hellip;]<\/p>\n","protected":false},"author":2,"featured_media":0,"comment_status":"open","ping_status":"open","sticky":false,"template":"","format":"standard","meta":{"_links_to":"","_links_to_target":""},"categories":[9],"tags":[],"_links":{"self":[{"href":"https:\/\/www.ilheusnoticias.net.br\/v1\/wp-json\/wp\/v2\/posts\/2899"}],"collection":[{"href":"https:\/\/www.ilheusnoticias.net.br\/v1\/wp-json\/wp\/v2\/posts"}],"about":[{"href":"https:\/\/www.ilheusnoticias.net.br\/v1\/wp-json\/wp\/v2\/types\/post"}],"author":[{"embeddable":true,"href":"https:\/\/www.ilheusnoticias.net.br\/v1\/wp-json\/wp\/v2\/users\/2"}],"replies":[{"embeddable":true,"href":"https:\/\/www.ilheusnoticias.net.br\/v1\/wp-json\/wp\/v2\/comments?post=2899"}],"version-history":[{"count":1,"href":"https:\/\/www.ilheusnoticias.net.br\/v1\/wp-json\/wp\/v2\/posts\/2899\/revisions"}],"predecessor-version":[{"id":2900,"href":"https:\/\/www.ilheusnoticias.net.br\/v1\/wp-json\/wp\/v2\/posts\/2899\/revisions\/2900"}],"wp:attachment":[{"href":"https:\/\/www.ilheusnoticias.net.br\/v1\/wp-json\/wp\/v2\/media?parent=2899"}],"wp:term":[{"taxonomy":"category","embeddable":true,"href":"https:\/\/www.ilheusnoticias.net.br\/v1\/wp-json\/wp\/v2\/categories?post=2899"},{"taxonomy":"post_tag","embeddable":true,"href":"https:\/\/www.ilheusnoticias.net.br\/v1\/wp-json\/wp\/v2\/tags?post=2899"}],"curies":[{"name":"wp","href":"https:\/\/api.w.org\/{rel}","templated":true}]}}