{"id":2872,"date":"2016-12-07T14:24:30","date_gmt":"2016-12-07T17:24:30","guid":{"rendered":"http:\/\/www.ilheusnoticias.net.br\/v1\/?p=2872"},"modified":"2016-12-07T14:24:30","modified_gmt":"2016-12-07T17:24:30","slug":"senado-cancela-sessao-no-mesmo-horario-do-julgamento-no-stf","status":"publish","type":"post","link":"https:\/\/www.ilheusnoticias.net.br\/v1\/2016\/12\/07\/senado-cancela-sessao-no-mesmo-horario-do-julgamento-no-stf\/","title":{"rendered":"Senado cancela sess\u00e3o no mesmo hor\u00e1rio do julgamento no STF"},"content":{"rendered":"<div id=\"content-header\">\n<h1 class=\"title\">\u00a0\u00a0<img loading=\"lazy\" class=\"Image img__fid__91452 img__view_mode__default attr__format__default\" title=\"\" src=\"http:\/\/agenciabrasil.ebc.com.br\/sites\/_agenciabrasil2013\/files\/styles\/interna_pequena\/public\/fotos\/1057566-ebc_06.12.2016-3358.jpg?itok=ILnybGXN\" alt=\"Bras\u00edlia - Renan Calheiros chega ao Senado para reuni\u00e3o com a mesa diretora (Marcelo Camargo\/Ag\u00eancia Brasil)\" width=\"277\" height=\"160\" \/><\/h1>\n<\/div>\n<div id=\"content-area\">\n<div class=\"region region-content\">\n<div id=\"block-system-main\" class=\"block block-system block-odd clearfix\">\n<div class=\"content\">\n<article id=\"node-1057749\" class=\"node node-noticia node-odd\">\n<div class=\"content\">\n<figure class=\"default\"><figcaption>STF julga agora se Renan Calheiros deve ser afastado da presid\u00eancia do Senado por ter se tornado r\u00e9u em a\u00e7\u00e3o penal <span class=\"author\">Marcelo Camargo\/Ag\u00eancia Brasil<\/span><\/p>\n<\/figcaption><\/figure>\n<p>A sess\u00e3o deliberativa no plen\u00e1rio do Senado que estava marcada para as 14h de hoje (7), mesmo hor\u00e1rio do in\u00edcio da s<a href=\"http:\/\/agenciabrasil.ebc.com.br\/politica\/noticia\/2016-12\/supremo-inicia-sessao-para-decidir-se-renan-calheiros-permanece-no-cargo\">ess\u00e3o do Supremo Tribunal Federal que decide se Renan Calheiros (PMDB-AL) ser\u00e1 afastado da presid\u00eancia do Senado<\/a>, foi cancelada pelo primeiro vice-presidente do Senado, Jorge Viana (PT-AC). Uma sess\u00e3o extraordin\u00e1ria deliberativa foi marcada para o final da tarde.<\/p>\n<p>Ao dar o aviso no plen\u00e1rio do Senado, Viana disse que o Senado vive uma \u201csitua\u00e7\u00e3o grave\u201d do ponto de vista institucional. \u201cTemos uma situa\u00e7\u00e3o grave do ponto de vista institucional. Isso \u00e9 um fato. O Senado est\u00e1 funcionando normalmente, as comiss\u00f5es est\u00e3o funcionando, temos a sess\u00e3o do Supremo que trata de assunto de interesse da Casa e estou fazendo um comunicado que suspendemos a sess\u00e3o ordin\u00e1ria que ter\u00edamos a partir das 14h\u201d, disse Viana. A sess\u00e3o ordin\u00e1ria que deveria ter ocorrido na tarde de ontem (6)<a href=\"http:\/\/agenciabrasil.ebc.com.br\/politica\/noticia\/2016-12\/senado-cancela-sessao-desta-terca-feira-apos-impasse-sobre-afastamento-de\"> tamb\u00e9m foi cancelada por Viana<\/a>.<\/p>\n<p><!--more--><\/p>\n<p>Jorge Viana \u00e9 quem assume a presid\u00eancia do Senado caso o pleno do Supremo decida pelo afastamento de Renan Calheiros (PMDB-AL) da fun\u00e7\u00e3o. Em entrevista a jornalistas, ele negou informa\u00e7\u00f5es divulgadas na imprensa de que renunciaria caso tenha que assumir o cargo. \u201cNunca pensei nisso. N\u00e3o tenho como falar de algo que nem pensei\u201d, respondeu, ao ser questionado sobre o tema.<\/p>\n<\/div>\n<\/article>\n<\/div>\n<\/div>\n<\/div>\n<\/div>\n<p>&nbsp;<\/p>\n","protected":false},"excerpt":{"rendered":"<p>\u00a0\u00a0 STF julga agora se Renan Calheiros deve ser afastado da presid\u00eancia do Senado por ter se tornado r\u00e9u em a\u00e7\u00e3o penal Marcelo Camargo\/Ag\u00eancia Brasil A sess\u00e3o deliberativa no plen\u00e1rio do Senado que estava marcada para as 14h de hoje (7), mesmo hor\u00e1rio do in\u00edcio da sess\u00e3o do Supremo Tribunal Federal que decide se Renan [&hellip;]<\/p>\n","protected":false},"author":2,"featured_media":0,"comment_status":"open","ping_status":"open","sticky":false,"template":"","format":"standard","meta":{"_links_to":"","_links_to_target":""},"categories":[1],"tags":[235],"_links":{"self":[{"href":"https:\/\/www.ilheusnoticias.net.br\/v1\/wp-json\/wp\/v2\/posts\/2872"}],"collection":[{"href":"https:\/\/www.ilheusnoticias.net.br\/v1\/wp-json\/wp\/v2\/posts"}],"about":[{"href":"https:\/\/www.ilheusnoticias.net.br\/v1\/wp-json\/wp\/v2\/types\/post"}],"author":[{"embeddable":true,"href":"https:\/\/www.ilheusnoticias.net.br\/v1\/wp-json\/wp\/v2\/users\/2"}],"replies":[{"embeddable":true,"href":"https:\/\/www.ilheusnoticias.net.br\/v1\/wp-json\/wp\/v2\/comments?post=2872"}],"version-history":[{"count":1,"href":"https:\/\/www.ilheusnoticias.net.br\/v1\/wp-json\/wp\/v2\/posts\/2872\/revisions"}],"predecessor-version":[{"id":2873,"href":"https:\/\/www.ilheusnoticias.net.br\/v1\/wp-json\/wp\/v2\/posts\/2872\/revisions\/2873"}],"wp:attachment":[{"href":"https:\/\/www.ilheusnoticias.net.br\/v1\/wp-json\/wp\/v2\/media?parent=2872"}],"wp:term":[{"taxonomy":"category","embeddable":true,"href":"https:\/\/www.ilheusnoticias.net.br\/v1\/wp-json\/wp\/v2\/categories?post=2872"},{"taxonomy":"post_tag","embeddable":true,"href":"https:\/\/www.ilheusnoticias.net.br\/v1\/wp-json\/wp\/v2\/tags?post=2872"}],"curies":[{"name":"wp","href":"https:\/\/api.w.org\/{rel}","templated":true}]}}