{"id":2839,"date":"2016-12-05T16:26:17","date_gmt":"2016-12-05T19:26:17","guid":{"rendered":"http:\/\/www.ilheusnoticias.net.br\/v1\/?p=2839"},"modified":"2016-12-05T16:29:20","modified_gmt":"2016-12-05T19:29:20","slug":"chapecoense-e-declarada-campeao-sul-americana","status":"publish","type":"post","link":"https:\/\/www.ilheusnoticias.net.br\/v1\/2016\/12\/05\/chapecoense-e-declarada-campeao-sul-americana\/","title":{"rendered":"Chapecoense \u00e9 declarada campe\u00e3o sul-americana"},"content":{"rendered":"<h2 class=\"PostHeaderIcon-wrapper\"><a href=\"http:\/\/www.ilheusnoticias.net.br\/v1\/wp-content\/uploads\/2016\/12\/CHAPECOENSE-_foto_marcio_cunha_agencia_lusa.jpg\" rel=\"attachment wp-att-2842\"><img loading=\"lazy\" class=\"aligncenter size-medium wp-image-2842\" src=\"http:\/\/www.ilheusnoticias.net.br\/v1\/wp-content\/uploads\/2016\/12\/CHAPECOENSE-_foto_marcio_cunha_agencia_lusa-300x201.jpg\" alt=\"chapecoense-_foto_marcio_cunha_agencia_lusa\" width=\"300\" height=\"201\" srcset=\"https:\/\/www.ilheusnoticias.net.br\/v1\/wp-content\/uploads\/2016\/12\/CHAPECOENSE-_foto_marcio_cunha_agencia_lusa-300x201.jpg 300w, https:\/\/www.ilheusnoticias.net.br\/v1\/wp-content\/uploads\/2016\/12\/CHAPECOENSE-_foto_marcio_cunha_agencia_lusa.jpg 580w\" sizes=\"(max-width: 300px) 100vw, 300px\" \/><\/a><\/h2>\n<div class=\"PostContent\">\n<div id=\"attachment_174462\" class=\"wp-caption aligncenter\">\n<p>&nbsp;<\/p>\n<p class=\"wp-caption-text\">Chapecoense \u00e9 declarada campe\u00e3 da Copa Sul-Americana (Foto Marcio Cunha\/Ag\u00eancia Lusa).<\/p>\n<\/div>\n<p>A Confedera\u00e7\u00e3o Sul-Americana de Futebol (Conmebol) declarou, no in\u00edcio da tarde de hoje (5), a Associa\u00e7\u00e3o Chapecoense de Futebol campe\u00e3 da Copa Sul-Americana de Futebol de 2016. O time catarinense ter\u00e1 direito a pr\u00eamio de US$ 2 milh\u00f5es pelo t\u00edtulo e a uma vaga para disputar a Copa Libertadores da Am\u00e9rica de 2017.<\/p>\n<\/div>\n<p><!--more--><\/p>\n<div class=\"PostContent\">\n<p>O Club Atl\u00e9tico Nacional, que faria a final com a Chapecoense e solicitou \u00e0 Conmebol que o time catarinense fosse reconhecido como campe\u00e3o, receber\u00e1 o Pr\u00eamio Centen\u00e1rio Conmebol Fair Play.<\/p>\n<p>\u201cA atitude de promover o futebol na Am\u00e9rica do Sul, num esp\u00edrito de paz, compreens\u00e3o e justi\u00e7a, ao considerar que os valores desportivos sempre prevalecem sobre os interesses comerciais, o Conselho [da Conmebol] decidiu dar ao Atletico Nacional Club o Centenario Conmebol Fair Play, que consiste na soma de US$ 1 milh\u00e3o como pr\u00eamio\u201d, diz nota divulgada pela entidade.<\/p>\n<\/div>\n","protected":false},"excerpt":{"rendered":"<p>&nbsp; Chapecoense \u00e9 declarada campe\u00e3 da Copa Sul-Americana (Foto Marcio Cunha\/Ag\u00eancia Lusa). A Confedera\u00e7\u00e3o Sul-Americana de Futebol (Conmebol) declarou, no in\u00edcio da tarde de hoje (5), a Associa\u00e7\u00e3o Chapecoense de Futebol campe\u00e3 da Copa Sul-Americana de Futebol de 2016. O time catarinense ter\u00e1 direito a pr\u00eamio de US$ 2 milh\u00f5es pelo t\u00edtulo e a uma [&hellip;]<\/p>\n","protected":false},"author":2,"featured_media":0,"comment_status":"open","ping_status":"open","sticky":false,"template":"","format":"standard","meta":{"_links_to":"","_links_to_target":""},"categories":[6],"tags":[],"_links":{"self":[{"href":"https:\/\/www.ilheusnoticias.net.br\/v1\/wp-json\/wp\/v2\/posts\/2839"}],"collection":[{"href":"https:\/\/www.ilheusnoticias.net.br\/v1\/wp-json\/wp\/v2\/posts"}],"about":[{"href":"https:\/\/www.ilheusnoticias.net.br\/v1\/wp-json\/wp\/v2\/types\/post"}],"author":[{"embeddable":true,"href":"https:\/\/www.ilheusnoticias.net.br\/v1\/wp-json\/wp\/v2\/users\/2"}],"replies":[{"embeddable":true,"href":"https:\/\/www.ilheusnoticias.net.br\/v1\/wp-json\/wp\/v2\/comments?post=2839"}],"version-history":[{"count":3,"href":"https:\/\/www.ilheusnoticias.net.br\/v1\/wp-json\/wp\/v2\/posts\/2839\/revisions"}],"predecessor-version":[{"id":2843,"href":"https:\/\/www.ilheusnoticias.net.br\/v1\/wp-json\/wp\/v2\/posts\/2839\/revisions\/2843"}],"wp:attachment":[{"href":"https:\/\/www.ilheusnoticias.net.br\/v1\/wp-json\/wp\/v2\/media?parent=2839"}],"wp:term":[{"taxonomy":"category","embeddable":true,"href":"https:\/\/www.ilheusnoticias.net.br\/v1\/wp-json\/wp\/v2\/categories?post=2839"},{"taxonomy":"post_tag","embeddable":true,"href":"https:\/\/www.ilheusnoticias.net.br\/v1\/wp-json\/wp\/v2\/tags?post=2839"}],"curies":[{"name":"wp","href":"https:\/\/api.w.org\/{rel}","templated":true}]}}