{"id":28128,"date":"2021-09-30T17:08:06","date_gmt":"2021-09-30T20:08:06","guid":{"rendered":"http:\/\/www.ilheusnoticias.net.br\/v1\/?p=28128"},"modified":"2021-09-30T17:12:21","modified_gmt":"2021-09-30T20:12:21","slug":"baiano-que-morreu-em-portugal-e-enterrado-em-llheus-e-a-familia-fez-vaquinha-para-trazer-corpo-para-o-brasil","status":"publish","type":"post","link":"https:\/\/www.ilheusnoticias.net.br\/v1\/2021\/09\/30\/baiano-que-morreu-em-portugal-e-enterrado-em-llheus-e-a-familia-fez-vaquinha-para-trazer-corpo-para-o-brasil\/","title":{"rendered":"Baiano que morreu em Portugal \u00e9 enterrado em llh\u00e9us e a fam\u00edlia fez vaquinha para trazer corpo para o Brasil"},"content":{"rendered":"<div id=\"glb-topo\" class=\"glb-topo\" data-header=\"new\">\n<header id=\"header-produto\" class=\"header-navegacao header- header-editoria header-ready\" data-analytics=\"T\">\n<div class=\"gui-color-primary-bg header-principal header-navegacao-color\">\n<div class=\"grid-12 header-navegacao-container row\">\n<div class=\"area-principal column\">\n<div class=\"search-area header-navegacao-color\">\n<div id=\"busca-padrao\">\n<form id=\"frmBusca\" accept-charset=\"utf-8\" action=\"https:\/\/g1.globo.com\/busca\/\" method=\"get\" name=\"busca-padrao\">\n<fieldset><img class=\"content-video__placeholder__thumb\" title=\"Corpo do jovem que morreu em Portugal \u00e9 velado em Ilh\u00e9us; confira\" src=\"https:\/\/s03.video.glbimg.com\/x240\/9906990.jpg\" alt=\"Corpo do jovem que morreu em Portugal \u00e9 velado em Ilh\u00e9us; confira\" \/><\/fieldset>\n<\/form>\n<\/div>\n<\/div>\n<\/div>\n<\/div>\n<\/div>\n<\/header>\n<\/div>\n<div class=\"mc-article-body\">\n<article>\n<div class=\"bs-video-block mc-column content-media content-video\" data-block-type=\"backstage-video\" data-block-id=\"0\">\n<div class=\"content-media__container\">\n<div class=\"content-video__bigger-player-description-fixer\">\n<article class=\"content-video\">\n<section class=\"content-video__video-container\">\n<div class=\"content-video__video\">\n<div id=\"wp3-player-1\" class=\"clappr-player\" tabindex=\"9999\" data-player=\"\">\n<div class=\"dfp-ad-overlay dfp-ad-overlay--poster-mode\"><\/div>\n<div class=\"container-overlay\"><\/div>\n<div class=\"drawer-header drawer-header--hidden\">Mois\u00e9s Vieira Dias, de 27 anos, que morreu em um acidente de moto na cidade de Coimbra, em Portugal, foi enterrado na tarde desta quinta-feira (30) em Ilh\u00e9us, no sul da Bahia. A fam\u00edlia fez uma\u00a0<a href=\"https:\/\/g1.globo.com\/ba\/bahia\/noticia\/2021\/09\/24\/apos-campanha-familia-de-baiano-morto-em-acidente-em-portugal-consegue-arrecadar-dinheiro-para-trazer-corpo-ao-brasil.ghtml\">campanha virtual para conseguir trazer e enterrar o corpo no Brasil<\/a>.<\/div>\n<\/div>\n<\/div>\n<\/section>\n<\/article>\n<\/div>\n<\/div>\n<\/div>\n<div class=\"wall protected-content\">\n<div class=\"mc-column content-text active-extra-styles \" data-block-type=\"unstyled\" data-block-weight=\"50\" data-block-id=\"3\">\n<p class=\"content-text__container \" data-track-category=\"Link no Texto\" data-track-links=\"\">O corpo de Mois\u00e9s chegou em Ilh\u00e9us no come\u00e7o da manh\u00e3. Familiares e amigos estiveram presentes para prestar as \u00faltimas homenagens ao jovem. Todos estava muito abalados com a perda, por\u00e9m, gratos aos que colaboraram com a &#8216;vaquinha&#8217; e possibilitaram a despedida. A cerim\u00f4nica foi realizada no cemit\u00e9rio Reviver.<\/p>\n<\/div>\n<div class=\"mc-column content-text active-extra-styles\" data-block-type=\"raw\" data-block-weight=\"3\" data-block-id=\"4\">\n<div class=\"content-intertitle\">\n<h2>Relembre o caso<\/h2>\n<\/div>\n<\/div>\n<div class=\"row medium-uncollapsed content-media content-photo\" data-block-type=\"backstage-photo\" data-block-id=\"5\">\n<div class=\"mc-column content-media__container\">\n<div class=\"content-media-container glb-skeleton-box\">\n<figure class=\"content-media-figure\"><img class=\"i-amphtml-fill-content i-amphtml-replaced-content\" src=\"https:\/\/s2.glbimg.com\/qOVYL633X5ZasrC80BE9tw8HRNw=\/0x0:552x324\/984x0\/smart\/filters:strip_icc()\/i.s3.glbimg.com\/v1\/AUTH_59edd422c0c84a879bd37670ae4f538a\/internal_photos\/bs\/2021\/z\/V\/TtfJOUQXuPP1jAAI4rmA\/whatsapp-image-2021-09-21-at-10.11.44.jpeg\" sizes=\"(max-width: 1366px) 648px, 100vw\" srcset=\"https:\/\/s2.glbimg.com\/mv7obVyk84UOvSkaVdH13tZEp7o=\/0x0:552x324\/1000x0\/smart\/filters:strip_icc()\/i.s3.glbimg.com\/v1\/AUTH_59edd422c0c84a879bd37670ae4f538a\/internal_photos\/bs\/2021\/z\/V\/TtfJOUQXuPP1jAAI4rmA\/whatsapp-image-2021-09-21-at-10.11.44.jpeg 1000w, https:\/\/s2.glbimg.com\/qOVYL633X5ZasrC80BE9tw8HRNw=\/0x0:552x324\/984x0\/smart\/filters:strip_icc()\/i.s3.glbimg.com\/v1\/AUTH_59edd422c0c84a879bd37670ae4f538a\/internal_photos\/bs\/2021\/z\/V\/TtfJOUQXuPP1jAAI4rmA\/whatsapp-image-2021-09-21-at-10.11.44.jpeg 984w, https:\/\/s2.glbimg.com\/LBQxekiP-DGX5aZrB0cdwTfwcoU=\/0x0:552x324\/640x0\/smart\/filters:strip_icc()\/i.s3.glbimg.com\/v1\/AUTH_59edd422c0c84a879bd37670ae4f538a\/internal_photos\/bs\/2021\/z\/V\/TtfJOUQXuPP1jAAI4rmA\/whatsapp-image-2021-09-21-at-10.11.44.jpeg 640w, https:\/\/s2.glbimg.com\/PwV0iXh2Ejh_p7VEXSRAZIBYOuA=\/0x0:552x324\/600x0\/smart\/filters:strip_icc()\/i.s3.glbimg.com\/v1\/AUTH_59edd422c0c84a879bd37670ae4f538a\/internal_photos\/bs\/2021\/z\/V\/TtfJOUQXuPP1jAAI4rmA\/whatsapp-image-2021-09-21-at-10.11.44.jpeg 600w\" alt=\"Mois\u00e9s Vieira Dias, de 27 anos \u2014 Foto: Reprodu\u00e7\u00e3o\/Redes Sociais\" \/><\/figure>\n<\/div>\n<p class=\"content-media__description \">Mois\u00e9s Vieira Dias, de 27 anos \u2014 Foto: Reprodu\u00e7\u00e3o\/Redes Sociais<\/p>\n<\/div>\n<\/div>\n<div class=\"content-ads content-ads--reveal\" data-block-type=\"ads\" data-block-id=\"6\"><\/div>\n<div class=\"mc-column content-text active-extra-styles \" data-block-type=\"unstyled\" data-block-weight=\"46\" data-block-id=\"7\">\n<p class=\"content-text__container \" data-track-category=\"Link no Texto\" data-track-links=\"\">Mois\u00e9s sofreu o acidente no dia 19 de setembro, enquanto estava com um amigo, tamb\u00e9m brasileiro, em uma moto. O ve\u00edculo derrapou e os dois ficaram gravemente feridos. O amigo do jovem, identificado apenas como Ricardo, de 36 anos, n\u00e3o resistiu e morreu ainda no local.<\/p>\n<\/div>\n<div class=\"mc-column content-text active-extra-styles \" data-block-type=\"unstyled\" data-block-weight=\"29\" data-block-id=\"8\">\n<p class=\"content-text__container \" data-track-category=\"Link no Texto\" data-track-links=\"\">J\u00e1 Mois\u00e9s chegou a ser socorrido para o Hospital Universit\u00e1rio de Coimbra, onde teve uma parada cardiorrespirat\u00f3ria. Ele chegou a ser reanimado, passou por duas cirurgias, mas n\u00e3o sobreviveu.<\/p>\n<\/div>\n<div class=\"mc-column content-text active-extra-styles \" data-block-type=\"unstyled\" data-block-weight=\"15\" data-block-id=\"9\">\n<p class=\"content-text__container \" data-track-category=\"Link no Texto\" data-track-links=\"\">Recentemente, Mois\u00e9s esteve em Ilh\u00e9us e retornou para Coimbra uma semana antes do acidente acontecer.<\/p>\n<\/div>\n<\/div>\n<\/article>\n<\/div>\n","protected":false},"excerpt":{"rendered":"<p>Mois\u00e9s Vieira Dias, de 27 anos, que morreu em um acidente de moto na cidade de Coimbra, em Portugal, foi enterrado na tarde desta quinta-feira (30) em Ilh\u00e9us, no sul da Bahia. A fam\u00edlia fez uma\u00a0campanha virtual para conseguir trazer e enterrar o corpo no Brasil. O corpo de Mois\u00e9s chegou em Ilh\u00e9us no come\u00e7o [&hellip;]<\/p>\n","protected":false},"author":2,"featured_media":0,"comment_status":"open","ping_status":"open","sticky":false,"template":"","format":"standard","meta":{"_links_to":"","_links_to_target":""},"categories":[7,9,8,1],"tags":[],"_links":{"self":[{"href":"https:\/\/www.ilheusnoticias.net.br\/v1\/wp-json\/wp\/v2\/posts\/28128"}],"collection":[{"href":"https:\/\/www.ilheusnoticias.net.br\/v1\/wp-json\/wp\/v2\/posts"}],"about":[{"href":"https:\/\/www.ilheusnoticias.net.br\/v1\/wp-json\/wp\/v2\/types\/post"}],"author":[{"embeddable":true,"href":"https:\/\/www.ilheusnoticias.net.br\/v1\/wp-json\/wp\/v2\/users\/2"}],"replies":[{"embeddable":true,"href":"https:\/\/www.ilheusnoticias.net.br\/v1\/wp-json\/wp\/v2\/comments?post=28128"}],"version-history":[{"count":2,"href":"https:\/\/www.ilheusnoticias.net.br\/v1\/wp-json\/wp\/v2\/posts\/28128\/revisions"}],"predecessor-version":[{"id":28131,"href":"https:\/\/www.ilheusnoticias.net.br\/v1\/wp-json\/wp\/v2\/posts\/28128\/revisions\/28131"}],"wp:attachment":[{"href":"https:\/\/www.ilheusnoticias.net.br\/v1\/wp-json\/wp\/v2\/media?parent=28128"}],"wp:term":[{"taxonomy":"category","embeddable":true,"href":"https:\/\/www.ilheusnoticias.net.br\/v1\/wp-json\/wp\/v2\/categories?post=28128"},{"taxonomy":"post_tag","embeddable":true,"href":"https:\/\/www.ilheusnoticias.net.br\/v1\/wp-json\/wp\/v2\/tags?post=28128"}],"curies":[{"name":"wp","href":"https:\/\/api.w.org\/{rel}","templated":true}]}}