{"id":28126,"date":"2021-09-30T17:04:06","date_gmt":"2021-09-30T20:04:06","guid":{"rendered":"http:\/\/www.ilheusnoticias.net.br\/v1\/?p=28126"},"modified":"2021-09-30T17:04:06","modified_gmt":"2021-09-30T20:04:06","slug":"lamentavel-policial-militar-da-reserva-comete-suicidio-na-propria-residencia-em-ilheus","status":"publish","type":"post","link":"https:\/\/www.ilheusnoticias.net.br\/v1\/2021\/09\/30\/lamentavel-policial-militar-da-reserva-comete-suicidio-na-propria-residencia-em-ilheus\/","title":{"rendered":"Lament\u00e1vel! Policial Militar da reserva comete suic\u00eddio na pr\u00f3pria resid\u00eancia, em Ilh\u00e9us"},"content":{"rendered":"<div class=\"Post\"><\/div>\n<div class=\"Post\">\n<div class=\"Post-body\">\n<div class=\"Post-inner article\">\n<div class=\"PostContent\">\n<div id=\"attachment_68190\" class=\"wp-caption aligncenter\"><img loading=\"lazy\" class=\"size-full wp-image-68190\" src=\"http:\/\/www.fabiorobertonoticias.com.br\/v1\/wp-content\/uploads\/2021\/09\/IMG-20210930-WA0105.jpg\" sizes=\"(max-width: 200px) 100vw, 200px\" srcset=\"http:\/\/www.fabiorobertonoticias.com.br\/v1\/wp-content\/uploads\/2021\/09\/IMG-20210930-WA0105.jpg 200w, http:\/\/www.fabiorobertonoticias.com.br\/v1\/wp-content\/uploads\/2021\/09\/IMG-20210930-WA0105-188x300.jpg 188w\" alt=\"Zinho, muito conhecido em Ilh\u00e9us.\" width=\"200\" height=\"320\" \/><\/p>\n<p class=\"wp-caption-text\">Zinho, muito conhecido em Ilh\u00e9us.<\/p>\n<\/div>\n<p><strong>Um Policial Militar da reserva tirou a pr\u00f3pria vida em sua resid\u00eancia na Rua da Linha, no Bairro da Barra, zona norte de Ilh\u00e9us.\u00a0<\/strong><\/p>\n<p><strong>De acordo com as informa\u00e7\u00f5es obtidas pela reportagem do Site F\u00e1bio Roberto Not\u00edcias, o PM apenas identificado por Zinho, foi encontrado pelos de colegas de farda com uma corda no pesco\u00e7o e sem vida, na manh\u00e3 desta quinta-feira (30).<\/strong><\/p>\n<p><strong>O departamento de pol\u00edcia t\u00e9cnica de Ilh\u00e9us foi informado para o deslocamento at\u00e9 o local, a fim de proceder o levantamento cadav\u00e9rico.\u00a0<\/strong><\/p>\n<p><strong>O clima \u00e9 de muita tristeza entre a fam\u00edlia militar de Ilh\u00e9us.<\/strong><\/p>\n<\/div>\n<\/div>\n<\/div>\n<\/div>\n","protected":false},"excerpt":{"rendered":"<p>Zinho, muito conhecido em Ilh\u00e9us. Um Policial Militar da reserva tirou a pr\u00f3pria vida em sua resid\u00eancia na Rua da Linha, no Bairro da Barra, zona norte de Ilh\u00e9us.\u00a0 De acordo com as informa\u00e7\u00f5es obtidas pela reportagem do Site F\u00e1bio Roberto Not\u00edcias, o PM apenas identificado por Zinho, foi encontrado pelos de colegas de farda [&hellip;]<\/p>\n","protected":false},"author":2,"featured_media":0,"comment_status":"open","ping_status":"open","sticky":false,"template":"","format":"standard","meta":{"_links_to":"","_links_to_target":""},"categories":[7,9,8,1],"tags":[],"_links":{"self":[{"href":"https:\/\/www.ilheusnoticias.net.br\/v1\/wp-json\/wp\/v2\/posts\/28126"}],"collection":[{"href":"https:\/\/www.ilheusnoticias.net.br\/v1\/wp-json\/wp\/v2\/posts"}],"about":[{"href":"https:\/\/www.ilheusnoticias.net.br\/v1\/wp-json\/wp\/v2\/types\/post"}],"author":[{"embeddable":true,"href":"https:\/\/www.ilheusnoticias.net.br\/v1\/wp-json\/wp\/v2\/users\/2"}],"replies":[{"embeddable":true,"href":"https:\/\/www.ilheusnoticias.net.br\/v1\/wp-json\/wp\/v2\/comments?post=28126"}],"version-history":[{"count":1,"href":"https:\/\/www.ilheusnoticias.net.br\/v1\/wp-json\/wp\/v2\/posts\/28126\/revisions"}],"predecessor-version":[{"id":28127,"href":"https:\/\/www.ilheusnoticias.net.br\/v1\/wp-json\/wp\/v2\/posts\/28126\/revisions\/28127"}],"wp:attachment":[{"href":"https:\/\/www.ilheusnoticias.net.br\/v1\/wp-json\/wp\/v2\/media?parent=28126"}],"wp:term":[{"taxonomy":"category","embeddable":true,"href":"https:\/\/www.ilheusnoticias.net.br\/v1\/wp-json\/wp\/v2\/categories?post=28126"},{"taxonomy":"post_tag","embeddable":true,"href":"https:\/\/www.ilheusnoticias.net.br\/v1\/wp-json\/wp\/v2\/tags?post=28126"}],"curies":[{"name":"wp","href":"https:\/\/api.w.org\/{rel}","templated":true}]}}