{"id":28122,"date":"2021-09-30T17:00:22","date_gmt":"2021-09-30T20:00:22","guid":{"rendered":"http:\/\/www.ilheusnoticias.net.br\/v1\/?p=28122"},"modified":"2021-09-30T17:00:22","modified_gmt":"2021-09-30T20:00:22","slug":"governo-do-estado-amplia-vigencia-e-concessao-do-programa-bolsa-presenca","status":"publish","type":"post","link":"https:\/\/www.ilheusnoticias.net.br\/v1\/2021\/09\/30\/governo-do-estado-amplia-vigencia-e-concessao-do-programa-bolsa-presenca\/","title":{"rendered":"Governo do Estado amplia vig\u00eancia e concess\u00e3o do Programa Bolsa Presen\u00e7a"},"content":{"rendered":"<h2 class=\"PostHeaderIcon-wrapper\"><\/h2>\n<div class=\"PostMetadataHeader\"><\/div>\n<div class=\"PostContent\">\n<p><a href=\"http:\/\/www.blogdothame.blog.br\/v1\/wp-content\/uploads\/2021\/09\/Bpres.jpg\"><img loading=\"lazy\" class=\"alignleft size-medium wp-image-124753\" src=\"http:\/\/www.blogdothame.blog.br\/v1\/wp-content\/uploads\/2021\/09\/Bpres-300x225.jpg\" alt=\"Bpres\" width=\"300\" height=\"225\" \/><\/a>O Governo do Estado ampliou a vig\u00eancia e a concess\u00e3o do Programa Bolsa Presen\u00e7a, com a implanta\u00e7\u00e3o da segunda etapa, conforme portaria n\u00ba 1522\/2021 (https:\/\/bit.ly\/2XZdSlO) publicada pela Secretaria da Educa\u00e7\u00e3o do Estado (SEC) , nesta quinta-feira (30), no Di\u00e1rio Oficial. A portaria estabelece que a segunda edi\u00e7\u00e3o do Programa Bolsa Presen\u00e7a ter\u00e1 a dura\u00e7\u00e3o de tr\u00eas meses, com in\u00edcio em outubro e t\u00e9rmino em dezembro de 2021. O Bolsa Presen\u00e7a faz parte do Programa Estado Solid\u00e1rio e foi institu\u00eddo pela Lei n\u00ba 14.310, de 24 de mar\u00e7o de 2021.<\/p>\n<p>\u201cInfelizmente, estamos vivendo uma grave crise econ\u00f4mica no Brasil. Muitas fam\u00edlias est\u00e3o passando dificuldades com o aumento da extrema pobreza no pa\u00eds. A prorroga\u00e7\u00e3o deste benef\u00edcio vai contribuir para que os estudantes possam continuar indo \u00e0 escola e mantendo a sua frequ\u00eancia escolar\u201d, destacou o governador Rui Costa.<\/p>\n<p>O Bolsa Presen\u00e7a destina R$ 150, por m\u00eas, para as fam\u00edlias dos estudantes da rede estadual de ensino, cadastradas no Cad\u00danico e em condi\u00e7\u00f5es de vulnerabilidade socioecon\u00f4mica. O objetivo \u00e9 estimular a perman\u00eancia, no processo de aprendizagem escolar, dos estudantes da rede estadual, considerando as especificidades da educa\u00e7\u00e3o contextualizada e inclusiva. A ades\u00e3o ao programa ser\u00e1 realizada pelo aluno, se maior de idade, ou por seu respons\u00e1vel legal, mediante o preenchimento e assinatura de Termo de Compromisso na unidade escolar.<\/p>\n<\/div>\n","protected":false},"excerpt":{"rendered":"<p>O Governo do Estado ampliou a vig\u00eancia e a concess\u00e3o do Programa Bolsa Presen\u00e7a, com a implanta\u00e7\u00e3o da segunda etapa, conforme portaria n\u00ba 1522\/2021 (https:\/\/bit.ly\/2XZdSlO) publicada pela Secretaria da Educa\u00e7\u00e3o do Estado (SEC) , nesta quinta-feira (30), no Di\u00e1rio Oficial. A portaria estabelece que a segunda edi\u00e7\u00e3o do Programa Bolsa Presen\u00e7a ter\u00e1 a dura\u00e7\u00e3o de [&hellip;]<\/p>\n","protected":false},"author":2,"featured_media":0,"comment_status":"open","ping_status":"open","sticky":false,"template":"","format":"standard","meta":{"_links_to":"","_links_to_target":""},"categories":[7,9,8,1],"tags":[],"_links":{"self":[{"href":"https:\/\/www.ilheusnoticias.net.br\/v1\/wp-json\/wp\/v2\/posts\/28122"}],"collection":[{"href":"https:\/\/www.ilheusnoticias.net.br\/v1\/wp-json\/wp\/v2\/posts"}],"about":[{"href":"https:\/\/www.ilheusnoticias.net.br\/v1\/wp-json\/wp\/v2\/types\/post"}],"author":[{"embeddable":true,"href":"https:\/\/www.ilheusnoticias.net.br\/v1\/wp-json\/wp\/v2\/users\/2"}],"replies":[{"embeddable":true,"href":"https:\/\/www.ilheusnoticias.net.br\/v1\/wp-json\/wp\/v2\/comments?post=28122"}],"version-history":[{"count":1,"href":"https:\/\/www.ilheusnoticias.net.br\/v1\/wp-json\/wp\/v2\/posts\/28122\/revisions"}],"predecessor-version":[{"id":28123,"href":"https:\/\/www.ilheusnoticias.net.br\/v1\/wp-json\/wp\/v2\/posts\/28122\/revisions\/28123"}],"wp:attachment":[{"href":"https:\/\/www.ilheusnoticias.net.br\/v1\/wp-json\/wp\/v2\/media?parent=28122"}],"wp:term":[{"taxonomy":"category","embeddable":true,"href":"https:\/\/www.ilheusnoticias.net.br\/v1\/wp-json\/wp\/v2\/categories?post=28122"},{"taxonomy":"post_tag","embeddable":true,"href":"https:\/\/www.ilheusnoticias.net.br\/v1\/wp-json\/wp\/v2\/tags?post=28122"}],"curies":[{"name":"wp","href":"https:\/\/api.w.org\/{rel}","templated":true}]}}