{"id":28100,"date":"2021-09-29T14:09:50","date_gmt":"2021-09-29T17:09:50","guid":{"rendered":"http:\/\/www.ilheusnoticias.net.br\/v1\/?p=28100"},"modified":"2021-09-29T14:09:50","modified_gmt":"2021-09-29T17:09:50","slug":"beneficiarios-da-lei-aldir-blanc-devem-prestar-contas-ate-o-dia-30-de-setembro-amanha","status":"publish","type":"post","link":"https:\/\/www.ilheusnoticias.net.br\/v1\/2021\/09\/29\/beneficiarios-da-lei-aldir-blanc-devem-prestar-contas-ate-o-dia-30-de-setembro-amanha\/","title":{"rendered":"Benefici\u00e1rios da Lei Aldir Blanc devem prestar contas at\u00e9 o dia 30 de setembro, amanh\u00e3"},"content":{"rendered":"<h3><\/h3>\n<div class=\"imagem thumbnail col-xs-12 col-sm-8 col-md-6 col-lg-6 imagem-materia\"><a class=\"fresco\" title=\"\" href=\"https:\/\/portalfacilarquivos.blob.core.windows.net\/uploads\/ILHEUS\/imgOrig\/%7B34D774EE-ECA6-1ABA-ED0D-5EB5A03DA2DC%7D.jpg\" data-fresco-caption=\"\"><img loading=\"lazy\" title=\"\" src=\"https:\/\/portalfacilarquivos.blob.core.windows.net\/uploads\/ILHEUS\/img\/%7B34D774EE-ECA6-1ABA-ED0D-5EB5A03DA2DC%7D\/%7B34D774EE-ECA6-1ABA-ED0D-5EB5A03DA2DC%7D_650X450.jpg\" alt=\"Casa de Cultura Jorge Amado\" width=\"650\" height=\"450\" \/><\/a><\/div>\n<p>A secretaria especial de Cultura da Prefeitura de Ilh\u00e9us vem a p\u00fablico informar que o prazo final para os benefici\u00e1rios do subs\u00eddio da Lei Aldir Blanc prestarem contas \u00e9 at\u00e9 esta quinta-feira, 30 de setembro.<\/p>\n<p>O detalhamento sobre as orienta\u00e7\u00f5es e recebimento das referidas presta\u00e7\u00f5es de contas encontra-se na portaria\u00a0N\u00ba\u00a0256 publicada em 2 de setembro de 2021. Mais informa\u00e7\u00f5es est\u00e3o dispon\u00edveis na secretaria especial de Cultura. Telefone: (73) 3231-7531.<\/p>\n","protected":false},"excerpt":{"rendered":"<p>A secretaria especial de Cultura da Prefeitura de Ilh\u00e9us vem a p\u00fablico informar que o prazo final para os benefici\u00e1rios do subs\u00eddio da Lei Aldir Blanc prestarem contas \u00e9 at\u00e9 esta quinta-feira, 30 de setembro. O detalhamento sobre as orienta\u00e7\u00f5es e recebimento das referidas presta\u00e7\u00f5es de contas encontra-se na portaria\u00a0N\u00ba\u00a0256 publicada em 2 de setembro [&hellip;]<\/p>\n","protected":false},"author":2,"featured_media":0,"comment_status":"open","ping_status":"open","sticky":false,"template":"","format":"standard","meta":{"_links_to":"","_links_to_target":""},"categories":[7,9,8,1],"tags":[],"_links":{"self":[{"href":"https:\/\/www.ilheusnoticias.net.br\/v1\/wp-json\/wp\/v2\/posts\/28100"}],"collection":[{"href":"https:\/\/www.ilheusnoticias.net.br\/v1\/wp-json\/wp\/v2\/posts"}],"about":[{"href":"https:\/\/www.ilheusnoticias.net.br\/v1\/wp-json\/wp\/v2\/types\/post"}],"author":[{"embeddable":true,"href":"https:\/\/www.ilheusnoticias.net.br\/v1\/wp-json\/wp\/v2\/users\/2"}],"replies":[{"embeddable":true,"href":"https:\/\/www.ilheusnoticias.net.br\/v1\/wp-json\/wp\/v2\/comments?post=28100"}],"version-history":[{"count":1,"href":"https:\/\/www.ilheusnoticias.net.br\/v1\/wp-json\/wp\/v2\/posts\/28100\/revisions"}],"predecessor-version":[{"id":28101,"href":"https:\/\/www.ilheusnoticias.net.br\/v1\/wp-json\/wp\/v2\/posts\/28100\/revisions\/28101"}],"wp:attachment":[{"href":"https:\/\/www.ilheusnoticias.net.br\/v1\/wp-json\/wp\/v2\/media?parent=28100"}],"wp:term":[{"taxonomy":"category","embeddable":true,"href":"https:\/\/www.ilheusnoticias.net.br\/v1\/wp-json\/wp\/v2\/categories?post=28100"},{"taxonomy":"post_tag","embeddable":true,"href":"https:\/\/www.ilheusnoticias.net.br\/v1\/wp-json\/wp\/v2\/tags?post=28100"}],"curies":[{"name":"wp","href":"https:\/\/api.w.org\/{rel}","templated":true}]}}