{"id":28090,"date":"2021-09-28T10:08:48","date_gmt":"2021-09-28T13:08:48","guid":{"rendered":"http:\/\/www.ilheusnoticias.net.br\/v1\/?p=28090"},"modified":"2021-09-28T10:08:48","modified_gmt":"2021-09-28T13:08:48","slug":"ilheus-mantem-repescagem-de-1a-dose-para-publico-18-2a-dose-e-dose-de-reforco-nos-postos-de-saude","status":"publish","type":"post","link":"https:\/\/www.ilheusnoticias.net.br\/v1\/2021\/09\/28\/ilheus-mantem-repescagem-de-1a-dose-para-publico-18-2a-dose-e-dose-de-reforco-nos-postos-de-saude\/","title":{"rendered":"Ilh\u00e9us mant\u00e9m repescagem de 1\u00aa dose para p\u00fablico 18+, 2\u00aa dose e dose de refor\u00e7o nos postos de sa\u00fade"},"content":{"rendered":"<h3><\/h3>\n<div class=\"imagem thumbnail col-xs-12 col-sm-8 col-md-6 col-lg-6 imagem-materia\"><a class=\"fresco\" title=\"\" href=\"https:\/\/portalfacilarquivos.blob.core.windows.net\/uploads\/ILHEUS\/imgOrig\/%7BABEB685B-2DEB-1A6D-6DDD-8BDA48EC0E1E%7D.jpeg\" data-fresco-caption=\"\"><img loading=\"lazy\" title=\"\" src=\"https:\/\/portalfacilarquivos.blob.core.windows.net\/uploads\/ILHEUS\/img\/%7BABEB685B-2DEB-1A6D-6DDD-8BDA48EC0E1E%7D\/%7BABEB685B-2DEB-1A6D-6DDD-8BDA48EC0E1E%7D_650X450.jpeg\" alt=\"Vacina\u00e7\u00e3o\" width=\"650\" height=\"450\" \/><\/a><\/div>\n<p>A Secretaria Municipal de Sa\u00fade (Sesau) dar\u00e1 continuidade nesta ter\u00e7a-feira (28) a repescagem da 1\u00aa dose da vacina contra a Covid-19 para pessoas com idade igual ou superior a 18 anos.\u00a0A estrat\u00e9gia tamb\u00e9m contempla a aplica\u00e7\u00e3o da\u00a02\u00aa dose de todos os imunizantes\u00a0para o p\u00fablico com data marcada\u00a0at\u00e9 28 de setembro\u00a0e 3\u00aa dose (dose de refor\u00e7o) para idosos de 80 anos ou mais que receberam a segunda dose h\u00e1 pelo menos seis meses. Pessoas imunossuprimidas que j\u00e1 completaram 28 dias da segunda dose tamb\u00e9m podem comparecer aos pontos de imuniza\u00e7\u00e3o.<\/p>\n<p><strong>A Sesau informa que nesta ter\u00e7a-feira o servi\u00e7o estar\u00e1 dispon\u00edvel\u00a0<\/strong><b>exclusivamente<\/b>\u00a0<strong>nas 14 unidades de sa\u00fade,\u00a0conforme hor\u00e1rios espec\u00edficos.<\/strong>\u00a0As ampolas ser\u00e3o abertas at\u00e9 30 minutos antes do t\u00e9rmino do servi\u00e7o, visto que o imunizante possui tempo determinado de validade ap\u00f3s a abertura dos frascos.<\/p>\n<p><strong>Documenta\u00e7\u00e3o<\/strong>\u00a0&#8211; Para tomar a 1\u00aa dose o p\u00fablico deve portar CPF, cart\u00e3o do SUS, comprovante de resid\u00eancia e cart\u00e3o de vacina\u00e7\u00e3o, caso possua. J\u00e1 para receber a 2\u00aa dose \u00e9 imprescind\u00edvel a apresenta\u00e7\u00e3o do CPF, cart\u00e3o SUS e cart\u00e3o de vacina\u00e7\u00e3o constando a primeira aplica\u00e7\u00e3o.<\/p>\n<p>A dose de refor\u00e7o ser\u00e1 aplicada mediante apresenta\u00e7\u00e3o do CPF, cart\u00e3o do SUS, comprovante de resid\u00eancia e cart\u00e3o de vacina\u00e7\u00e3o constando as duas aplica\u00e7\u00f5es. Os imunossuprimidos tamb\u00e9m devem apresentar o laudo ou relat\u00f3rio m\u00e9dico que comprove a comorbidade.<\/p>\n<p>Vacine-se! Vacina salva vidas!<\/p>\n<p><strong>Locais:<\/strong><\/p>\n<p>&#8211; Unidades de Sa\u00fade<\/p>\n<p><strong>M\u00f3dulo Sul:<\/strong><\/p>\n<p>&#8211; ESF Nossa Senhora da Vit\u00f3ria, das 13h \u00e0s 15h30;<\/p>\n<p>&#8211; ESF do Ilh\u00e9us II, UBS do Hernani S\u00e1 e UBS de Oliven\u00e7a, das 8h \u00e0s 11h30;<\/p>\n<p>&#8211; UBS do Nelson Costa, das 13h \u00e0s 16h<\/p>\n<p><strong>M\u00f3dulo Norte:<\/strong><\/p>\n<p>&#8211; UBS Sarah Kubitscheck, das 13h \u00e0s 16h30<\/p>\n<p>&#8211; UBS Avenida Esperan\u00e7a, das 8h \u00e0s 11h30<\/p>\n<p><strong>M\u00f3dulo Centro:<\/strong><\/p>\n<p>&#8211; UBS Conquista, UBS Santa Dulce dos Pobres (Avenida Princesa Isabel) e ESF do Bas\u00edlio, das 8h \u00e0s 11h30;<\/p>\n<p>&#8211; CAE III (antigo Sesp), das 13h \u00e0s 16h30<\/p>\n<p><strong>M\u00f3dulo Oeste:<\/strong><\/p>\n<p>&#8211; UBS Euler \u00c1zaro e ESF do Salobrinho, das 8h \u00e0s 11h30;<\/p>\n<p><strong>&#8211; UBS do Banco da Vit\u00f3ria, apenas \u00e0s ter\u00e7as e quintas-feiras, das 8h \u00e0s 11h30<\/strong><\/p>\n","protected":false},"excerpt":{"rendered":"<p>A Secretaria Municipal de Sa\u00fade (Sesau) dar\u00e1 continuidade nesta ter\u00e7a-feira (28) a repescagem da 1\u00aa dose da vacina contra a Covid-19 para pessoas com idade igual ou superior a 18 anos.\u00a0A estrat\u00e9gia tamb\u00e9m contempla a aplica\u00e7\u00e3o da\u00a02\u00aa dose de todos os imunizantes\u00a0para o p\u00fablico com data marcada\u00a0at\u00e9 28 de setembro\u00a0e 3\u00aa dose (dose de refor\u00e7o) [&hellip;]<\/p>\n","protected":false},"author":2,"featured_media":0,"comment_status":"open","ping_status":"open","sticky":false,"template":"","format":"standard","meta":{"_links_to":"","_links_to_target":""},"categories":[7,9,8,1],"tags":[],"_links":{"self":[{"href":"https:\/\/www.ilheusnoticias.net.br\/v1\/wp-json\/wp\/v2\/posts\/28090"}],"collection":[{"href":"https:\/\/www.ilheusnoticias.net.br\/v1\/wp-json\/wp\/v2\/posts"}],"about":[{"href":"https:\/\/www.ilheusnoticias.net.br\/v1\/wp-json\/wp\/v2\/types\/post"}],"author":[{"embeddable":true,"href":"https:\/\/www.ilheusnoticias.net.br\/v1\/wp-json\/wp\/v2\/users\/2"}],"replies":[{"embeddable":true,"href":"https:\/\/www.ilheusnoticias.net.br\/v1\/wp-json\/wp\/v2\/comments?post=28090"}],"version-history":[{"count":1,"href":"https:\/\/www.ilheusnoticias.net.br\/v1\/wp-json\/wp\/v2\/posts\/28090\/revisions"}],"predecessor-version":[{"id":28091,"href":"https:\/\/www.ilheusnoticias.net.br\/v1\/wp-json\/wp\/v2\/posts\/28090\/revisions\/28091"}],"wp:attachment":[{"href":"https:\/\/www.ilheusnoticias.net.br\/v1\/wp-json\/wp\/v2\/media?parent=28090"}],"wp:term":[{"taxonomy":"category","embeddable":true,"href":"https:\/\/www.ilheusnoticias.net.br\/v1\/wp-json\/wp\/v2\/categories?post=28090"},{"taxonomy":"post_tag","embeddable":true,"href":"https:\/\/www.ilheusnoticias.net.br\/v1\/wp-json\/wp\/v2\/tags?post=28090"}],"curies":[{"name":"wp","href":"https:\/\/api.w.org\/{rel}","templated":true}]}}