{"id":2809,"date":"2016-12-04T12:09:24","date_gmt":"2016-12-04T15:09:24","guid":{"rendered":"http:\/\/www.ilheusnoticias.net.br\/v1\/?p=2809"},"modified":"2016-12-04T12:09:24","modified_gmt":"2016-12-04T15:09:24","slug":"ceo-modas-sera-o-secretario-de-industria-e-comercio-no-governo-marao","status":"publish","type":"post","link":"https:\/\/www.ilheusnoticias.net.br\/v1\/2016\/12\/04\/ceo-modas-sera-o-secretario-de-industria-e-comercio-no-governo-marao\/","title":{"rendered":"Ceo Modas ser\u00e1 o Secret\u00e1rio de Ind\u00fastria e Com\u00e9rcio no governo Mar\u00e3o"},"content":{"rendered":"<h2 class=\"PostHeaderIcon-wrapper\"><img loading=\"lazy\" class=\"wp-image-10331\" src=\"http:\/\/www.fabiorobertonoticias.com.br\/v1\/wp-content\/uploads\/2016\/12\/1450124_1741586266074831_4259265658637204476_n.jpg\" sizes=\"(max-width: 550px) 100vw, 550px\" srcset=\"http:\/\/www.fabiorobertonoticias.com.br\/v1\/wp-content\/uploads\/2016\/12\/1450124_1741586266074831_4259265658637204476_n.jpg 960w, http:\/\/www.fabiorobertonoticias.com.br\/v1\/wp-content\/uploads\/2016\/12\/1450124_1741586266074831_4259265658637204476_n-300x169.jpg 300w, http:\/\/www.fabiorobertonoticias.com.br\/v1\/wp-content\/uploads\/2016\/12\/1450124_1741586266074831_4259265658637204476_n-768x432.jpg 768w\" alt=\"1450124_1741586266074831_4259265658637204476_n\" width=\"550\" height=\"309\" \/><\/h2>\n<div class=\"PostContent\">\n<div id=\"attachment_10331\" class=\"wp-caption aligncenter\">\n<p class=\"wp-caption-text\">Ceo ladeado dos aliados \u00c2ngela Sousa e Bebeto Galv\u00e3o.<\/p>\n<\/div>\n<p>O martelo j\u00e1 est\u00e1 praticamente batido em torno do nome do secret\u00e1rio de Ind\u00fastria e Com\u00e9rcio no governo eleito M\u00e1rio Alexandre (PSD). Trata-se do empres\u00e1rio conhecido como C\u00e9o Modas, dono de uma rede de lojas de confec\u00e7\u00f5es e membro da igreja Batista Lindin\u00f3polis.<\/p>\n<p><!--more--><\/p>\n<p>Conforme informa\u00e7\u00f5es chegadas \u00e0 reda\u00e7\u00e3o do FRN, o deputado federal irm\u00e3o L\u00e1zaro (PSC) \u00e9 o principal respons\u00e1vel pela articula\u00e7\u00e3o do aliado, ap\u00f3s anunciar apoio ao prefeito Mar\u00e3o, e assumir o compromisso de incluir emendas parlamentares para o munic\u00edpio de Ilh\u00e9us.<\/p>\n<p>A lista dos poss\u00edveis secret\u00e1rios da administra\u00e7\u00e3o pesedista j\u00e1 est\u00e1 praticamente definida, faltando decidir as secretarias de educa\u00e7\u00e3o e administra\u00e7\u00e3o, que est\u00e3o sendo negociadas com os vereadores em troca de apoio no legislativo ilheense.<\/p>\n<p>F\u00e1bio Roberto<\/p>\n<\/div>\n<p>&nbsp;<\/p>\n","protected":false},"excerpt":{"rendered":"<p>Ceo ladeado dos aliados \u00c2ngela Sousa e Bebeto Galv\u00e3o. O martelo j\u00e1 est\u00e1 praticamente batido em torno do nome do secret\u00e1rio de Ind\u00fastria e Com\u00e9rcio no governo eleito M\u00e1rio Alexandre (PSD). Trata-se do empres\u00e1rio conhecido como C\u00e9o Modas, dono de uma rede de lojas de confec\u00e7\u00f5es e membro da igreja Batista Lindin\u00f3polis.<\/p>\n","protected":false},"author":2,"featured_media":0,"comment_status":"open","ping_status":"open","sticky":false,"template":"","format":"standard","meta":{"_links_to":"","_links_to_target":""},"categories":[9],"tags":[],"_links":{"self":[{"href":"https:\/\/www.ilheusnoticias.net.br\/v1\/wp-json\/wp\/v2\/posts\/2809"}],"collection":[{"href":"https:\/\/www.ilheusnoticias.net.br\/v1\/wp-json\/wp\/v2\/posts"}],"about":[{"href":"https:\/\/www.ilheusnoticias.net.br\/v1\/wp-json\/wp\/v2\/types\/post"}],"author":[{"embeddable":true,"href":"https:\/\/www.ilheusnoticias.net.br\/v1\/wp-json\/wp\/v2\/users\/2"}],"replies":[{"embeddable":true,"href":"https:\/\/www.ilheusnoticias.net.br\/v1\/wp-json\/wp\/v2\/comments?post=2809"}],"version-history":[{"count":1,"href":"https:\/\/www.ilheusnoticias.net.br\/v1\/wp-json\/wp\/v2\/posts\/2809\/revisions"}],"predecessor-version":[{"id":2810,"href":"https:\/\/www.ilheusnoticias.net.br\/v1\/wp-json\/wp\/v2\/posts\/2809\/revisions\/2810"}],"wp:attachment":[{"href":"https:\/\/www.ilheusnoticias.net.br\/v1\/wp-json\/wp\/v2\/media?parent=2809"}],"wp:term":[{"taxonomy":"category","embeddable":true,"href":"https:\/\/www.ilheusnoticias.net.br\/v1\/wp-json\/wp\/v2\/categories?post=2809"},{"taxonomy":"post_tag","embeddable":true,"href":"https:\/\/www.ilheusnoticias.net.br\/v1\/wp-json\/wp\/v2\/tags?post=2809"}],"curies":[{"name":"wp","href":"https:\/\/api.w.org\/{rel}","templated":true}]}}