{"id":28086,"date":"2021-09-28T10:02:22","date_gmt":"2021-09-28T13:02:22","guid":{"rendered":"http:\/\/www.ilheusnoticias.net.br\/v1\/?p=28086"},"modified":"2021-09-28T10:02:22","modified_gmt":"2021-09-28T13:02:22","slug":"suspeito-de-agredir-atriz-trans-e-ouvido-pela-policia","status":"publish","type":"post","link":"https:\/\/www.ilheusnoticias.net.br\/v1\/2021\/09\/28\/suspeito-de-agredir-atriz-trans-e-ouvido-pela-policia\/","title":{"rendered":"Suspeito de agredir atriz trans  \u00e9 ouvido pela pol\u00edcia"},"content":{"rendered":"<div class=\"post-outer\">\n<div class=\"post hentry\">\n<div class=\"post-footer\">\n<div class=\"post-footer-line post-footer-line-1\">\n<div class=\"post-share-buttons goog-inline-block\"><\/div>\n<\/div>\n<\/div>\n<\/div>\n<\/div>\n<div class=\"post-outer\">\n<div class=\"post hentry\">\n<div id=\"post-body-4843287223006977124\" class=\"post-body entry-content\">\n<div class=\"separator\"><a href=\"https:\/\/1.bp.blogspot.com\/-SRsoGQi5F4o\/YVLsKC2gXDI\/AAAAAAAApVY\/5b6uZBPlMHYdYI0Yl_xRN9JCO6xuSC3tACLcBGAsYHQ\/s984\/aadfgf.jpeg\"><img loading=\"lazy\" src=\"https:\/\/1.bp.blogspot.com\/-SRsoGQi5F4o\/YVLsKC2gXDI\/AAAAAAAApVY\/5b6uZBPlMHYdYI0Yl_xRN9JCO6xuSC3tACLcBGAsYHQ\/w501-h429\/aadfgf.jpeg\" alt=\"\" width=\"501\" height=\"429\" border=\"0\" data-original-height=\"842\" data-original-width=\"984\" \/><\/a><\/div>\n<p>O homem suspeito de agredir a atriz trans Marcella Maia, em Cara\u00edva, distrito tur\u00edstico do sul da Bahia, foi ouvido nesta segunda-feira (27), na Delegacia Especial de Atendimento \u00e0 Mulher (Deam) de Porto Seguro. Detalhes do depoimento n\u00e3o foram divulgados.<\/p>\n<p>Em um v\u00eddeo enviado para a TV Santa Cruz, afiliada da TV Globo, Marcella Maia falou um pouco sobre o preconceito sofrido. Al\u00e9m do suspeito, testemunhas tamb\u00e9m foram ouvidas nesta segunda.<\/p>\n<p>&#8220;Estou cansada, eu preciso falar, eu preciso n\u00e3o est\u00e1 mais com medo. Eu quero falar que a den\u00fancia serve para a gente lutar contra isso&#8221;, disse a atriz que faz parte do elenco da pr\u00f3xima novela das 19h da Globo, &#8220;Quanto Mais vida Melhor&#8221;.<\/p>\n<\/div>\n<\/div>\n<\/div>\n","protected":false},"excerpt":{"rendered":"<p>O homem suspeito de agredir a atriz trans Marcella Maia, em Cara\u00edva, distrito tur\u00edstico do sul da Bahia, foi ouvido nesta segunda-feira (27), na Delegacia Especial de Atendimento \u00e0 Mulher (Deam) de Porto Seguro. Detalhes do depoimento n\u00e3o foram divulgados. Em um v\u00eddeo enviado para a TV Santa Cruz, afiliada da TV Globo, Marcella Maia [&hellip;]<\/p>\n","protected":false},"author":2,"featured_media":0,"comment_status":"open","ping_status":"open","sticky":false,"template":"","format":"standard","meta":{"_links_to":"","_links_to_target":""},"categories":[7,9,8,1,5],"tags":[],"_links":{"self":[{"href":"https:\/\/www.ilheusnoticias.net.br\/v1\/wp-json\/wp\/v2\/posts\/28086"}],"collection":[{"href":"https:\/\/www.ilheusnoticias.net.br\/v1\/wp-json\/wp\/v2\/posts"}],"about":[{"href":"https:\/\/www.ilheusnoticias.net.br\/v1\/wp-json\/wp\/v2\/types\/post"}],"author":[{"embeddable":true,"href":"https:\/\/www.ilheusnoticias.net.br\/v1\/wp-json\/wp\/v2\/users\/2"}],"replies":[{"embeddable":true,"href":"https:\/\/www.ilheusnoticias.net.br\/v1\/wp-json\/wp\/v2\/comments?post=28086"}],"version-history":[{"count":1,"href":"https:\/\/www.ilheusnoticias.net.br\/v1\/wp-json\/wp\/v2\/posts\/28086\/revisions"}],"predecessor-version":[{"id":28087,"href":"https:\/\/www.ilheusnoticias.net.br\/v1\/wp-json\/wp\/v2\/posts\/28086\/revisions\/28087"}],"wp:attachment":[{"href":"https:\/\/www.ilheusnoticias.net.br\/v1\/wp-json\/wp\/v2\/media?parent=28086"}],"wp:term":[{"taxonomy":"category","embeddable":true,"href":"https:\/\/www.ilheusnoticias.net.br\/v1\/wp-json\/wp\/v2\/categories?post=28086"},{"taxonomy":"post_tag","embeddable":true,"href":"https:\/\/www.ilheusnoticias.net.br\/v1\/wp-json\/wp\/v2\/tags?post=28086"}],"curies":[{"name":"wp","href":"https:\/\/api.w.org\/{rel}","templated":true}]}}