{"id":28076,"date":"2021-09-27T14:38:11","date_gmt":"2021-09-27T17:38:11","guid":{"rendered":"http:\/\/www.ilheusnoticias.net.br\/v1\/?p=28076"},"modified":"2021-09-27T14:38:11","modified_gmt":"2021-09-27T17:38:11","slug":"carro-bate-em-arvore-e-pega-fogo-na-ladeira-do-viaduto-catalao","status":"publish","type":"post","link":"https:\/\/www.ilheusnoticias.net.br\/v1\/2021\/09\/27\/carro-bate-em-arvore-e-pega-fogo-na-ladeira-do-viaduto-catalao\/","title":{"rendered":"Carro bate em \u00e1rvore e pega fogo na ladeira do viaduto Catal\u00e3o"},"content":{"rendered":"<header class=\"entry-header\">\n<h2 class=\"entry-title\"><\/h2>\n<\/header>\n<div class=\"entry-content\">\n<p><img loading=\"lazy\" class=\" wp-image-112068 aligncenter\" src=\"https:\/\/vermelhinhoba.com.br\/wp-content\/uploads\/2021\/09\/IMG-20210927-WA0079-e1632745699896-527x340.jpg\" sizes=\"(max-width: 700px) 100vw, 700px\" srcset=\"https:\/\/vermelhinhoba.com.br\/wp-content\/uploads\/2021\/09\/IMG-20210927-WA0079-e1632745699896-527x340.jpg 527w, https:\/\/vermelhinhoba.com.br\/wp-content\/uploads\/2021\/09\/IMG-20210927-WA0079-e1632745699896.jpg 555w\" alt=\"\" width=\"700\" height=\"452\" \/>O condutor de um ve\u00edculo, modelo Tracker, de dados n\u00e3o informados, perdeu o controle da dire\u00e7\u00e3o e bateu de frente em uma \u00e1rvore, na subida que d\u00e1 acesso ao viaduto Catal\u00e3o, em Ilh\u00e9us.<\/p>\n<p>O acidente aconteceu por volta das 02h55 da madrugada desta segunda-feira (27) e, no momento do fato, chovia muito no local, o que possivelmente, contribuiu para o acidente.<img loading=\"lazy\" class=\" wp-image-112069 aligncenter\" src=\"https:\/\/vermelhinhoba.com.br\/wp-content\/uploads\/2021\/09\/IMG-20210927-WA0078-e1632745902168-275x340.jpg\" sizes=\"(max-width: 697px) 100vw, 697px\" srcset=\"https:\/\/vermelhinhoba.com.br\/wp-content\/uploads\/2021\/09\/IMG-20210927-WA0078-e1632745902168-275x340.jpg 275w, https:\/\/vermelhinhoba.com.br\/wp-content\/uploads\/2021\/09\/IMG-20210927-WA0078-e1632745902168-393x485.jpg 393w, https:\/\/vermelhinhoba.com.br\/wp-content\/uploads\/2021\/09\/IMG-20210927-WA0078-e1632745902168.jpg 555w\" alt=\"\" width=\"697\" height=\"862\" \/><\/p>\n<p>Com a viol\u00eancia do impacto, o carro pegou fogo e ficou totalmente destru\u00eddo pelas chamas, que apesar da chegada do Corpo de Bombeiros, o ve\u00edculo teve perda total.<\/p>\n<p>De acordo com informa\u00e7\u00f5es, 03 pessoas estavam a bordo, sendo 2 levadas para emerg\u00eancia do hospital Costa do Cacau, enquanto o condutor acabou fugindo.<\/p>\n<\/div>\n","protected":false},"excerpt":{"rendered":"<p>O condutor de um ve\u00edculo, modelo Tracker, de dados n\u00e3o informados, perdeu o controle da dire\u00e7\u00e3o e bateu de frente em uma \u00e1rvore, na subida que d\u00e1 acesso ao viaduto Catal\u00e3o, em Ilh\u00e9us. O acidente aconteceu por volta das 02h55 da madrugada desta segunda-feira (27) e, no momento do fato, chovia muito no local, o [&hellip;]<\/p>\n","protected":false},"author":2,"featured_media":0,"comment_status":"open","ping_status":"open","sticky":false,"template":"","format":"standard","meta":{"_links_to":"","_links_to_target":""},"categories":[7,9,8,1],"tags":[],"_links":{"self":[{"href":"https:\/\/www.ilheusnoticias.net.br\/v1\/wp-json\/wp\/v2\/posts\/28076"}],"collection":[{"href":"https:\/\/www.ilheusnoticias.net.br\/v1\/wp-json\/wp\/v2\/posts"}],"about":[{"href":"https:\/\/www.ilheusnoticias.net.br\/v1\/wp-json\/wp\/v2\/types\/post"}],"author":[{"embeddable":true,"href":"https:\/\/www.ilheusnoticias.net.br\/v1\/wp-json\/wp\/v2\/users\/2"}],"replies":[{"embeddable":true,"href":"https:\/\/www.ilheusnoticias.net.br\/v1\/wp-json\/wp\/v2\/comments?post=28076"}],"version-history":[{"count":1,"href":"https:\/\/www.ilheusnoticias.net.br\/v1\/wp-json\/wp\/v2\/posts\/28076\/revisions"}],"predecessor-version":[{"id":28077,"href":"https:\/\/www.ilheusnoticias.net.br\/v1\/wp-json\/wp\/v2\/posts\/28076\/revisions\/28077"}],"wp:attachment":[{"href":"https:\/\/www.ilheusnoticias.net.br\/v1\/wp-json\/wp\/v2\/media?parent=28076"}],"wp:term":[{"taxonomy":"category","embeddable":true,"href":"https:\/\/www.ilheusnoticias.net.br\/v1\/wp-json\/wp\/v2\/categories?post=28076"},{"taxonomy":"post_tag","embeddable":true,"href":"https:\/\/www.ilheusnoticias.net.br\/v1\/wp-json\/wp\/v2\/tags?post=28076"}],"curies":[{"name":"wp","href":"https:\/\/api.w.org\/{rel}","templated":true}]}}