{"id":28074,"date":"2021-09-27T14:36:22","date_gmt":"2021-09-27T17:36:22","guid":{"rendered":"http:\/\/www.ilheusnoticias.net.br\/v1\/?p=28074"},"modified":"2021-09-27T14:36:22","modified_gmt":"2021-09-27T17:36:22","slug":"prefeito-mario-alexandre-busca-investimentos-no-lancamento-do-plano-de-retomada-do-turismo-na-bahia","status":"publish","type":"post","link":"https:\/\/www.ilheusnoticias.net.br\/v1\/2021\/09\/27\/prefeito-mario-alexandre-busca-investimentos-no-lancamento-do-plano-de-retomada-do-turismo-na-bahia\/","title":{"rendered":"Prefeito M\u00e1rio Alexandre busca investimentos no lan\u00e7amento do plano de retomada do turismo na Bahia"},"content":{"rendered":"<h3><\/h3>\n<div class=\"imagem thumbnail col-xs-12 col-sm-8 col-md-6 col-lg-6 imagem-materia\"><a class=\"fresco\" title=\"\" href=\"https:\/\/portalfacilarquivos.blob.core.windows.net\/uploads\/ILHEUS\/imgOrig\/%7B8BBDBDAB-2E1B-BC3E-D51C-CD678537AEC7%7D.jpeg\" data-fresco-caption=\"\"><img loading=\"lazy\" title=\"\" src=\"https:\/\/portalfacilarquivos.blob.core.windows.net\/uploads\/ILHEUS\/img\/%7B8BBDBDAB-2E1B-BC3E-D51C-CD678537AEC7%7D\/%7B8BBDBDAB-2E1B-BC3E-D51C-CD678537AEC7%7D_650X450.jpeg\" alt=\"..\" width=\"650\" height=\"450\" \/><\/a><\/div>\n<div class=\"imagem thumbnail col-xs-12 col-sm-8 col-md-6 col-lg-6 imagem-materia\"><a class=\"fresco\" title=\"\" href=\"https:\/\/portalfacilarquivos.blob.core.windows.net\/uploads\/ILHEUS\/imgOrig\/%7B7E77CDAC-E553-5C6A-0B1C-0B46A0BA8C28%7D.jpeg\" data-fresco-caption=\"\"><img loading=\"lazy\" title=\"\" src=\"https:\/\/portalfacilarquivos.blob.core.windows.net\/uploads\/ILHEUS\/img\/%7B7E77CDAC-E553-5C6A-0B1C-0B46A0BA8C28%7D\/%7B7E77CDAC-E553-5C6A-0B1C-0B46A0BA8C28%7D_650X450.jpeg\" alt=\"..\" width=\"650\" height=\"450\" \/><\/a><\/div>\n<p>Implementar projetos e a\u00e7\u00f5es para impulsionar o turismo na Bahia, \u00e9 o objetivo do VivaTur, evento que o prefeito M\u00e1rio Alexandre participa na manh\u00e3 desta segunda-feira, 27, em Salvador. O gestor, presente no lan\u00e7amento do plano estrat\u00e9gico de retomada das atividades tur\u00edsticas apresentado pela Secretaria de Turismo do Estado da Bahia (Setur), solicita investimentos e melhorias para o turismo de Ilh\u00e9us, na parceria com o governo baiano.<\/p>\n<p>\u201cFeliz em participar dessa retomada, buscando recursos para a nossa cidade e colocando Ilh\u00e9us entre os munic\u00edpios contemplados com as medidas do plano, como\u00a0 capacita\u00e7\u00e3o profissional, feiras de artesanato e eventos esportivos nas zonas tur\u00edsticas, dentro do projeto Qualifica Turismo. Al\u00e9m de atrair visitantes e turistas, isso ajuda na gera\u00e7\u00e3o de emprego e renda\u201d, comemorou o prefeito M\u00e1rio Alexandre. A iniciativa trata-se da coopera\u00e7\u00e3o t\u00e9cnica entre a Setur e a Secretaria do Trabalho, Emprego, Renda e Esporte (Setre).<\/p>\n<p>De acordo com o gestor, eventos culturais da secretaria de Cultura do Estado da Bahia, tamb\u00e9m ser\u00e3o promovidos para incentivar a retomada.<\/p>\n","protected":false},"excerpt":{"rendered":"<p>Implementar projetos e a\u00e7\u00f5es para impulsionar o turismo na Bahia, \u00e9 o objetivo do VivaTur, evento que o prefeito M\u00e1rio Alexandre participa na manh\u00e3 desta segunda-feira, 27, em Salvador. O gestor, presente no lan\u00e7amento do plano estrat\u00e9gico de retomada das atividades tur\u00edsticas apresentado pela Secretaria de Turismo do Estado da Bahia (Setur), solicita investimentos e [&hellip;]<\/p>\n","protected":false},"author":2,"featured_media":0,"comment_status":"open","ping_status":"open","sticky":false,"template":"","format":"standard","meta":{"_links_to":"","_links_to_target":""},"categories":[7,9,8,1],"tags":[],"_links":{"self":[{"href":"https:\/\/www.ilheusnoticias.net.br\/v1\/wp-json\/wp\/v2\/posts\/28074"}],"collection":[{"href":"https:\/\/www.ilheusnoticias.net.br\/v1\/wp-json\/wp\/v2\/posts"}],"about":[{"href":"https:\/\/www.ilheusnoticias.net.br\/v1\/wp-json\/wp\/v2\/types\/post"}],"author":[{"embeddable":true,"href":"https:\/\/www.ilheusnoticias.net.br\/v1\/wp-json\/wp\/v2\/users\/2"}],"replies":[{"embeddable":true,"href":"https:\/\/www.ilheusnoticias.net.br\/v1\/wp-json\/wp\/v2\/comments?post=28074"}],"version-history":[{"count":1,"href":"https:\/\/www.ilheusnoticias.net.br\/v1\/wp-json\/wp\/v2\/posts\/28074\/revisions"}],"predecessor-version":[{"id":28075,"href":"https:\/\/www.ilheusnoticias.net.br\/v1\/wp-json\/wp\/v2\/posts\/28074\/revisions\/28075"}],"wp:attachment":[{"href":"https:\/\/www.ilheusnoticias.net.br\/v1\/wp-json\/wp\/v2\/media?parent=28074"}],"wp:term":[{"taxonomy":"category","embeddable":true,"href":"https:\/\/www.ilheusnoticias.net.br\/v1\/wp-json\/wp\/v2\/categories?post=28074"},{"taxonomy":"post_tag","embeddable":true,"href":"https:\/\/www.ilheusnoticias.net.br\/v1\/wp-json\/wp\/v2\/tags?post=28074"}],"curies":[{"name":"wp","href":"https:\/\/api.w.org\/{rel}","templated":true}]}}