{"id":28072,"date":"2021-09-27T14:34:59","date_gmt":"2021-09-27T17:34:59","guid":{"rendered":"http:\/\/www.ilheusnoticias.net.br\/v1\/?p=28072"},"modified":"2021-09-27T14:34:59","modified_gmt":"2021-09-27T17:34:59","slug":"prefeitura-de-ilheus-prorroga-refis-por-mais-30-dias","status":"publish","type":"post","link":"https:\/\/www.ilheusnoticias.net.br\/v1\/2021\/09\/27\/prefeitura-de-ilheus-prorroga-refis-por-mais-30-dias\/","title":{"rendered":"Prefeitura de Ilh\u00e9us prorroga Refis por mais 30 dias"},"content":{"rendered":"<h3><\/h3>\n<div class=\"imagem thumbnail col-xs-12 col-sm-8 col-md-6 col-lg-6 imagem-materia\"><a class=\"fresco\" title=\"\" href=\"https:\/\/portalfacilarquivos.blob.core.windows.net\/uploads\/ILHEUS\/imgOrig\/%7BDC41AA1A-CBC2-CCCC-1CC8-31AC7B2D0B30%7D.jpg\" data-fresco-caption=\"\"><img loading=\"lazy\" title=\"\" src=\"https:\/\/portalfacilarquivos.blob.core.windows.net\/uploads\/ILHEUS\/img\/%7BDC41AA1A-CBC2-CCCC-1CC8-31AC7B2D0B30%7D\/%7BDC41AA1A-CBC2-CCCC-1CC8-31AC7B2D0B30%7D_650X450.jpg\" alt=\"Pal\u00e1cio Paranagu\u00e1\" width=\"650\" height=\"450\" \/><\/a><\/div>\n<p>Com a prorroga\u00e7\u00e3o do Refis (Programa Especial de Recupera\u00e7\u00e3o de Cr\u00e9dito Judicial) por mais 30 dias, em Ilh\u00e9us, os contribuintes que ainda n\u00e3o regularizaram seus d\u00e9bitos tribut\u00e1rios junto ao Munic\u00edpio, ter\u00e3o uma nova chance para aproveitar as vantagens da redu\u00e7\u00e3o de juros e multas. O prefeito M\u00e1rio Alexandre baixou o decreto no dia 22 de setembro, e o acesso ao programa com a negocia\u00e7\u00e3o dos d\u00e9bitos j\u00e1 pode ser feito no setor de Tributos situado no Pal\u00e1cio Paranagu\u00e1, Centro da cidade.<\/p>\n<p>A medida foi tomada em raz\u00e3o do estado de calamidade p\u00fablica gerado pela pandemia do coronav\u00edrus (Covid-19) e a consequente crise financeira ocasionada pelos efeitos econ\u00f4micos da\u00ed provenientes. Com fundamento no art. 11 da Lei municipal n\u00ba 4.022, de 2019, a prorroga\u00e7\u00e3o chega em um momento importante para quem quer chegar ao final do ano com as contas em dia.<\/p>\n","protected":false},"excerpt":{"rendered":"<p>Com a prorroga\u00e7\u00e3o do Refis (Programa Especial de Recupera\u00e7\u00e3o de Cr\u00e9dito Judicial) por mais 30 dias, em Ilh\u00e9us, os contribuintes que ainda n\u00e3o regularizaram seus d\u00e9bitos tribut\u00e1rios junto ao Munic\u00edpio, ter\u00e3o uma nova chance para aproveitar as vantagens da redu\u00e7\u00e3o de juros e multas. O prefeito M\u00e1rio Alexandre baixou o decreto no dia 22 de [&hellip;]<\/p>\n","protected":false},"author":2,"featured_media":0,"comment_status":"open","ping_status":"open","sticky":false,"template":"","format":"standard","meta":{"_links_to":"","_links_to_target":""},"categories":[7,9,8,1],"tags":[],"_links":{"self":[{"href":"https:\/\/www.ilheusnoticias.net.br\/v1\/wp-json\/wp\/v2\/posts\/28072"}],"collection":[{"href":"https:\/\/www.ilheusnoticias.net.br\/v1\/wp-json\/wp\/v2\/posts"}],"about":[{"href":"https:\/\/www.ilheusnoticias.net.br\/v1\/wp-json\/wp\/v2\/types\/post"}],"author":[{"embeddable":true,"href":"https:\/\/www.ilheusnoticias.net.br\/v1\/wp-json\/wp\/v2\/users\/2"}],"replies":[{"embeddable":true,"href":"https:\/\/www.ilheusnoticias.net.br\/v1\/wp-json\/wp\/v2\/comments?post=28072"}],"version-history":[{"count":1,"href":"https:\/\/www.ilheusnoticias.net.br\/v1\/wp-json\/wp\/v2\/posts\/28072\/revisions"}],"predecessor-version":[{"id":28073,"href":"https:\/\/www.ilheusnoticias.net.br\/v1\/wp-json\/wp\/v2\/posts\/28072\/revisions\/28073"}],"wp:attachment":[{"href":"https:\/\/www.ilheusnoticias.net.br\/v1\/wp-json\/wp\/v2\/media?parent=28072"}],"wp:term":[{"taxonomy":"category","embeddable":true,"href":"https:\/\/www.ilheusnoticias.net.br\/v1\/wp-json\/wp\/v2\/categories?post=28072"},{"taxonomy":"post_tag","embeddable":true,"href":"https:\/\/www.ilheusnoticias.net.br\/v1\/wp-json\/wp\/v2\/tags?post=28072"}],"curies":[{"name":"wp","href":"https:\/\/api.w.org\/{rel}","templated":true}]}}