{"id":28070,"date":"2021-09-27T14:30:43","date_gmt":"2021-09-27T17:30:43","guid":{"rendered":"http:\/\/www.ilheusnoticias.net.br\/v1\/?p=28070"},"modified":"2021-09-27T14:30:43","modified_gmt":"2021-09-27T17:30:43","slug":"governador-da-bahia-anuncia-convocacao-de-17-mil-pms-aprovados-em-concurso","status":"publish","type":"post","link":"https:\/\/www.ilheusnoticias.net.br\/v1\/2021\/09\/27\/governador-da-bahia-anuncia-convocacao-de-17-mil-pms-aprovados-em-concurso\/","title":{"rendered":"Governador da Bahia anuncia convoca\u00e7\u00e3o de 1,7 mil PMs aprovados em concurso"},"content":{"rendered":"<div class=\"row content-head non-featured \"><\/div>\n<div class=\"content__signa-share\">\n<div class=\"content__signature\"><\/div>\n<div class=\"content__share-bar\"><img class=\"i-amphtml-fill-content i-amphtml-replaced-content\" src=\"https:\/\/s2.glbimg.com\/MgXZERJTeyy8qmv4qslxwqZnLuY=\/0x0:1280x854\/984x0\/smart\/filters:strip_icc()\/i.s3.glbimg.com\/v1\/AUTH_59edd422c0c84a879bd37670ae4f538a\/internal_photos\/bs\/2021\/2\/2\/Agz26GSTmWHMrGG1WDSQ\/whatsapp-image-2021-09-27-at-12.07.18.jpeg\" sizes=\"(max-width: 1366px) 648px, 100vw\" srcset=\"https:\/\/s2.glbimg.com\/A8pGvLt2dEhQeGLLBRflThOgNAU=\/0x0:1280x854\/1000x0\/smart\/filters:strip_icc()\/i.s3.glbimg.com\/v1\/AUTH_59edd422c0c84a879bd37670ae4f538a\/internal_photos\/bs\/2021\/2\/2\/Agz26GSTmWHMrGG1WDSQ\/whatsapp-image-2021-09-27-at-12.07.18.jpeg 1000w, https:\/\/s2.glbimg.com\/MgXZERJTeyy8qmv4qslxwqZnLuY=\/0x0:1280x854\/984x0\/smart\/filters:strip_icc()\/i.s3.glbimg.com\/v1\/AUTH_59edd422c0c84a879bd37670ae4f538a\/internal_photos\/bs\/2021\/2\/2\/Agz26GSTmWHMrGG1WDSQ\/whatsapp-image-2021-09-27-at-12.07.18.jpeg 984w, https:\/\/s2.glbimg.com\/UAI3k0Zgbw9nP7nlDnNGJHIJ4tw=\/0x0:1280x854\/640x0\/smart\/filters:strip_icc()\/i.s3.glbimg.com\/v1\/AUTH_59edd422c0c84a879bd37670ae4f538a\/internal_photos\/bs\/2021\/2\/2\/Agz26GSTmWHMrGG1WDSQ\/whatsapp-image-2021-09-27-at-12.07.18.jpeg 640w, https:\/\/s2.glbimg.com\/-NkJXWpdDk0-fdkroVCM0NCjwl4=\/0x0:1280x854\/600x0\/smart\/filters:strip_icc()\/i.s3.glbimg.com\/v1\/AUTH_59edd422c0c84a879bd37670ae4f538a\/internal_photos\/bs\/2021\/2\/2\/Agz26GSTmWHMrGG1WDSQ\/whatsapp-image-2021-09-27-at-12.07.18.jpeg 600w\" alt=\"Governador da Bahia anuncia convoca\u00e7\u00e3o de 1,7 mil PMs aprovados em concurso \u2014 Foto: Manu Dias\/GOV-BA\" \/><\/div>\n<\/div>\n<div class=\"mc-article-body\">\n<article>\n<div class=\"row medium-uncollapsed content-media content-photo\" data-block-type=\"backstage-photo\" data-block-id=\"0\">\n<div class=\"mc-column content-media__container\">\n<p class=\"content-media__description \">Governador da Bahia anuncia convoca\u00e7\u00e3o de 1,7 mil PMs aprovados em concurso \u2014 Foto: Manu Dias\/GOV-BA<\/p>\n<\/div>\n<\/div>\n<div class=\"mc-column mc-side-item__container\" data-block-type=\"ads\" data-block-id=\"1\">\n<div class=\"mc-side-item mc-side-item--right content-ads content-ads--side-ad\">\n<div id=\"banner_materia1\" class=\"tag-manager-publicidade-container tag-manager-publicidade-banner_materia1 tag-manager-publicidade-container--carregado tag-manager-publicidade-container--visivel\" data-req=\"true\" data-cid=\"138364994490\" data-lid=\"5796341914\" data-google-query-id=\"CJmon-LWn_MCFX84uQYduRkB5Q\">\n<div id=\"google_ads_iframe_\/95377733\/tvg_G1\/Sua_Regiao&gt;Nordeste&gt;Bahia_0__container__\" style=\"box-sizing: inherit; margin: auto; padding: 0px; border: 0pt none; font: inherit; vertical-align: initial; text-align: center;\"><\/div>\n<\/div>\n<\/div>\n<\/div>\n<div class=\"mc-column content-text active-extra-styles \" data-block-type=\"unstyled\" data-block-weight=\"28\" data-block-id=\"2\">\n<p class=\"content-text__container \" data-track-category=\"Link no Texto\" data-track-links=\"\">O governador da Bahia, Rui Costa, anunciou a convoca\u00e7\u00e3o de 1.700 policiais militares aprovados no \u00faltimo concurso, nesta segunda-feira (27). No total, 2.700 candidatos passaram nas provas.<\/p>\n<\/div>\n<div class=\"wall protected-content\">\n<div class=\"mc-column content-text active-extra-styles \" data-block-type=\"unstyled\" data-block-weight=\"43\" data-block-id=\"3\">\n<p class=\"content-text__container \" data-track-category=\"Link no Texto\" data-track-links=\"\">\u201cEstamos terminando o treinamento de mil policiais e, assim que concluir esse treinamento, ser\u00e1 feito um esfor\u00e7o para treinamento de um n\u00famero maior. At\u00e9 dezembro do ano que vem, j\u00e1 deveremos ter convocado os que faltam\u201d, disse o governador, em uma entrevista coletiva.<\/p>\n<\/div>\n<div class=\"mc-column content-text active-extra-styles \" data-block-type=\"unstyled\" data-block-weight=\"48\" data-block-id=\"4\">\n<p class=\"content-text__container \" data-track-category=\"Link no Texto\" data-track-links=\"\">Rui tamb\u00e9m falou sobre o novo concurso para a Pol\u00edcia Civil, que s\u00f3 poder\u00e1 ser feito a partir de janeiro. Segundo o governador, mil vagas dever\u00e3o ser abertas. Os an\u00fancios foram feitos durante uma entrega de 49 novas viaturas da PM. A blindagem dos ve\u00edculos tamb\u00e9m foi comunicada.<\/p>\n<\/div>\n<\/div>\n<\/article>\n<\/div>\n","protected":false},"excerpt":{"rendered":"<p>Governador da Bahia anuncia convoca\u00e7\u00e3o de 1,7 mil PMs aprovados em concurso \u2014 Foto: Manu Dias\/GOV-BA O governador da Bahia, Rui Costa, anunciou a convoca\u00e7\u00e3o de 1.700 policiais militares aprovados no \u00faltimo concurso, nesta segunda-feira (27). No total, 2.700 candidatos passaram nas provas. \u201cEstamos terminando o treinamento de mil policiais e, assim que concluir esse [&hellip;]<\/p>\n","protected":false},"author":2,"featured_media":0,"comment_status":"open","ping_status":"open","sticky":false,"template":"","format":"standard","meta":{"_links_to":"","_links_to_target":""},"categories":[7,9,8,1],"tags":[],"_links":{"self":[{"href":"https:\/\/www.ilheusnoticias.net.br\/v1\/wp-json\/wp\/v2\/posts\/28070"}],"collection":[{"href":"https:\/\/www.ilheusnoticias.net.br\/v1\/wp-json\/wp\/v2\/posts"}],"about":[{"href":"https:\/\/www.ilheusnoticias.net.br\/v1\/wp-json\/wp\/v2\/types\/post"}],"author":[{"embeddable":true,"href":"https:\/\/www.ilheusnoticias.net.br\/v1\/wp-json\/wp\/v2\/users\/2"}],"replies":[{"embeddable":true,"href":"https:\/\/www.ilheusnoticias.net.br\/v1\/wp-json\/wp\/v2\/comments?post=28070"}],"version-history":[{"count":1,"href":"https:\/\/www.ilheusnoticias.net.br\/v1\/wp-json\/wp\/v2\/posts\/28070\/revisions"}],"predecessor-version":[{"id":28071,"href":"https:\/\/www.ilheusnoticias.net.br\/v1\/wp-json\/wp\/v2\/posts\/28070\/revisions\/28071"}],"wp:attachment":[{"href":"https:\/\/www.ilheusnoticias.net.br\/v1\/wp-json\/wp\/v2\/media?parent=28070"}],"wp:term":[{"taxonomy":"category","embeddable":true,"href":"https:\/\/www.ilheusnoticias.net.br\/v1\/wp-json\/wp\/v2\/categories?post=28070"},{"taxonomy":"post_tag","embeddable":true,"href":"https:\/\/www.ilheusnoticias.net.br\/v1\/wp-json\/wp\/v2\/tags?post=28070"}],"curies":[{"name":"wp","href":"https:\/\/api.w.org\/{rel}","templated":true}]}}