{"id":28064,"date":"2021-09-25T13:11:24","date_gmt":"2021-09-25T16:11:24","guid":{"rendered":"http:\/\/www.ilheusnoticias.net.br\/v1\/?p=28064"},"modified":"2021-09-25T13:11:24","modified_gmt":"2021-09-25T16:11:24","slug":"pediatra-pode-ter-sido-morto-por-alertar-familia-sobre-suposto-abuso-sexual-contra-crianca-atendida-por-ele-diz-irmao-da-vitima","status":"publish","type":"post","link":"https:\/\/www.ilheusnoticias.net.br\/v1\/2021\/09\/25\/pediatra-pode-ter-sido-morto-por-alertar-familia-sobre-suposto-abuso-sexual-contra-crianca-atendida-por-ele-diz-irmao-da-vitima\/","title":{"rendered":"Pediatra pode ter sido morto por alertar fam\u00edlia sobre suposto abuso sexual contra crian\u00e7a atendida por ele, diz irm\u00e3o da v\u00edtima"},"content":{"rendered":"<div id=\"glb-topo\" class=\"glb-topo\" data-header=\"new\">\n<header id=\"header-produto\" class=\"header-navegacao header- header-editoria header-ready\" data-analytics=\"T\">\n<div class=\"gui-color-primary-bg header-principal header-navegacao-color\">\n<div class=\"grid-12 header-navegacao-container row\">\n<div class=\"area-principal column\">\n<div class=\"search-area header-navegacao-color\">\n<div id=\"busca-padrao\">\n<form id=\"frmBusca\" accept-charset=\"utf-8\" action=\"https:\/\/g1.globo.com\/busca\/\" method=\"get\" name=\"busca-padrao\">\n<fieldset><\/fieldset>\n<\/form>\n<\/div>\n<\/div>\n<\/div>\n<\/div>\n<\/div>\n<\/header>\n<\/div>\n<div class=\"content__signa-share\">\n<div class=\"content__signature\"><\/div>\n<div class=\"content__share-bar\">\u00a0<img class=\"i-amphtml-fill-content i-amphtml-replaced-content\" src=\"https:\/\/s2.glbimg.com\/4MZAXckufTD5YOoLELIX_7RXswU=\/0x0:1000x779\/984x0\/smart\/filters:strip_icc()\/i.s3.glbimg.com\/v1\/AUTH_59edd422c0c84a879bd37670ae4f538a\/internal_photos\/bs\/2021\/Y\/Q\/mk4VQsSA6vD09UdbSjaQ\/whatsapp-image-2021-09-24-at-14.22.51-1-.jpg\" sizes=\"(max-width: 1366px) 648px, 100vw\" srcset=\"https:\/\/s2.glbimg.com\/28zpH9v9xgzbVXO8mGEEAi3vt10=\/0x0:1000x779\/1000x0\/smart\/filters:strip_icc()\/i.s3.glbimg.com\/v1\/AUTH_59edd422c0c84a879bd37670ae4f538a\/internal_photos\/bs\/2021\/Y\/Q\/mk4VQsSA6vD09UdbSjaQ\/whatsapp-image-2021-09-24-at-14.22.51-1-.jpg 1000w, https:\/\/s2.glbimg.com\/4MZAXckufTD5YOoLELIX_7RXswU=\/0x0:1000x779\/984x0\/smart\/filters:strip_icc()\/i.s3.glbimg.com\/v1\/AUTH_59edd422c0c84a879bd37670ae4f538a\/internal_photos\/bs\/2021\/Y\/Q\/mk4VQsSA6vD09UdbSjaQ\/whatsapp-image-2021-09-24-at-14.22.51-1-.jpg 984w, https:\/\/s2.glbimg.com\/oUzHY8FZrvzgOOQxEL4o7K2xS1E=\/0x0:1000x779\/640x0\/smart\/filters:strip_icc()\/i.s3.glbimg.com\/v1\/AUTH_59edd422c0c84a879bd37670ae4f538a\/internal_photos\/bs\/2021\/Y\/Q\/mk4VQsSA6vD09UdbSjaQ\/whatsapp-image-2021-09-24-at-14.22.51-1-.jpg 640w, https:\/\/s2.glbimg.com\/rtQwpTla0R1Yte-CLIs3Y_wyuTI=\/0x0:1000x779\/600x0\/smart\/filters:strip_icc()\/i.s3.glbimg.com\/v1\/AUTH_59edd422c0c84a879bd37670ae4f538a\/internal_photos\/bs\/2021\/Y\/Q\/mk4VQsSA6vD09UdbSjaQ\/whatsapp-image-2021-09-24-at-14.22.51-1-.jpg 600w\" alt=\"J\u00falio C\u00e9sar atendia em v\u00e1rias cidades do norte da Bahia \u2014 Foto: Arquivo Pessoal\" \/><\/div>\n<\/div>\n<div class=\"mc-article-body\">\n<article>\n<div class=\"row medium-uncollapsed content-media content-photo\" data-block-type=\"backstage-photo\" data-block-id=\"0\">\n<div class=\"mc-column content-media__container\">\n<p class=\"content-media__description \">J\u00falio C\u00e9sar atendia em v\u00e1rias cidades do norte da Bahia \u2014 Foto: Arquivo Pessoal<\/p>\n<\/div>\n<\/div>\n<div class=\"mc-column mc-side-item__container\" data-block-type=\"ads\" data-block-id=\"1\">\n<div class=\"mc-side-item mc-side-item--right content-ads content-ads--side-ad\">\n<div id=\"banner_materia1\" class=\"tag-manager-publicidade-container tag-manager-publicidade-banner_materia1 tag-manager-publicidade-container--carregado tag-manager-publicidade-container--visivel\" data-req=\"true\" data-google-query-id=\"CNK516LBmvMCFeUDuQYdP04PVA\" data-cid=\"138364625010\" data-lid=\"5795039411\">\n<div id=\"google_ads_iframe_\/95377733\/tvg_G1\/Sua_Regiao&gt;Nordeste&gt;Bahia_0__container__\" style=\"box-sizing: inherit; margin: auto; padding: 0px; border: 0pt none; font: inherit; vertical-align: initial; text-align: center;\"><\/div>\n<\/div>\n<\/div>\n<\/div>\n<div class=\"mc-column content-text active-extra-styles \" data-block-type=\"unstyled\" data-block-weight=\"69\" data-block-id=\"2\">\n<p class=\"content-text__container \" data-track-category=\"Link no Texto\" data-track-links=\"\">O cirurgi\u00e3o-dentista Lula Teixeira, de 48 anos, que \u00e9 irm\u00e3o do\u00a0<a href=\"https:\/\/g1.globo.com\/ba\/bahia\/noticia\/2021\/09\/23\/medico-e-morto-dentro-de-clinica-na-bahia.ghtml\">pediatra J\u00falio C\u00e9sar de Queiroz Teixeira, de 44 anos, morto dentro da cl\u00ednica particular<\/a>\u00a0onde trabalhava, no oeste da Bahia, contou ao\u00a0<a href=\"https:\/\/g1.globo.com\/\"><strong>g1<\/strong><\/a>\u00a0que existe a suspeita de que o crime teria sido cometido ap\u00f3s um alerta que o pediatra deu para uma fam\u00edlia sobre uma crian\u00e7a atendida por ele, e mostrou alguns sinais de abuso sexual.<\/p>\n<\/div>\n<div class=\"wall protected-content\">\n<div class=\"bs-video-block mc-column  content-media content-video\" data-block-type=\"backstage-video\" data-block-id=\"4\">\n<div class=\"content-media__container\">\n<div class=\"content-video__bigger-player-description-fixer\">\n<article class=\"content-video\">\n<section class=\"content-video__video-container\">\n<div class=\"content-video__video\">\n<div class=\"content-video__placeholder\" data-video-id=\"9886613\"><img class=\"content-video__placeholder__thumb\" title=\"V\u00eddeo mostra correria de clientes no momento que m\u00e9dico \u00e9 morto dentro de cl\u00ednica na BA\" src=\"https:\/\/s02.video.glbimg.com\/x240\/9886613.jpg\" alt=\"V\u00eddeo mostra correria de clientes no momento que m\u00e9dico \u00e9 morto dentro de cl\u00ednica na BA\" \/><\/div>\n<div id=\"wp3-player-2\" class=\"clappr-player\" tabindex=\"9999\" data-player=\"\">\n<div class=\"dfp-ad-overlay dfp-ad-overlay--poster-mode\"><\/div>\n<\/div>\n<\/div>\n<\/section>\n<\/article>\n<\/div>\n<\/div>\n<\/div>\n<div class=\"mc-column content-text active-extra-styles \" data-block-type=\"unstyled\" data-block-weight=\"78\" data-block-id=\"5\">\n<p class=\"content-text__container \" data-track-category=\"Link no Texto\" data-track-links=\"\">&#8220;Apareceram muitas conversas aqui que est\u00e3o investigando para realmente saber o que aconteceu. Teve essa conversa de que a crian\u00e7a chegou molestada e ele falou que tinha que ir para Irec\u00ea [cidade no centro-norte da Bahia], que Irec\u00ea que tinha o departamento para investigar, ver direito, n\u00e9? Mas isso tem um tempo, porque ele como m\u00e9dico tem por obriga\u00e7\u00e3o ver uma quest\u00e3o dessa e alertar a m\u00e3e e o pessoal para procurar a pol\u00edcia&#8221;, disse Lula Teixeira.<\/p>\n<\/div>\n<\/div>\n<\/article>\n<\/div>\n","protected":false},"excerpt":{"rendered":"<p>\u00a0 J\u00falio C\u00e9sar atendia em v\u00e1rias cidades do norte da Bahia \u2014 Foto: Arquivo Pessoal O cirurgi\u00e3o-dentista Lula Teixeira, de 48 anos, que \u00e9 irm\u00e3o do\u00a0pediatra J\u00falio C\u00e9sar de Queiroz Teixeira, de 44 anos, morto dentro da cl\u00ednica particular\u00a0onde trabalhava, no oeste da Bahia, contou ao\u00a0g1\u00a0que existe a suspeita de que o crime teria sido [&hellip;]<\/p>\n","protected":false},"author":2,"featured_media":0,"comment_status":"open","ping_status":"open","sticky":false,"template":"","format":"standard","meta":{"_links_to":"","_links_to_target":""},"categories":[7,9,8,1,5],"tags":[],"_links":{"self":[{"href":"https:\/\/www.ilheusnoticias.net.br\/v1\/wp-json\/wp\/v2\/posts\/28064"}],"collection":[{"href":"https:\/\/www.ilheusnoticias.net.br\/v1\/wp-json\/wp\/v2\/posts"}],"about":[{"href":"https:\/\/www.ilheusnoticias.net.br\/v1\/wp-json\/wp\/v2\/types\/post"}],"author":[{"embeddable":true,"href":"https:\/\/www.ilheusnoticias.net.br\/v1\/wp-json\/wp\/v2\/users\/2"}],"replies":[{"embeddable":true,"href":"https:\/\/www.ilheusnoticias.net.br\/v1\/wp-json\/wp\/v2\/comments?post=28064"}],"version-history":[{"count":1,"href":"https:\/\/www.ilheusnoticias.net.br\/v1\/wp-json\/wp\/v2\/posts\/28064\/revisions"}],"predecessor-version":[{"id":28065,"href":"https:\/\/www.ilheusnoticias.net.br\/v1\/wp-json\/wp\/v2\/posts\/28064\/revisions\/28065"}],"wp:attachment":[{"href":"https:\/\/www.ilheusnoticias.net.br\/v1\/wp-json\/wp\/v2\/media?parent=28064"}],"wp:term":[{"taxonomy":"category","embeddable":true,"href":"https:\/\/www.ilheusnoticias.net.br\/v1\/wp-json\/wp\/v2\/categories?post=28064"},{"taxonomy":"post_tag","embeddable":true,"href":"https:\/\/www.ilheusnoticias.net.br\/v1\/wp-json\/wp\/v2\/tags?post=28064"}],"curies":[{"name":"wp","href":"https:\/\/api.w.org\/{rel}","templated":true}]}}