{"id":28056,"date":"2021-09-25T12:59:46","date_gmt":"2021-09-25T15:59:46","guid":{"rendered":"http:\/\/www.ilheusnoticias.net.br\/v1\/?p=28056"},"modified":"2021-09-25T12:59:46","modified_gmt":"2021-09-25T15:59:46","slug":"em-camacari-rui-inaugura-duas-escolas-com-um-investimento-de-mais-de-r-7-milhoes","status":"publish","type":"post","link":"https:\/\/www.ilheusnoticias.net.br\/v1\/2021\/09\/25\/em-camacari-rui-inaugura-duas-escolas-com-um-investimento-de-mais-de-r-7-milhoes\/","title":{"rendered":"Em Cama\u00e7ari, Rui inaugura duas escolas com um investimento de mais de R$ 7 milh\u00f5es"},"content":{"rendered":"<h2 class=\"PostHeaderIcon-wrapper\"><\/h2>\n<div class=\"PostMetadataHeader\"><\/div>\n<div class=\"PostContent\">\n<p><a href=\"http:\/\/www.blogdothame.blog.br\/v1\/wp-content\/uploads\/2021\/09\/camaracai-3.jpeg\"><img loading=\"lazy\" class=\"aligncenter  wp-image-124494\" src=\"http:\/\/www.blogdothame.blog.br\/v1\/wp-content\/uploads\/2021\/09\/camaracai-3-300x200.jpeg\" alt=\"camaracai (3)\" width=\"389\" height=\"259\" \/><\/a><\/p>\n<p>Em visita ao munic\u00edpio de Cama\u00e7ari, na manh\u00e3 desta sexta-feira (24), o governador Rui Costa entregou duas novas escolas que ir\u00e3o refor\u00e7ar a rede estadual de ensino na Regi\u00e3o Metropolitana de Salvador (RMS). As duas unidades est\u00e3o localizadas nas comunidades de Monte Gordo e Arembepe, e somam um investimento de mais de R$ 7,3 milh\u00f5es. Ao todo, 2.189 estudantes ser\u00e3o beneficiados.<\/p>\n<p><a href=\"http:\/\/www.blogdothame.blog.br\/v1\/wp-content\/uploads\/2021\/09\/camaracai-1.jpeg\"><img loading=\"lazy\" class=\"alignright size-medium wp-image-124493\" src=\"http:\/\/www.blogdothame.blog.br\/v1\/wp-content\/uploads\/2021\/09\/camaracai-1-300x200.jpeg\" alt=\"camaracai (1)\" width=\"300\" height=\"200\" \/><\/a><\/p>\n<p>\u201cEstamos entregando escolas modernas para que os alunos possam estudar e tamb\u00e9m fazer atividades esportivas e culturais, j\u00e1 que as unidades contam com equipamentos como quadras, biblioteca e audit\u00f3rio. Al\u00e9m disso, iremos viabilizar condi\u00e7\u00f5es para que os dois col\u00e9gios funcionem em tempo integral, oferecendo a estrutura necess\u00e1ria para acomodar os estudantes nos dois turnos\u201d, explicou o governador.<br \/>\nO Col\u00e9gio Estadual de Monte Gordo, que contou com recursos da ordem de R$ 4,3 milh\u00f5es, possui oito salas de aula, administrativo, audit\u00f3rio, refeit\u00f3rio, biblioteca, laborat\u00f3rio, dois quiosques, quadra poliesportiva coberta, vesti\u00e1rio, guarita e casa de lixo.<\/p>\n<\/div>\n","protected":false},"excerpt":{"rendered":"<p>Em visita ao munic\u00edpio de Cama\u00e7ari, na manh\u00e3 desta sexta-feira (24), o governador Rui Costa entregou duas novas escolas que ir\u00e3o refor\u00e7ar a rede estadual de ensino na Regi\u00e3o Metropolitana de Salvador (RMS). As duas unidades est\u00e3o localizadas nas comunidades de Monte Gordo e Arembepe, e somam um investimento de mais de R$ 7,3 milh\u00f5es. [&hellip;]<\/p>\n","protected":false},"author":2,"featured_media":0,"comment_status":"open","ping_status":"open","sticky":false,"template":"","format":"standard","meta":{"_links_to":"","_links_to_target":""},"categories":[7,9,8,1],"tags":[],"_links":{"self":[{"href":"https:\/\/www.ilheusnoticias.net.br\/v1\/wp-json\/wp\/v2\/posts\/28056"}],"collection":[{"href":"https:\/\/www.ilheusnoticias.net.br\/v1\/wp-json\/wp\/v2\/posts"}],"about":[{"href":"https:\/\/www.ilheusnoticias.net.br\/v1\/wp-json\/wp\/v2\/types\/post"}],"author":[{"embeddable":true,"href":"https:\/\/www.ilheusnoticias.net.br\/v1\/wp-json\/wp\/v2\/users\/2"}],"replies":[{"embeddable":true,"href":"https:\/\/www.ilheusnoticias.net.br\/v1\/wp-json\/wp\/v2\/comments?post=28056"}],"version-history":[{"count":1,"href":"https:\/\/www.ilheusnoticias.net.br\/v1\/wp-json\/wp\/v2\/posts\/28056\/revisions"}],"predecessor-version":[{"id":28057,"href":"https:\/\/www.ilheusnoticias.net.br\/v1\/wp-json\/wp\/v2\/posts\/28056\/revisions\/28057"}],"wp:attachment":[{"href":"https:\/\/www.ilheusnoticias.net.br\/v1\/wp-json\/wp\/v2\/media?parent=28056"}],"wp:term":[{"taxonomy":"category","embeddable":true,"href":"https:\/\/www.ilheusnoticias.net.br\/v1\/wp-json\/wp\/v2\/categories?post=28056"},{"taxonomy":"post_tag","embeddable":true,"href":"https:\/\/www.ilheusnoticias.net.br\/v1\/wp-json\/wp\/v2\/tags?post=28056"}],"curies":[{"name":"wp","href":"https:\/\/api.w.org\/{rel}","templated":true}]}}