{"id":2805,"date":"2016-12-04T12:06:17","date_gmt":"2016-12-04T15:06:17","guid":{"rendered":"http:\/\/www.ilheusnoticias.net.br\/v1\/?p=2805"},"modified":"2016-12-04T12:43:30","modified_gmt":"2016-12-04T15:43:30","slug":"amanha-saeb-reabrira-as-inscricoes-no-concurso-da-agerba","status":"publish","type":"post","link":"https:\/\/www.ilheusnoticias.net.br\/v1\/2016\/12\/04\/amanha-saeb-reabrira-as-inscricoes-no-concurso-da-agerba\/","title":{"rendered":"Amanh\u00e3 Saeb  reabrir\u00e1 as inscri\u00e7\u00f5es no concurso da Agerba"},"content":{"rendered":"<h2 class=\"PostHeaderIcon-wrapper\"><\/h2>\n<div class=\"PostContent\">Ser\u00e3o reabertas, amanh\u00e3 segunda-feira (5), as inscri\u00e7\u00f5es para o concurso da Ag\u00eancia Estadual de Regula\u00e7\u00e3o de Servi\u00e7os P\u00fablicos de Energia, Transportes e Comunica\u00e7\u00f5es da Bahia (Agerba). Esta e outras informa\u00e7\u00f5es est\u00e3o dispon\u00edveis no novo cronograma do concurso, a ser publicado no Di\u00e1rio Oficial do Estado (DOE) deste s\u00e1bado (3). As inscri\u00e7\u00f5es ser\u00e3o realizadas exclusivamente pela internet, no <strong><a href=\"http:\/\/www.ibfc.org.br\/\" target=\"_blank\">site da organizadora do certame<\/a><\/strong>, o Instituto Brasileiro de Forma\u00e7\u00e3o e Capacita\u00e7\u00e3o, at\u00e9 o dia 3 de janeiro de 2017, observando o hor\u00e1rio de Bras\u00edlia.De acordo com o edital do certame, publicado no dia 17 de novembro, ser\u00e3o ofertadas 60 vagas \u2013 24 para o cargo de Especialista em Regula\u00e7\u00e3o e 36 para T\u00e9cnico em Regula\u00e7\u00e3o \u2013 sendo que 30% deste total s\u00e3o reservados a candidatos que se declararem negros e 5% para pessoas com defici\u00eancia. O concurso \u00e9 promovido pela Secretaria da Administra\u00e7\u00e3o do Estado (Saeb) e atende ao Termo de Ajustamento de Conduta (TAC), assinado entre Agerba e Minist\u00e9rio P\u00fablico Estadual. Para o cargo de Especialista em Regula\u00e7\u00e3o, a inscri\u00e7\u00e3o custa R$ 140. J\u00e1 para T\u00e9cnico, o valor ser\u00e1 R$ 70. O candidato somente poder\u00e1 realizar uma inscri\u00e7\u00e3o para o referido concurso.<br \/>\n<strong><br \/>\nN\u00edvel superior<\/strong><\/p>\n<p><!--more--><\/p>\n<p>Para concorrer ao cargo de Especialista em Regula\u00e7\u00e3o, o candidato deve possuir forma\u00e7\u00e3o superior em Administra\u00e7\u00e3o, Ci\u00eancias Econ\u00f4micas, Ci\u00eancias Cont\u00e1beis, Direito, Estat\u00edstica, Arquitetura, Engenharia Civil, Engenharia El\u00e9trica, Engenharia Qu\u00edmica, Engenharia de Computa\u00e7\u00e3o, Engenharia Mec\u00e2nica, Engenharia Naval, Engenharia de Transportes, Ci\u00eancia da Computa\u00e7\u00e3o, Processamento de Dados, An\u00e1lise de Sistemas, Inform\u00e1tica, Sistemas de Informa\u00e7\u00e3o ou Tecnologia da Informa\u00e7\u00e3o.<\/p>\n<p>As 24 vagas ofertadas ser\u00e3o distribu\u00eddas entre Salvador, para a sede da Agerba (20 vagas), e os munic\u00edpios de Barreiras (1 vaga), Bom Jesus da Lapa (1 vaga), Seabra (1 vaga) e Teixeira de Freitas (1 vaga) \u2013 sendo seis reservadas para negros e uma para pessoas com defici\u00eancia, todas em Salvador. Em todos os casos, a fun\u00e7\u00e3o ter\u00e1 carga hor\u00e1ria de 40 horas semanais e a remunera\u00e7\u00e3o inicial ser\u00e1 no valor de R$ R$ 6.021,64.<br \/>\n<span id=\"more-55927\"><\/span><\/p>\n<p><strong>N\u00edvel m\u00e9dio\/t\u00e9cnico<\/strong><\/p>\n<p>J\u00e1 para o cargo de T\u00e9cnico em Regula\u00e7\u00e3o \u00e9 exigido o Ensino M\u00e9dio, desde que o candidato apresente certificado reconhecido do Minist\u00e9rio da Educa\u00e7\u00e3o (MEC), ou t\u00e9cnico profissionalizante, desde que observadas as Diretrizes Curriculares Nacionais para a Educa\u00e7\u00e3o Profissional de N\u00edvel T\u00e9cnico.<\/p>\n<p>As 36 vagas ser\u00e3o distribu\u00eddas por Salvador (15 vagas) e pelos munic\u00edpios de Alagoinhas (2 vagas), Barreiras (3 vagas), Bom Jesus da Lapa (2 vagas), Feira de Santana (2 vagas), Itabuna (2 vagas), Jequi\u00e9 (1 vaga), Juazeiro (2 vagas), Santo Ant\u00f4nio de Jesus (1 vaga), Seabra (3 vagas), Teixeira de Freitas (2 vagas) e Vit\u00f3ria da Conquista (1 vaga). Deste total, seis ser\u00e3o reservadas para negros (Barreiras, Salvador e Seabra) e uma para pessoas com defici\u00eancia (Salvador). Em todos os casos, a fun\u00e7\u00e3o ter\u00e1 carga hor\u00e1ria de 40 horas semanais e a remunera\u00e7\u00e3o inicial ser\u00e1 no valor de R$ 2.146,37.<\/p>\n<\/div>\n<p>&nbsp;<\/p>\n","protected":false},"excerpt":{"rendered":"<p>Ser\u00e3o reabertas, amanh\u00e3 segunda-feira (5), as inscri\u00e7\u00f5es para o concurso da Ag\u00eancia Estadual de Regula\u00e7\u00e3o de Servi\u00e7os P\u00fablicos de Energia, Transportes e Comunica\u00e7\u00f5es da Bahia (Agerba). Esta e outras informa\u00e7\u00f5es est\u00e3o dispon\u00edveis no novo cronograma do concurso, a ser publicado no Di\u00e1rio Oficial do Estado (DOE) deste s\u00e1bado (3). As inscri\u00e7\u00f5es ser\u00e3o realizadas exclusivamente pela [&hellip;]<\/p>\n","protected":false},"author":2,"featured_media":0,"comment_status":"open","ping_status":"open","sticky":false,"template":"","format":"standard","meta":{"_links_to":"","_links_to_target":""},"categories":[1],"tags":[],"_links":{"self":[{"href":"https:\/\/www.ilheusnoticias.net.br\/v1\/wp-json\/wp\/v2\/posts\/2805"}],"collection":[{"href":"https:\/\/www.ilheusnoticias.net.br\/v1\/wp-json\/wp\/v2\/posts"}],"about":[{"href":"https:\/\/www.ilheusnoticias.net.br\/v1\/wp-json\/wp\/v2\/types\/post"}],"author":[{"embeddable":true,"href":"https:\/\/www.ilheusnoticias.net.br\/v1\/wp-json\/wp\/v2\/users\/2"}],"replies":[{"embeddable":true,"href":"https:\/\/www.ilheusnoticias.net.br\/v1\/wp-json\/wp\/v2\/comments?post=2805"}],"version-history":[{"count":3,"href":"https:\/\/www.ilheusnoticias.net.br\/v1\/wp-json\/wp\/v2\/posts\/2805\/revisions"}],"predecessor-version":[{"id":2824,"href":"https:\/\/www.ilheusnoticias.net.br\/v1\/wp-json\/wp\/v2\/posts\/2805\/revisions\/2824"}],"wp:attachment":[{"href":"https:\/\/www.ilheusnoticias.net.br\/v1\/wp-json\/wp\/v2\/media?parent=2805"}],"wp:term":[{"taxonomy":"category","embeddable":true,"href":"https:\/\/www.ilheusnoticias.net.br\/v1\/wp-json\/wp\/v2\/categories?post=2805"},{"taxonomy":"post_tag","embeddable":true,"href":"https:\/\/www.ilheusnoticias.net.br\/v1\/wp-json\/wp\/v2\/tags?post=2805"}],"curies":[{"name":"wp","href":"https:\/\/api.w.org\/{rel}","templated":true}]}}