{"id":28047,"date":"2021-09-23T08:36:26","date_gmt":"2021-09-23T11:36:26","guid":{"rendered":"http:\/\/www.ilheusnoticias.net.br\/v1\/?p=28047"},"modified":"2021-09-23T08:36:26","modified_gmt":"2021-09-23T11:36:26","slug":"em-itapitanga-rui-assina-ordem-de-servico-para-recuperacao-da-ba-651-e-entrega-equipamento-para-consorcio","status":"publish","type":"post","link":"https:\/\/www.ilheusnoticias.net.br\/v1\/2021\/09\/23\/em-itapitanga-rui-assina-ordem-de-servico-para-recuperacao-da-ba-651-e-entrega-equipamento-para-consorcio\/","title":{"rendered":"Em Itapitanga, Rui assina ordem de servi\u00e7o para recupera\u00e7\u00e3o da BA-651 e entrega equipamento para cons\u00f3rcio"},"content":{"rendered":"<h2 class=\"PostHeaderIcon-wrapper\"><\/h2>\n<div class=\"PostMetadataHeader\"><\/div>\n<div class=\"PostMetadataHeader\"><a href=\"http:\/\/www.ilheusnoticias.net.br\/v1\/wp-content\/uploads\/2020\/08\/ruicosta.jpg\" rel=\"attachment wp-att-24952\"><img loading=\"lazy\" class=\"aligncenter size-full wp-image-24952\" src=\"http:\/\/www.ilheusnoticias.net.br\/v1\/wp-content\/uploads\/2020\/08\/ruicosta.jpg\" alt=\"ruicosta.jpg\" width=\"600\" height=\"420\" srcset=\"https:\/\/www.ilheusnoticias.net.br\/v1\/wp-content\/uploads\/2020\/08\/ruicosta.jpg 600w, https:\/\/www.ilheusnoticias.net.br\/v1\/wp-content\/uploads\/2020\/08\/ruicosta-300x210.jpg 300w\" sizes=\"(max-width: 600px) 100vw, 600px\" \/><\/a><\/div>\n<div class=\"PostContent\">\n<p>Na manh\u00e3 desta quinta-feira (23), \u00e0s 9h, o governador Rui Costa estar\u00e1 no munic\u00edpio de Itapitanga, no sul do estado, para a assinatura da ordem de servi\u00e7o autorizando a restaura\u00e7\u00e3o da pavimenta\u00e7\u00e3o na BA-651. A obra, que ser\u00e1 coordenada pela Secretaria de Infraestrutura do Estado (Seinfra), vai promover a recupera\u00e7\u00e3o do trecho da rodovia que liga os munic\u00edpios de Itapitanga a Coaraci.<\/p>\n<p>O governador tamb\u00e9m entregar\u00e1 uma motoniveladora para o Cons\u00f3rcio de Desenvolvimento Sustent\u00e1vel do Territ\u00f3rio Litoral Sul (CDS Litoral Sul). O equipamento foi adquirido via Secretaria da Agricultura do Estado (Seagri). Al\u00e9m disso, ele vai autorizar a Superintend\u00eancia dos Desportos do Estado (Sudesb) a realizar licita\u00e7\u00e3o para constru\u00e7\u00e3o de Areninha Campo Society.<\/p>\n<\/div>\n","protected":false},"excerpt":{"rendered":"<p>Na manh\u00e3 desta quinta-feira (23), \u00e0s 9h, o governador Rui Costa estar\u00e1 no munic\u00edpio de Itapitanga, no sul do estado, para a assinatura da ordem de servi\u00e7o autorizando a restaura\u00e7\u00e3o da pavimenta\u00e7\u00e3o na BA-651. A obra, que ser\u00e1 coordenada pela Secretaria de Infraestrutura do Estado (Seinfra), vai promover a recupera\u00e7\u00e3o do trecho da rodovia que [&hellip;]<\/p>\n","protected":false},"author":2,"featured_media":0,"comment_status":"open","ping_status":"open","sticky":false,"template":"","format":"standard","meta":{"_links_to":"","_links_to_target":""},"categories":[7,9,8,1],"tags":[],"_links":{"self":[{"href":"https:\/\/www.ilheusnoticias.net.br\/v1\/wp-json\/wp\/v2\/posts\/28047"}],"collection":[{"href":"https:\/\/www.ilheusnoticias.net.br\/v1\/wp-json\/wp\/v2\/posts"}],"about":[{"href":"https:\/\/www.ilheusnoticias.net.br\/v1\/wp-json\/wp\/v2\/types\/post"}],"author":[{"embeddable":true,"href":"https:\/\/www.ilheusnoticias.net.br\/v1\/wp-json\/wp\/v2\/users\/2"}],"replies":[{"embeddable":true,"href":"https:\/\/www.ilheusnoticias.net.br\/v1\/wp-json\/wp\/v2\/comments?post=28047"}],"version-history":[{"count":1,"href":"https:\/\/www.ilheusnoticias.net.br\/v1\/wp-json\/wp\/v2\/posts\/28047\/revisions"}],"predecessor-version":[{"id":28048,"href":"https:\/\/www.ilheusnoticias.net.br\/v1\/wp-json\/wp\/v2\/posts\/28047\/revisions\/28048"}],"wp:attachment":[{"href":"https:\/\/www.ilheusnoticias.net.br\/v1\/wp-json\/wp\/v2\/media?parent=28047"}],"wp:term":[{"taxonomy":"category","embeddable":true,"href":"https:\/\/www.ilheusnoticias.net.br\/v1\/wp-json\/wp\/v2\/categories?post=28047"},{"taxonomy":"post_tag","embeddable":true,"href":"https:\/\/www.ilheusnoticias.net.br\/v1\/wp-json\/wp\/v2\/tags?post=28047"}],"curies":[{"name":"wp","href":"https:\/\/api.w.org\/{rel}","templated":true}]}}