{"id":28031,"date":"2021-09-21T12:27:29","date_gmt":"2021-09-21T15:27:29","guid":{"rendered":"http:\/\/www.ilheusnoticias.net.br\/v1\/?p=28031"},"modified":"2021-09-21T12:27:29","modified_gmt":"2021-09-21T15:27:29","slug":"esporte-competicao-de-futevolei-movimentou-avenida-soares-lopes-no-final-de-semana","status":"publish","type":"post","link":"https:\/\/www.ilheusnoticias.net.br\/v1\/2021\/09\/21\/esporte-competicao-de-futevolei-movimentou-avenida-soares-lopes-no-final-de-semana\/","title":{"rendered":"Esporte: Competi\u00e7\u00e3o de futev\u00f4lei movimentou Avenida Soares Lopes no final de semana"},"content":{"rendered":"<h3><\/h3>\n<p>Com o apoio log\u00edstico e estrutural da Prefeitura de Ilh\u00e9us, por meio da Secretaria Especial de Juventude, Esporte e Lazer, o final de semana foi movimentado na Avenida Soares Lopes, neste \u00faltimo final de semana. Com a realiza\u00e7\u00e3o dos coordenadores e professores do Centro de Treinamento Arena Central, instalado permanentemente em \u00e1rea da avenida, a competi\u00e7\u00e3o de futev\u00f4lei contou com a participa\u00e7\u00e3o de mais de 100 atletas no \u00faltimo s\u00e1bado e domingo, com duplas masculinas, mistas e para iniciantes.<\/p>\n<p>A pedido do prefeito M\u00e1rio Alexandre, o titular da pasta, Kaique Souza, prestigiou o evento marcando presen\u00e7a e ressaltou a import\u00e2ncia do incentivo \u00e0 pr\u00e1tica esportiva para todos, principalmente os jovens. \u201cVivemos quase um ano e meio de restri\u00e7\u00e3o de circula\u00e7\u00e3o por conta da pandemia, e as pr\u00e1ticas e eventos esportivos est\u00e3o voltando gradativamente, gra\u00e7as a Deus. A pedido do prefeito M\u00e1rio Alexandre, vim pessoalmente acompanhar essa e outras competi\u00e7\u00f5es. Nosso papel \u00e9 o de apoiar e incentivar pr\u00e1ticas como essa. O que resulta em mais qualidade de vida, lazer e inclus\u00e3o social\u201d, destacou Kaique Souza.<\/p>\n<p>Durante o final de semana, o titular da pasta, tamb\u00e9m foi conferir de perto competi\u00e7\u00f5es de futebol realizadas no campo da Barreira, na praia do Cururupe e na praia Porto da Lancha, pr\u00f3xima de Oliven\u00e7a.<\/p>\n","protected":false},"excerpt":{"rendered":"<p>Com o apoio log\u00edstico e estrutural da Prefeitura de Ilh\u00e9us, por meio da Secretaria Especial de Juventude, Esporte e Lazer, o final de semana foi movimentado na Avenida Soares Lopes, neste \u00faltimo final de semana. Com a realiza\u00e7\u00e3o dos coordenadores e professores do Centro de Treinamento Arena Central, instalado permanentemente em \u00e1rea da avenida, a [&hellip;]<\/p>\n","protected":false},"author":2,"featured_media":0,"comment_status":"open","ping_status":"open","sticky":false,"template":"","format":"standard","meta":{"_links_to":"","_links_to_target":""},"categories":[7,9,8,1],"tags":[],"_links":{"self":[{"href":"https:\/\/www.ilheusnoticias.net.br\/v1\/wp-json\/wp\/v2\/posts\/28031"}],"collection":[{"href":"https:\/\/www.ilheusnoticias.net.br\/v1\/wp-json\/wp\/v2\/posts"}],"about":[{"href":"https:\/\/www.ilheusnoticias.net.br\/v1\/wp-json\/wp\/v2\/types\/post"}],"author":[{"embeddable":true,"href":"https:\/\/www.ilheusnoticias.net.br\/v1\/wp-json\/wp\/v2\/users\/2"}],"replies":[{"embeddable":true,"href":"https:\/\/www.ilheusnoticias.net.br\/v1\/wp-json\/wp\/v2\/comments?post=28031"}],"version-history":[{"count":1,"href":"https:\/\/www.ilheusnoticias.net.br\/v1\/wp-json\/wp\/v2\/posts\/28031\/revisions"}],"predecessor-version":[{"id":28032,"href":"https:\/\/www.ilheusnoticias.net.br\/v1\/wp-json\/wp\/v2\/posts\/28031\/revisions\/28032"}],"wp:attachment":[{"href":"https:\/\/www.ilheusnoticias.net.br\/v1\/wp-json\/wp\/v2\/media?parent=28031"}],"wp:term":[{"taxonomy":"category","embeddable":true,"href":"https:\/\/www.ilheusnoticias.net.br\/v1\/wp-json\/wp\/v2\/categories?post=28031"},{"taxonomy":"post_tag","embeddable":true,"href":"https:\/\/www.ilheusnoticias.net.br\/v1\/wp-json\/wp\/v2\/tags?post=28031"}],"curies":[{"name":"wp","href":"https:\/\/api.w.org\/{rel}","templated":true}]}}