{"id":28025,"date":"2021-09-21T11:50:57","date_gmt":"2021-09-21T14:50:57","guid":{"rendered":"http:\/\/www.ilheusnoticias.net.br\/v1\/?p=28025"},"modified":"2021-09-21T11:50:57","modified_gmt":"2021-09-21T14:50:57","slug":"diario-oficial-do-estado-deixa-de-circular-versao-impressa","status":"publish","type":"post","link":"https:\/\/www.ilheusnoticias.net.br\/v1\/2021\/09\/21\/diario-oficial-do-estado-deixa-de-circular-versao-impressa\/","title":{"rendered":"Di\u00e1rio Oficial do Estado deixa de circular vers\u00e3o impressa"},"content":{"rendered":"<h2 class=\"PostHeaderIcon-wrapper\"><a href=\"http:\/\/www.blogdothame.blog.br\/v1\/wp-content\/uploads\/2021\/09\/Foto-Camila-Souza-GOVBA.jpeg\"><img loading=\"lazy\" class=\"alignleft size-medium wp-image-124273\" src=\"http:\/\/www.blogdothame.blog.br\/v1\/wp-content\/uploads\/2021\/09\/Foto-Camila-Souza-GOVBA-300x200.jpeg\" alt=\"Foto Camila Souza GOVBA\" width=\"300\" height=\"200\" \/><\/a><\/h2>\n<div class=\"PostContent\">\n<p>O Di\u00e1rio Oficial da Bahia deixa de produzir a vers\u00e3o impressa e passa a ser veiculado somente em vers\u00e3o digital. Com o objetivo de diminuir custos e atualizar ainda mais os servi\u00e7os, al\u00e9m de seguir uma tend\u00eancia mundial de preserva\u00e7\u00e3o da natureza, a partir desta ter\u00e7a-feira (21), o Di\u00e1rio Oficial permitir\u00e1 acesso imediato as suas edi\u00e7\u00f5es do dia, al\u00e9m das vers\u00f5es anteriores atrav\u00e9s da plataforma DOLL (Di\u00e1rio Oficial On \u2013 Line).<\/p>\n<p>A novidade est\u00e1 na possibilidade de o leitor obter a edi\u00e7\u00e3o do di\u00e1rio certificada, o que garante finalidade documental comprobat\u00f3ria. \u201cO di\u00e1rio oficial on-line \u00e9 uma evolu\u00e7\u00e3o, pois temos uma preocupa\u00e7\u00e3o com o meio ambiente, e por isso, o on-line vai estar num aplicativo, que at\u00e9 mesmo atrav\u00e9s do celular as pessoas podem acess\u00e1-lo e ter gratuitamente a edi\u00e7\u00e3o desejada, por\u00e9m, se o leitor necessitar de alguma edi\u00e7\u00e3o ou uma p\u00e1gina qualquer impressa, n\u00f3s vamos lhe dar uma certifica\u00e7\u00e3o digitalizada, ou seja, um di\u00e1rio oficial com validade jur\u00eddica. Vejo de uma import\u00e2ncia capital n\u00f3s acompanharmos a evolu\u00e7\u00e3o dos tempos e por isso estamos on-line com o di\u00e1rio oficial\u201d, explica o diretor-geral da Empresa Gr\u00e1fica da Bahia (Egba), Roberto Brito.<\/p>\n<\/div>\n","protected":false},"excerpt":{"rendered":"<p>O Di\u00e1rio Oficial da Bahia deixa de produzir a vers\u00e3o impressa e passa a ser veiculado somente em vers\u00e3o digital. Com o objetivo de diminuir custos e atualizar ainda mais os servi\u00e7os, al\u00e9m de seguir uma tend\u00eancia mundial de preserva\u00e7\u00e3o da natureza, a partir desta ter\u00e7a-feira (21), o Di\u00e1rio Oficial permitir\u00e1 acesso imediato as suas [&hellip;]<\/p>\n","protected":false},"author":2,"featured_media":0,"comment_status":"open","ping_status":"open","sticky":false,"template":"","format":"standard","meta":{"_links_to":"","_links_to_target":""},"categories":[7,9,8,1],"tags":[],"_links":{"self":[{"href":"https:\/\/www.ilheusnoticias.net.br\/v1\/wp-json\/wp\/v2\/posts\/28025"}],"collection":[{"href":"https:\/\/www.ilheusnoticias.net.br\/v1\/wp-json\/wp\/v2\/posts"}],"about":[{"href":"https:\/\/www.ilheusnoticias.net.br\/v1\/wp-json\/wp\/v2\/types\/post"}],"author":[{"embeddable":true,"href":"https:\/\/www.ilheusnoticias.net.br\/v1\/wp-json\/wp\/v2\/users\/2"}],"replies":[{"embeddable":true,"href":"https:\/\/www.ilheusnoticias.net.br\/v1\/wp-json\/wp\/v2\/comments?post=28025"}],"version-history":[{"count":1,"href":"https:\/\/www.ilheusnoticias.net.br\/v1\/wp-json\/wp\/v2\/posts\/28025\/revisions"}],"predecessor-version":[{"id":28026,"href":"https:\/\/www.ilheusnoticias.net.br\/v1\/wp-json\/wp\/v2\/posts\/28025\/revisions\/28026"}],"wp:attachment":[{"href":"https:\/\/www.ilheusnoticias.net.br\/v1\/wp-json\/wp\/v2\/media?parent=28025"}],"wp:term":[{"taxonomy":"category","embeddable":true,"href":"https:\/\/www.ilheusnoticias.net.br\/v1\/wp-json\/wp\/v2\/categories?post=28025"},{"taxonomy":"post_tag","embeddable":true,"href":"https:\/\/www.ilheusnoticias.net.br\/v1\/wp-json\/wp\/v2\/tags?post=28025"}],"curies":[{"name":"wp","href":"https:\/\/api.w.org\/{rel}","templated":true}]}}