{"id":28016,"date":"2021-09-20T13:22:00","date_gmt":"2021-09-20T16:22:00","guid":{"rendered":"http:\/\/www.ilheusnoticias.net.br\/v1\/?p=28016"},"modified":"2021-09-20T13:22:00","modified_gmt":"2021-09-20T16:22:00","slug":"governo-propoe-pl-que-limita-remocao-de-conteudos-em-redes-sociais","status":"publish","type":"post","link":"https:\/\/www.ilheusnoticias.net.br\/v1\/2021\/09\/20\/governo-propoe-pl-que-limita-remocao-de-conteudos-em-redes-sociais\/","title":{"rendered":"Governo prop\u00f5e PL que limita remo\u00e7\u00e3o de conte\u00fados em redes sociais"},"content":{"rendered":"<div class=\"col-lg-12 mb-3\">\n<div class=\"row\">\n<div class=\"col-10 offset-1 animated fadeInDown dealy-1100 alt-font text-center\"><span class=\"badge badge-pill badge-primary\">\u00a0<\/span><\/div>\n<h2 class=\"col-10 offset-1 animated fadeInDown dealy-750 display-6 display-md-4 display-lg-5 font-weight-bold alt-font text-center my-1\"><\/h2>\n<\/div>\n<div class=\"row\"><\/div>\n<\/div>\n<div class=\"col-xl-7 offset-xl-1 col-lg-8 offset-lg-0 col-md-10 offset-md-1 mb-3\">\n<div class=\"post-item alt-font\">\n<div class=\"post-item-wrap\">\n<p>O governo federal enviou ao Congresso um Projeto de Lei (PL) que limita a remo\u00e7\u00e3o de conte\u00fados em redes sociais com mais de 10 milh\u00f5es de usu\u00e1rios. De acordo com a Secretaria-Geral da Presid\u00eancia, a medida altera o Marco Civil da Internet (<a href=\"http:\/\/www.planalto.gov.br\/ccivil_03\/_ato2011-2014\/2014\/lei\/l12965.htm\" target=\"_blank\">Lei n\u00ba 12.965\/2014<\/a>) e a\u00a0<a href=\"http:\/\/www.planalto.gov.br\/ccivil_03\/leis\/l9610.htm\" target=\"_blank\">Lei n\u00ba 9.610\/1998<\/a>, que trata de direitos autorais, \u201cde forma a explicitar os direitos e as garantias dos usu\u00e1rios de redes sociais e prever regras relacionadas \u00e0 modera\u00e7\u00e3o de conte\u00fado pelos respectivos provedores\u201d.<img src=\"https:\/\/agenciabrasil.ebc.com.br\/ebc.png?id=1422088&amp;o=node\" alt=\"\" \/><img src=\"https:\/\/agenciabrasil.ebc.com.br\/ebc.gif?id=1422088&amp;o=node\" alt=\"\" \/><\/p>\n<p>No \u00faltimo dia 6 de setembro, o presidente Jair Bolsonaro editou uma\u00a0<a href=\"https:\/\/agenciabrasil.ebc.com.br\/geral\/noticia\/2021-09\/medida-provisoria-muda-regras-de-moderacao-em-redes-sociais\" target=\"_blank\">medida provis\u00f3ria (MP) semelhante<\/a>, que mudava essas regras, criando obst\u00e1culos para os moderadores de tais ferramentas exclu\u00edrem os conte\u00fados que julgassem falsos, por exemplo. O ato, entretanto,\u00a0<a href=\"https:\/\/agenciabrasil.ebc.com.br\/justica\/noticia\/2021-09\/ministra-do-stf-suspende-mp-que-altera-o-marco-civil-da-internet\" target=\"_blank\">foi suspenso pelo Supremo<\/a>\u00a0Tribunal Federal (STF)\u00a0no dia 14 e, no mesmo dia,\u00a0<a href=\"https:\/\/agenciabrasil.ebc.com.br\/politica\/noticia\/2021-09\/senado-devolve-mp-que-dificulta-exclusao-de-conteudos-de-redes-sociais\" target=\"_blank\">foi devolvido ao governo<\/a>\u00a0pelo presidente do Senado, Rodrigo Pacheco.<\/p>\n<p>Segundo Pacheco, a MP tratava de assuntos que, por previs\u00e3o constitucional, n\u00e3o poderiam ser tratados por tal instrumento legal. Atos adotados em media provis\u00f3ria\u00a0entram em vigor imediatamente e t\u00eam 120 dias para serem aprovados no Congresso para n\u00e3o perderem a validade.<\/p>\n<p>Assim, com o novo PL, o tema poder\u00e1 ser debatido pelos parlamentares antes de entrar em vigor. Tamb\u00e9m est\u00e1 em tramita\u00e7\u00e3o no Congresso o PL 2.630\/20, que visa combater a dissemina\u00e7\u00e3o de not\u00edcias falsas em redes sociais. O texto\u00a0<a href=\"https:\/\/agenciabrasil.ebc.com.br\/politica\/noticia\/2020-06\/senado-aprova-pl-das-fake-news-projeto-segue-para-camara\" target=\"_blank\">foi aprovado no Senado<\/a>\u00a0e est\u00e1 em debate na C\u00e2mara.<\/p>\n<p>De acordo com a Secretaria-Geral da Presid\u00eancia, o PL encaminhado pelo governo observa os princ\u00edpios da liberdade de express\u00e3o, de comunica\u00e7\u00e3o e manifesta\u00e7\u00e3o de pensamento, previstos na Constitui\u00e7\u00e3o Federal, \u201cde forma a garantir que as rela\u00e7\u00f5es entre usu\u00e1rios e provedores de redes sociais ocorram em um contexto marcado pela seguran\u00e7a jur\u00eddica e pelo respeito aos direitos fundamentais\u201d.<\/p>\n<h2>Mudan\u00e7as<\/h2>\n<p>Em nota, a pasta destacou que, atualmente, h\u00e1 cerca de 150 milh\u00f5es usu\u00e1rios de redes sociais no Brasil, o que corresponde a mais de 70% da popula\u00e7\u00e3o. \u201cA medida busca estabelecer balizas para que os provedores de redes sociais de amplo alcance, com mais de 10 milh\u00f5es de usu\u00e1rios no Brasil, possam realizar a modera\u00e7\u00e3o do conte\u00fado de suas redes sociais de modo que n\u00e3o implique em indevido cerceamento dos direitos e garantias fundamentais dos cidad\u00e3os brasileiros\u201d, diz.<\/p>\n<p>Ainda segundo a secretaria, o PL acrescenta dispositivos que \u201cgarantem o direito a informa\u00e7\u00f5es claras, p\u00fablicas e objetivas sobre quaisquer pol\u00edticas, procedimentos, medidas e instrumentos utilizados para efeito de eventual modera\u00e7\u00e3o de conte\u00fado, bem como o direito ao exerc\u00edcio do contradit\u00f3rio, ampla defesa e recurso nas hip\u00f3teses de modera\u00e7\u00e3o de conte\u00fado pelo provedor de rede social\u201d.<\/p>\n<p>Al\u00e9m disso, o projeto prev\u00ea o direito de restitui\u00e7\u00e3o do conte\u00fado publlicado pelo usu\u00e1rio na rede social, em caso de remo\u00e7\u00e3o, e a \u201cexig\u00eancia de justa causa e de motiva\u00e7\u00e3o nos casos de cancelamento ou suspens\u00e3o de funcionalidades de contas ou perfis mantidos pelos usu\u00e1rios de redes sociais, bem como nos casos de exclus\u00e3o de conte\u00fado gerado por eles\u201d.<\/p>\n<p>Finalmente, o provedor de redes sociais ser\u00e1 obrigado a notificar o usu\u00e1rio, identificando a medida adotada, apresentando a motiva\u00e7\u00e3o da decis\u00e3o de modera\u00e7\u00e3o, as informa\u00e7\u00f5es sobre prazos, canais eletr\u00f4nicos de comunica\u00e7\u00e3o e procedimentos para a contesta\u00e7\u00e3o, bem como a eventual revis\u00e3o da decis\u00e3o.<\/p>\n<\/div>\n<\/div>\n<\/div>\n","protected":false},"excerpt":{"rendered":"<p>\u00a0 O governo federal enviou ao Congresso um Projeto de Lei (PL) que limita a remo\u00e7\u00e3o de conte\u00fados em redes sociais com mais de 10 milh\u00f5es de usu\u00e1rios. De acordo com a Secretaria-Geral da Presid\u00eancia, a medida altera o Marco Civil da Internet (Lei n\u00ba 12.965\/2014) e a\u00a0Lei n\u00ba 9.610\/1998, que trata de direitos autorais, [&hellip;]<\/p>\n","protected":false},"author":2,"featured_media":0,"comment_status":"open","ping_status":"open","sticky":false,"template":"","format":"standard","meta":{"_links_to":"","_links_to_target":""},"categories":[7,9,8,1],"tags":[],"_links":{"self":[{"href":"https:\/\/www.ilheusnoticias.net.br\/v1\/wp-json\/wp\/v2\/posts\/28016"}],"collection":[{"href":"https:\/\/www.ilheusnoticias.net.br\/v1\/wp-json\/wp\/v2\/posts"}],"about":[{"href":"https:\/\/www.ilheusnoticias.net.br\/v1\/wp-json\/wp\/v2\/types\/post"}],"author":[{"embeddable":true,"href":"https:\/\/www.ilheusnoticias.net.br\/v1\/wp-json\/wp\/v2\/users\/2"}],"replies":[{"embeddable":true,"href":"https:\/\/www.ilheusnoticias.net.br\/v1\/wp-json\/wp\/v2\/comments?post=28016"}],"version-history":[{"count":1,"href":"https:\/\/www.ilheusnoticias.net.br\/v1\/wp-json\/wp\/v2\/posts\/28016\/revisions"}],"predecessor-version":[{"id":28017,"href":"https:\/\/www.ilheusnoticias.net.br\/v1\/wp-json\/wp\/v2\/posts\/28016\/revisions\/28017"}],"wp:attachment":[{"href":"https:\/\/www.ilheusnoticias.net.br\/v1\/wp-json\/wp\/v2\/media?parent=28016"}],"wp:term":[{"taxonomy":"category","embeddable":true,"href":"https:\/\/www.ilheusnoticias.net.br\/v1\/wp-json\/wp\/v2\/categories?post=28016"},{"taxonomy":"post_tag","embeddable":true,"href":"https:\/\/www.ilheusnoticias.net.br\/v1\/wp-json\/wp\/v2\/tags?post=28016"}],"curies":[{"name":"wp","href":"https:\/\/api.w.org\/{rel}","templated":true}]}}